{"id":8745,"date":"2020-10-09T02:00:07","date_gmt":"2020-10-09T02:00:07","guid":{"rendered":"http:\/\/atombroker.hu\/journal\/?p=8745"},"modified":"2020-10-06T06:13:59","modified_gmt":"2020-10-06T06:13:59","slug":"les-rencontres-du-livre-sur-la-place-nancy","status":"publish","type":"post","link":"https:\/\/atombroker.hu\/journal\/2020\/10\/09\/les-rencontres-du-livre-sur-la-place-nancy\/","title":{"rendered":"Les Rencontres Du Livre Sur La Place Nancy"},"content":{"rendered":"<p>1000 \u00e0 1700 personnes assistent r\u00e9guli\u00e8rement \u00e0 ces rendez-vous, \u00e0 ces conversations avec des auteurs de renom, qui relayent tout au long de lann\u00e9e Le Livre sur la Place. Merci pour les vid\u00e9os, celle de M.Tan est top, il est vraiment sympa et jadore Ad\u00e8le. De 17h30 \u00e0 19h ; rencontre avec lauteur autour de Une Joie F\u00e9roce Grasset suivi dune s\u00e9ance de d\u00e9dicaces Vous navez pas entr\u00e9 votre Email et ou votre code postal! Le Livre sur la Place, cest le plus grand salon litt\u00e9raire de province, qui plus est, celui de la rentr\u00e9e litt\u00e9raire., je ressens comme un honneur et un privil\u00e8ge d\u00eatre ici. Il y a une tr\u00e8s grosse affluence mais lambiance reste chaleureuse, \u00e0 taille humaine, avec une organisation qui a con\u00e7u l\u00e9v\u00e9nement pour quil soit convivial. \u00catre ici pour un \u00e9diteur, cest la r\u00e9compense de mois de travail, de plaisirs, de passions. Et ce qui me marque \u00e0 Nancy, cest la diversit\u00e9 des publics. Toute la Lorraine est l\u00e0. Comme en terrain neutre. Une Lorraine unie. Ga\u00ebtan, animateur de lassociationLire et faire Lire, de NancyLe jeune homme est assis sur un banc, trois livres pour enfants pos\u00e9s \u00e0 ses c\u00f4t\u00e9s, le long du mur qui donne sur le jardin du Palais du Gouvernement, au bout de la place de la Carri\u00e8re. Face \u00e0 lui, de part et dautre de la pelouse, Brigitte et Martine, un livre illustr\u00e9 pos\u00e9 sur un chevalet, racontent chacune \u00e0 un petit groupe denfants lhistoire qui y est cont\u00e9e. Dans un silence marquant une \u00e9coute attentive. <img decoding=\"async\" src=\"http:\/\/cdn.lionard.com\/files\/2063\/foto\/palazzo-storico-14.jpg\" alt=\"les rencontres du livre sur la place nancy\" align=\"right\"> Provence-Alpes-C\u00f4te dAzur Corse Auvergne-Rh\u00f4ne-Alpes Grand Est Bourgogne-Franche-Comt\u00e9 Occitanie Nouvelle-Aquitaine Centre-Val de Loire \u00cele-de-France Hauts-de-France Normandie Pays de la Loire Bretagne Erreur lors de la sauvegarde du brouillon. En continu Vous \u00eates nombreux \u00e0 venir le rencontrer pour une d\u00e9dicace pendant cette 41\u00e8me \u00e9dition : et vous, quel est votre roman pr\u00e9f\u00e9r\u00e9 de Michel Bussi? Que pense lauteur de ses fid\u00e8les lecteurs?  11h00-12h00 : Rencontre Retour vers le futur avec Etienne Klein De 15 \u00e0 16h : rencontre de lauteure avec les \u00e9l\u00e8ves CM1CM2 des \u00e9coles du quartier autour de son dernier livre L\u00e9onard de Vinci, lenfance dun g\u00e9nie Leduc.S Les bons ingr\u00e9dients font les bonnes recettes Nos ingr\u00e9dients sont frais et cuisin\u00e9s sur place et cela fait toute la diff\u00e9rence! Bernard Minier sera en d\u00e9dicace \u00e0 Varennes sur Seine \u00e0 lespace culturel E. Leclercl le 26 mai. Voici dautres photos prises sur le salon du livre de Nancy. <img decoding=\"async\" src=\"http:\/\/www.suspicioons.tk\/uploads\/Image\/f6\/9716_441_DSC00232.jpg\" alt=\"les rencontres du livre sur la place nancy\" align=\"center\">  InstagramInstagram a retourn\u00e9 des donn\u00e9es invalides. La Meurthe-et-Moselle en 200 Questions aux \u00c9ditons Sutton Grands d\u00e9bats, lectures, forums ponctuent la manifestation o\u00f9 se retrouvent toutes celles et ceux pour qui le LIVRE est un \u00e9l\u00e9ment de bonheur notamment les fid\u00e8les Acad\u00e9miciens Goncourt attach\u00e9s au Livre sur la Place depuis sa cr\u00e9ation. Jaccepte de recevoir les offres de La Bo\u00eete \u00e0 Pizza <img decoding=\"async\" src=\"http:\/\/www.deliver.roadhappy.com\/wp-content\/uploads\/2015\/03\/23284.png\" alt=\"les rencontres du livre sur la place nancy\" align=\"right\">  Notre s\u00e9lection dapplications directement accessibles sur une t\u00e9l\u00e9 connect\u00e9e Prochaines dates de livraison disponibles Renseignez votre adresse pour conna\u00eetre votre Les distances de s\u00e9curit\u00e9, les lavages de mains r\u00e9guliers, les protections, les gestes barri\u00e8res, cest pas de la p.<\/p>\n","protected":false},"excerpt":{"rendered":"<p>les rencontres du livre sur la place nancy<\/p>\n","protected":false},"author":1,"featured_media":0,"comment_status":"closed","ping_status":"closed","sticky":false,"template":"","format":"standard","meta":{"footnotes":""},"categories":[1],"tags":[],"_links":{"self":[{"href":"https:\/\/atombroker.hu\/journal\/wp-json\/wp\/v2\/posts\/8745"}],"collection":[{"href":"https:\/\/atombroker.hu\/journal\/wp-json\/wp\/v2\/posts"}],"about":[{"href":"https:\/\/atombroker.hu\/journal\/wp-json\/wp\/v2\/types\/post"}],"author":[{"embeddable":true,"href":"https:\/\/atombroker.hu\/journal\/wp-json\/wp\/v2\/users\/1"}],"replies":[{"embeddable":true,"href":"https:\/\/atombroker.hu\/journal\/wp-json\/wp\/v2\/comments?post=8745"}],"version-history":[{"count":1,"href":"https:\/\/atombroker.hu\/journal\/wp-json\/wp\/v2\/posts\/8745\/revisions"}],"predecessor-version":[{"id":8746,"href":"https:\/\/atombroker.hu\/journal\/wp-json\/wp\/v2\/posts\/8745\/revisions\/8746"}],"wp:attachment":[{"href":"https:\/\/atombroker.hu\/journal\/wp-json\/wp\/v2\/media?parent=8745"}],"wp:term":[{"taxonomy":"category","embeddable":true,"href":"https:\/\/atombroker.hu\/journal\/wp-json\/wp\/v2\/categories?post=8745"},{"taxonomy":"post_tag","embeddable":true,"href":"https:\/\/atombroker.hu\/journal\/wp-json\/wp\/v2\/tags?post=8745"}],"curies":[{"name":"wp","href":"https:\/\/api.w.org\/{rel}","templated":true}]}}