{"id":8737,"date":"2020-10-09T19:22:23","date_gmt":"2020-10-09T19:22:23","guid":{"rendered":"http:\/\/atombroker.hu\/journal\/?p=8737"},"modified":"2020-10-06T06:08:01","modified_gmt":"2020-10-06T06:08:01","slug":"rencontres-musicales-en-pays-foyen","status":"publish","type":"post","link":"https:\/\/atombroker.hu\/journal\/2020\/10\/09\/rencontres-musicales-en-pays-foyen\/","title":{"rendered":"Rencontres Musicales En Pays Foyen"},"content":{"rendered":"<p><img decoding=\"async\" src=\"http:\/\/cache.media.education.gouv.fr\/image\/2017_2018\/59\/6\/IMAG0188_936596.jpg\" alt=\"rencontres musicales en pays foyen\" align=\"left\"> D\u00e9cibelEuropes est le point final de cette aventure : ramener en France, des musiciens rencontr\u00e9s durant le voyage et les inviter \u00e0 monter sur sc\u00e8ne. 15h15 D\u00e9part du d\u00e9fil\u00e9 avec des chars, des animations et des confettis! Documentaire r\u00e9alis\u00e9 par Vincent Philippart Dominique Henry <img decoding=\"async\" src=\"http:\/\/www.aim.phillyindia.com\/i\/m\/14\/unelvent_main.jpg\" alt=\"rencontres musicales en pays foyen\" align=\"left\"> la vie quotidienne, de son aspect initiatique et de son pouvoir de transformation sur lhumain. Le Comit\u00e9 des f\u00eates vous propose une soir\u00e9e moules frites sur r\u00e9servation. Et toujours toutes les sc\u00e8nes libres dacc\u00e8s et tous les concerts gratuits! Lieu : SALLE DES F\u00caTES BORDEAUX, GRAND-PARC 39 COURS DE LUZE 33000 BORDEAUX Le festival \u00e9chapp\u00e9e Belle sinstalle au coeur dun bel \u00e9crin de verdure, le parc Fongravey \u00e0 Blanquefort, avec une programmation riche dune vingtaine de spectacles de cirque, danse, th\u00e9\u00e2tre, humour, r\u00eaverie.. : \u00e9v\u00e9nement transdisciplinaire, culturel, citoyen et populaire B\u00e8gles Direction : Jon Maya Sein Id\u00e9e et direction de la sc\u00e8ne : Marcos Morau Assistants chor\u00e9graphie : Lorena Nogal, Marina Rodriguez Danseurs : Alain Maya, Eneko Gil, Ibon Huarte, Martxel Rodriguez et Urko Mitxelena Chanteur : Thierry Biscary Dramaturgie : Pablo Gisbert Cr\u00e9ation musicale : Xabier Erkizia, Pablo Gisbert. 5 septembre, concert des harmoniums avec Michel Mouyen-Bars P\u00e9rigord noir 20\u00e8mes Rencontres Musicales Internationales des Graves 25 ao\u00fbt, r\u00e9cital Voix et harpes avec Fran\u00e7ois Pernel, harpes-La Gu\u00e9rini\u00e8re, Noirmoutier  intervenants, et appr\u00e9ci\u00e9es des Foyens, grands amateurs douvrages sur Elis\u00e9e Reclus. Une partie de ces livres sest aussi retrouv\u00e9e dans la rue, dans les caf\u00e9s, sur les terrasses des bistrots, <img decoding=\"async\" src=\"http:\/\/cdn.purple.fr\/f16150880f546c99965ae08e6c4b2191\/static.purple.fr\/2018\/03\/2017_12_WP_Purple_Shot7_001_FINAL-copie-682x1024.jpg\/400x580c\/2017_12_WP_Purple_Shot7_001_FINAL-copie-682x1024.jpg\" alt=\"rencontres musicales en pays foyen\" align=\"center\"> Et aussi.. March\u00e9s des producteurs, conf\u00e9rences, espace parents-enfants balades philosophiques et d\u00e9ambulations nocturnes, illumination de monuments embl\u00e9matiques, sc\u00e8nes de th\u00e9\u00e2tre de rue, points de vue exceptionnels, banquet au bord de leau, reconstitution de la marque \u00e0 feu du vinetier de la Jurade de Saint-Emilion Jeudi 26 septembre \u00e0 17h00 : Pr\u00e9sentation du film r\u00e9alis\u00e9 par les \u00e9l\u00e8ves du coll\u00e8ge de Soulac-surMer. 18 juin, concert avec Nima Ben David, viole de gambe-Eglise allemande, Paris CALABRE FOUGUEYROLLES 33220 Sainte-Foy-la-Grande association depuis 2003 Association d\u00e9clar\u00e9e En partenariat avec le march\u00e9 Biotimarrons march\u00e9 BIO \u00e0 Targon. Programmation sp\u00e9cifique pour le jeune public et les scolaires. Buvette et restauration sur place tenue par le Stade Foyen Salut la Compagnie! Ce week-end, venez profiter du soleil avec nous \u00e0 loccasion de la 11\u00e8me \u00e9dition des Conviviales de Marcenais! 1er f\u00e9vrier, concert Voix et harpes avec Fran\u00e7ois Pernel, harpes-Charly-Gen\u00e8ve  Gratuit, itin\u00e9rant, \u00e0 deux pas de Bordeaux, le Festival vous invite \u00e0 la d\u00e9couverte du poumon vert des Hauts de Garonne, un parcours jalonn\u00e9 de concerts dans des sites naturels dexception.  \u039c\u03b5 \u03c4\u03b7\u03bd \u03b1\u03c0\u03bf\u03c3\u03c4\u03bf\u03bb\u03ae \u03b1\u03c0\u03bf\u03b4\u03ad\u03c7\u03b5\u03c3\u03c4\u03b5 \u03c4\u03bf\u03c5\u03c2 \u038c\u03c1\u03bf\u03c5\u03c2 \u03ba\u03b1\u03b9 \u03a0\u03c1\u03bf\u03c5\u03c0\u03bf\u03b8\u03ad\u03c3\u03b5\u03b9\u03c2 \u03c7\u03c1\u03ae\u03c3\u03b7\u03c2 \u03ba\u03b1\u03b8\u03ce\u03c2 \u03ba\u03b1\u03b9 \u03c4\u03bf\u03c5\u03c2 \u03cc\u03c1\u03bf\u03c5\u03c2 \u03c0\u03b5\u03c1\u03af \u03c0\u03c1\u03bf\u03c3\u03c4\u03b1\u03c3\u03af\u03b1\u03c2 \u03c0\u03c1\u03bf\u03c3\u03c9\u03c0\u03b9\u03ba\u03ce\u03bd \u03b4\u03b5\u03b4\u03bf\u03bc\u03ad\u03bd\u03c9\u03bd \u03cc\u03c0\u03c9\u03c2 \u03b1\u03bd\u03b1\u03b3\u03c1\u03ac\u03c6\u03bf\u03bd\u03c4\u03b1\u03b9 \u03c3\u03c4\u03bf site.<\/p>\n","protected":false},"excerpt":{"rendered":"<p>rencontres musicales en pays foyen<\/p>\n","protected":false},"author":1,"featured_media":0,"comment_status":"closed","ping_status":"closed","sticky":false,"template":"","format":"standard","meta":{"footnotes":""},"categories":[1],"tags":[],"_links":{"self":[{"href":"https:\/\/atombroker.hu\/journal\/wp-json\/wp\/v2\/posts\/8737"}],"collection":[{"href":"https:\/\/atombroker.hu\/journal\/wp-json\/wp\/v2\/posts"}],"about":[{"href":"https:\/\/atombroker.hu\/journal\/wp-json\/wp\/v2\/types\/post"}],"author":[{"embeddable":true,"href":"https:\/\/atombroker.hu\/journal\/wp-json\/wp\/v2\/users\/1"}],"replies":[{"embeddable":true,"href":"https:\/\/atombroker.hu\/journal\/wp-json\/wp\/v2\/comments?post=8737"}],"version-history":[{"count":1,"href":"https:\/\/atombroker.hu\/journal\/wp-json\/wp\/v2\/posts\/8737\/revisions"}],"predecessor-version":[{"id":8738,"href":"https:\/\/atombroker.hu\/journal\/wp-json\/wp\/v2\/posts\/8737\/revisions\/8738"}],"wp:attachment":[{"href":"https:\/\/atombroker.hu\/journal\/wp-json\/wp\/v2\/media?parent=8737"}],"wp:term":[{"taxonomy":"category","embeddable":true,"href":"https:\/\/atombroker.hu\/journal\/wp-json\/wp\/v2\/categories?post=8737"},{"taxonomy":"post_tag","embeddable":true,"href":"https:\/\/atombroker.hu\/journal\/wp-json\/wp\/v2\/tags?post=8737"}],"curies":[{"name":"wp","href":"https:\/\/api.w.org\/{rel}","templated":true}]}}