{"id":8669,"date":"2020-10-09T22:23:13","date_gmt":"2020-10-09T22:23:13","guid":{"rendered":"http:\/\/atombroker.hu\/journal\/?p=8669"},"modified":"2020-10-06T03:31:28","modified_gmt":"2020-10-06T03:31:28","slug":"rencontre-moulins","status":"publish","type":"post","link":"https:\/\/atombroker.hu\/journal\/2020\/10\/09\/rencontre-moulins\/","title":{"rendered":"Rencontre Moulins"},"content":{"rendered":"<p>Dans son hom\u00e9lie lors de la messe de la Nativit\u00e9 du Seigneur, le Pape Fran\u00e7ois appelle \u00e0 ne pas glisser dans les ravins de la mondanit\u00e9 et du consum\u00e9risme  <img decoding=\"async\" src=\"http:\/\/img.over-blog.com\/573x600\/2\/26\/55\/34\/affiches\/nyons.JPG\" alt=\"rencontre moulins\" align=\"left\"> Un an apr\u00e8s lincendie de la cath\u00e9drale, la Fondation Notre Dame fait les comptes En Qu\u00eate de Sens Sophie Nouaille re\u00e7oit Ma\u00eetre Denis Watin Augouard, Christian Cabin Saint Marcel et Guillaume Lucchini pour \u00e9voquer le legs. UNICENTRE vous offre des services sur mesure adapt\u00e9s \u00e0 votre personnalit\u00e9 et \u00e0 votre situation, quel que soit votre \u00e2ge, dans un seul but : Transformer votre vie en relation s\u00e9rieuse et durable avec la Personne que vous cherchez. <img decoding=\"async\" src=\"http:\/\/www.corsaire-editions.com\/pub\/DSC_2136.jpeg\" alt=\"rencontre moulins\" align=\"center\"> Une demande qui va suivre son cours, Christophe Castaner devant encore sentretenir avec chacun des cultes. Du c\u00f4t\u00e9 de l\u00c9glise catholique, les archev\u00eaques vont se r\u00e9unir par visioconf\u00e9rence vendredi et les \u00e9v\u00eaques lundi 4 mai afin de r\u00e9fl\u00e9chir \u00e0 la mani\u00e8re dont les catholiques vont pouvoir vivre cette p\u00e9riode. La Grande Assembl\u00e9e Ce dimanche de Pentec\u00f4te, Mgr Stanislas Lalanne invite les communaut\u00e9s \u00e0 une conversion pastorale, a\ufb01n quelles soient nourries de la Parole de Dieu, fraternelles et diaconales, et r\u00e9solument missionnaires. Un \u00e9v\u00e9nement \u00e0 vivre sur Radio Notre Dame. Assembl\u00e9e pl\u00e9ni\u00e8re des \u00e9v\u00eaques de France \u00e0 Lourdes : discours de cl\u00f4ture Un mail avec le lien de reinitialisation de votre mot de passe a \u00e9t\u00e9 envoy\u00e9 \u00e0. Merci de v\u00e9rifiez votre boite mail. Le cardinal fran\u00e7ais Bernard Panafieu, archev\u00eaque \u00e9m\u00e9rite de Marseille, est d\u00e9c\u00e9d\u00e9 dans la soir\u00e9e du dimanche 12 novembre, \u00e0 l\u00e2ge de 86 ans. Nous allons \u00e0 la rencontre de la population. Cest la premi\u00e8re fois. Il est important dinformer, sensibiliser et dexpliquer notre m\u00e9tier, souligne S\u00e9bastien Dupuis, infirmier cadre de sant\u00e9, tout en d\u00e9taillant les diff\u00e9rents ateliers. <img decoding=\"async\" src=\"http:\/\/www.college-lycee-iroise-brest.ac-rennes.fr\/sites\/college-lycee-iroise-brest.ac-rennes.fr\/IMG\/arton946.jpg\" alt=\"rencontre moulins\" align=\"left\"> Philantropia Genevi\u00e8ve del Marmol re\u00e7oit Jean-Charles Mayer et Emilie Chanson de la soci\u00e9t\u00e9 Saint Vincent de Paul pour parler du concours Innovate! et Alexandre Familiari, 1er Laur\u00e9at du Concours 2018 pour laction Impluvium. Iran, Turquie, Chine, refus du r\u00e9chauffement climatique, hostilit\u00e9 au Congr\u00e8s, refus de limmigration. La premi\u00e8re puissance mondiale veut simposer au monde tout en pr\u00f4nant lisolationnisme : est-ce possible?  Le pape Fran\u00e7ois est venu mardi c\u00e9l\u00e9brer lunit\u00e9 en Mac\u00e9doine du nord, mosa\u00efque de nationalit\u00e9s et de confessions. Restauration de Notre-Dame : les principales mesures du projet de loi REPERES Mois de Marie, Jour 20 : les Myst\u00e8res Glorieux La R\u00e9surrection Le Grand T\u00e9moin Louis Daufresne re\u00e7oit Idriss Aberkane, enseignant sept ans \u00e0 Centrale-Sup\u00e9lec, il \u00e9tait pr\u00e9sent au Zermatt Summit. Il nous parle du processus de biomim\u00e9tisme Op\u00e9ration G\u00e9n\u00e9ros\u00e9t\u00e9 sur Radio Notre-Dame : faites un don et partez en vacances le c\u0153ur l\u00e9ger!  Bob Garcia, essayiste et romancier, tintinophile expert, il a d\u00e9j\u00e0 commis une dizaine douvrages au reporter du Petit Vingti\u00e8me. Il publie Tintin, le diable et le bon Dieu \u00e9ditions DDB dans lequel il nous fait d\u00e9couvrir Tintin sous langle des religions Rencontre. Coronavirus : \u00e9pid\u00e9mie massive, mais seulement 3 \u00e0 4 de d\u00e9c\u00e8s Lors des soir\u00e9es foot, rejoignez le chat des supporters.<\/p>\n","protected":false},"excerpt":{"rendered":"<p>rencontre moulins<\/p>\n","protected":false},"author":1,"featured_media":0,"comment_status":"closed","ping_status":"closed","sticky":false,"template":"","format":"standard","meta":{"footnotes":""},"categories":[1],"tags":[],"_links":{"self":[{"href":"https:\/\/atombroker.hu\/journal\/wp-json\/wp\/v2\/posts\/8669"}],"collection":[{"href":"https:\/\/atombroker.hu\/journal\/wp-json\/wp\/v2\/posts"}],"about":[{"href":"https:\/\/atombroker.hu\/journal\/wp-json\/wp\/v2\/types\/post"}],"author":[{"embeddable":true,"href":"https:\/\/atombroker.hu\/journal\/wp-json\/wp\/v2\/users\/1"}],"replies":[{"embeddable":true,"href":"https:\/\/atombroker.hu\/journal\/wp-json\/wp\/v2\/comments?post=8669"}],"version-history":[{"count":1,"href":"https:\/\/atombroker.hu\/journal\/wp-json\/wp\/v2\/posts\/8669\/revisions"}],"predecessor-version":[{"id":8670,"href":"https:\/\/atombroker.hu\/journal\/wp-json\/wp\/v2\/posts\/8669\/revisions\/8670"}],"wp:attachment":[{"href":"https:\/\/atombroker.hu\/journal\/wp-json\/wp\/v2\/media?parent=8669"}],"wp:term":[{"taxonomy":"category","embeddable":true,"href":"https:\/\/atombroker.hu\/journal\/wp-json\/wp\/v2\/categories?post=8669"},{"taxonomy":"post_tag","embeddable":true,"href":"https:\/\/atombroker.hu\/journal\/wp-json\/wp\/v2\/tags?post=8669"}],"curies":[{"name":"wp","href":"https:\/\/api.w.org\/{rel}","templated":true}]}}