{"id":8659,"date":"2020-10-09T21:31:40","date_gmt":"2020-10-09T21:31:40","guid":{"rendered":"http:\/\/atombroker.hu\/journal\/?p=8659"},"modified":"2020-10-06T03:15:17","modified_gmt":"2020-10-06T03:15:17","slug":"rencontre-choregraphique","status":"publish","type":"post","link":"https:\/\/atombroker.hu\/journal\/2020\/10\/09\/rencontre-choregraphique\/","title":{"rendered":"Rencontre Chor\u00e9graphique"},"content":{"rendered":"<p>Cest une invitation \u00e0 entrer en communion avec son int\u00e9rieur qui se met en place sur le plateau. La chor\u00e9graphe ex\u00e9cute des micro-mouvements qui ont pour effet de vous faire ralentir votre respiration, votre agitation intellectuelle \u00e9galement. Une qui\u00e9tude envahit celui qui se laisse aller l\u00e0 o\u00f9 Maxence Rey est d\u00e9j\u00e0. Brigitte Macron : pourquoi elle a appel\u00e9 Mehdi Kerkouche, chor\u00e9graphe de stars Graines dArtistes de Fonsorbes Mairie 31470 FONSORBES Tel : 05.61.91.20.11 Mail : secretariatgraines-artistes-fonsorbes.fr Notre secr\u00e9tariat est ouvert les : Lundi, mardi, jeudi et Vendredi de 16h30 \u00e0 19h30 Mercredi de 12h00 \u00e0 19h30 FERMETURE DU 13 JUILLET AU 18 AOUT 2019 De nouveau un immense merci aux artistes et au public! si vous voulez danser, vous savez o\u00f9 me trouver \u200d\ufe0f Mehdi Kerkouche mehdikerkouche Quils soient associ\u00e9s ou non, la SPEDIDAM intervient et r\u00e9partit les droits des artistes-interpr\u00e8tes. Veuillez choisir une raison pour justifier votre \u00e9valuation de la traduction : Le 17 mai \u00e0 19h et le 18 mai, \u00e0 18h, au Nouveau Th\u00e9\u00e2tre de Montreuil. Les 37es Rencontres chor\u00e9graphiques de Picardie, qui d\u00e9buteront fin janvier \u00e0 Saint-Quentin, offriront une place de choix au jazz Ces cookies sont strictement n\u00e9cessaires pour vous fournir des services disponibles sur notre site Web et dutiliser certaines de ses fonctionnalit\u00e9s. Lenjeu est maintenant dinventer de nouvelles solidarit\u00e9s entre artistes, op\u00e9rateurs et collectivit\u00e9s, afin que les \u00e9quipements et les comp\u00e9tences soient mis au service de ceux qui en ont le plus besoin, le plus rapidement et le plus efficacement possible.  Bref.. FELICITATIONS \u00e0 toutes nos danseuses et danseurs qui montrent encore leur enthousiasme, leur implication, leur cr\u00e9ativit\u00e9 et leur talent. Et, bien s\u00fbr, f\u00e9licitations aussi \u00e0 Lise pour la finesse de son \u00e9criture chor\u00e9graphique, pour sa p\u00e9dagogie, son dynamisme et lattention particuli\u00e8re quelle sait porter \u00e0 chacun. Aujourdhui, elle est \u00e0 nouveau tr\u00e8s fi\u00e8re de ses groupes chor\u00e9graphiques! Bravo et merci \u00e9galement aux parents passionn\u00e9s qui nous accompagnent! Ecole de Danse Rencontres Chor\u00e9graphique FFD Nationales enfant circonscription, lorsqu e j e rencontre l e s b\u00e9n\u00e9voles,.. Partir de deux danseurs, sans aucune limite d\u00e2ge. Cet \u00e9v\u00e9nement a pour objectif de favoriser l\u00e9mergence des diff\u00e9rents groupes amateurs pr\u00e9sents ainsi que de soutenir leurs Au sein de lex\u00e9cutif, on connait lenjeu. Personne ne sera laiss\u00e9 sur le bord du chemin, a promis mardi \u00e0 lAssembl\u00e9e le ministre de la Culture Frank Riester, sauf que rien na encore \u00e9t\u00e9 pr\u00e9sent\u00e9 pour le moment. En poursuivant votre navigation sur ce site, vous acceptez lutilisation de Cookies pour r\u00e9aliser des statistiques de visites et pour vous proposer des vid\u00e9os ainsi que des boutons de partage de contenus de plateformes sociales. <img decoding=\"async\" src=\"http:\/\/p5.storage.canalblog.com\/55\/18\/944295\/75762384.jpg\" alt=\"rencontre chor\u00e9graphique\" align=\"right\"> La F\u00e9d\u00e9ration Fran\u00e7aise de Danse est reconnue comme \u00e9tablissement dutilit\u00e9 publique Facult\u00e9 des Sciences Humaines et Sociales Universit\u00e9 de Paris <img decoding=\"async\" src=\"http:\/\/www.bourgogne-infos.com\/medias\/35151\/le-creusot-les-rencontres-choregraphiques-ont-cloture-en-beaute-le-festival-des-initi-arts-255096.jpg\" alt=\"rencontre chor\u00e9graphique\" align=\"center\"> Camila Cabello sest donc saisie du site comme ont pu le faire dautres artistes avant elle. Par exemple, Mariah Carey vous propose un acc\u00e8s VIP \u00e0 son concert et un d\u00eener avec elle. Ariana Grande offre une rencontre au studio denregistrement suivi dun d\u00eener. Encore plus original, un stage priv\u00e9 de cascade a\u00e9rienne avec P!nk et lentra\u00eeneurchor\u00e9graphe Dreya Weber est mise en jeu.  Pourquoi? On investit des sommes faramineuses pour la production dun spectacle en Ha\u00efti. Je suis en r\u00e9alit\u00e9 chor\u00e9graphe et le directeur artistique dune compagnie de danse. Je ne suis ni producteur, ni un homme daffaires int\u00e9ress\u00e9 aux activit\u00e9s culturelles.  <img decoding=\"async\" src=\"http:\/\/soissonnais.dsden02.ac-amiens.fr\/IMG\/jpg\/danse_ok.jpg\" alt=\"rencontre chor\u00e9graphique\" align=\"right\">&#8212;&#8212;&#8212;&#8212;&#8212;&#8212;&#8212;&#8212;&#8212;&#8212;&#8212;&#8211;.<\/p>\n","protected":false},"excerpt":{"rendered":"<p>rencontre chor\u00e9graphique<\/p>\n","protected":false},"author":1,"featured_media":0,"comment_status":"closed","ping_status":"closed","sticky":false,"template":"","format":"standard","meta":{"footnotes":""},"categories":[1],"tags":[],"_links":{"self":[{"href":"https:\/\/atombroker.hu\/journal\/wp-json\/wp\/v2\/posts\/8659"}],"collection":[{"href":"https:\/\/atombroker.hu\/journal\/wp-json\/wp\/v2\/posts"}],"about":[{"href":"https:\/\/atombroker.hu\/journal\/wp-json\/wp\/v2\/types\/post"}],"author":[{"embeddable":true,"href":"https:\/\/atombroker.hu\/journal\/wp-json\/wp\/v2\/users\/1"}],"replies":[{"embeddable":true,"href":"https:\/\/atombroker.hu\/journal\/wp-json\/wp\/v2\/comments?post=8659"}],"version-history":[{"count":1,"href":"https:\/\/atombroker.hu\/journal\/wp-json\/wp\/v2\/posts\/8659\/revisions"}],"predecessor-version":[{"id":8660,"href":"https:\/\/atombroker.hu\/journal\/wp-json\/wp\/v2\/posts\/8659\/revisions\/8660"}],"wp:attachment":[{"href":"https:\/\/atombroker.hu\/journal\/wp-json\/wp\/v2\/media?parent=8659"}],"wp:term":[{"taxonomy":"category","embeddable":true,"href":"https:\/\/atombroker.hu\/journal\/wp-json\/wp\/v2\/categories?post=8659"},{"taxonomy":"post_tag","embeddable":true,"href":"https:\/\/atombroker.hu\/journal\/wp-json\/wp\/v2\/tags?post=8659"}],"curies":[{"name":"wp","href":"https:\/\/api.w.org\/{rel}","templated":true}]}}