{"id":8657,"date":"2020-10-09T19:58:57","date_gmt":"2020-10-09T19:58:57","guid":{"rendered":"http:\/\/atombroker.hu\/journal\/?p=8657"},"modified":"2020-10-06T03:05:56","modified_gmt":"2020-10-06T03:05:56","slug":"rencontre-jeunesse-chatelard","status":"publish","type":"post","link":"https:\/\/atombroker.hu\/journal\/2020\/10\/09\/rencontre-jeunesse-chatelard\/","title":{"rendered":"Rencontre Jeunesse Chatelard"},"content":{"rendered":"<p>En, est nomm\u00e9 pr\u00e9sident et est \u00e9lu d\u00e9l\u00e9gu\u00e9 g\u00e9n\u00e9ral. Avant cette date, les films pr\u00e9sent\u00e9s au Festival sont choisis par les \u00c9tats. Maurice Bessy instaure un comit\u00e9 de s\u00e9lection pour la et un pour le international. Ce syst\u00e8me pose probl\u00e8me pour la s\u00e9lection du. Lann\u00e9e suivante, est inaugur\u00e9e la section Perspectives du cin\u00e9ma fran\u00e7ais, aujourdhui disparue. Les plus grandes modifications ont lieu en. Rassemblant une dizaine de longs m\u00e9trages et quelques courts, la section s\u00e9lectionne souvent des \u0153uvres de cin\u00e9astes d\u00e9butants, dont beaucoup nont pas de distributeurs.  <img decoding=\"async\" src=\"http:\/\/stefaninijournal.com\/aviron1708.jpg\" alt=\"rencontre jeunesse chatelard\" align=\"right\"> AFP,, sur lexpress.fr, 27 mai 2012 consult\u00e9 le 22 novembre 2012. Ing\u00e9nieur des travaux publics, Adolphe Muguet 1823-1896 d\u00e9cide dexplorer les r\u00e9seaux karstiques \u00e0 la recherche deau. <img decoding=\"async\" src=\"http:\/\/www.ease.paintingcritique.com\/755-tm_home_default\/lustreuse-double-action-shinemaster-s15-krauss.jpg\" alt=\"rencontre jeunesse chatelard\" align=\"left\"> Jolie boucle qui offre une belle vue sur les principaux sommets des Bauges, avec un passage sur la cr\u00eate tr\u00e8s esth\u00e9tique. Et Commune de Cannes, consult\u00e9 le 9 juin 2007. Les organisateurs du Festival international seront aussi accabl\u00e9s davoir oubli\u00e9 que le cin\u00e9ma \u00e9tait un art populaire plut\u00f4t quune industrie. Samedi 22 Sept. 2018 Sortie famille : Une journ\u00e9e \u00e0 la Coupe Icare \u00e0 Lumbin Au programme de cette grande rencontre du monde du vol libre : de laudace et du r\u00eave, de l\u00e9motion et de la cr\u00e9ativit\u00e9, de la fantaisie et du frisson, du rire et des couleurs et toujours le plaisir de voler et de partager la passion du vol! En effet, la remise du livre donne lieu, tout au long de lann\u00e9e, \u00e0 de multiples animations permettant ainsi de toucher les familles les plus \u00e9loign\u00e9es de la lecture et, le plus souvent, de cr\u00e9er du lien social. En 2018, pr\u00e8s de 5 800 Savoyards adultes et enfants ont assist\u00e9 aux Rendez-vous propos\u00e9s par les structures partenaires. \u03a3\u03c5\u03bc\u03c0\u03bb\u03b7\u03c1\u03ce\u03bc\u03b1\u03c4\u03b1 \u03b4\u03b9\u03b1\u03c4\u03c1\u03bf\u03c6\u03ae\u03c2 \u03b3\u03b9\u03b1 \u03b1\u03b4\u03c5\u03bd\u03ac\u03c4\u03b9\u03c3\u03bc\u03b1 My Beautiful Body Am\u00e9ly Charnay,, 16 mai 2007 consult\u00e9 le 9 juin 2007 <img decoding=\"async\" src=\"http:\/\/www.meniiscus.ga\/fileadmin\/_processed_\/csm_2018-01-20-abain_et_cael_mfPM-affiche_4barbier_-w_fae38e55f7.jpg\" alt=\"rencontre jeunesse chatelard\" align=\"left\"> Favoriser la prise, la reprise ou le maintien de contacts entre lenfant et le parent avec lequel il ne vit pas Tout au long de la soir\u00e9e, je ne pus quadmirer cette nature d\u00e9licate et sensitive, g\u00e9n\u00e9reuse, bonne et loyale. Cependant, la coquette per\u00e7ait parfois dessous, et ses sauts du coq-\u00e0-l\u00e2ne indiquaient une frivolit\u00e9 qui n\u00e9tait pas pour me d\u00e9plaire. Son vernissage a eu lieu le samedi 18 octobre \u00e0 18h au centre administratif dAlbens, et sest termin\u00e9e le 15 novembre. Serri\u00e8res-en-Chautagne-Relais assistantes maternelles La ronde des doudous SERRIERES-EN-CHAUTAGNE Certaines personnalit\u00e9s m\u00e9diatiques sont \u00e9galement \u00e0 lorigine de vives pol\u00e9miques. Lorsque la est attribu\u00e9e \u00e0 d en, au lendemain du, publie une tribune dans intitul\u00e9e Limposture Kusturica. Lauteur y accuse le cin\u00e9aste de capitaliser sur la souffrance des et de se livrer \u00e0 une propagande pro-serbe honteuse sous couvert dexprimer sa nostalgie de l,. Rench\u00e9rit dans et reproche au r\u00e9alisateur davoir choisi le camp des bourreaux lors des et de faire d Underground une arme id\u00e9ologique au service des. Kusturica exerce son droit de r\u00e9ponse dans la tribune Mon imposture o\u00f9 il r\u00e9cuse les accusations prof\u00e9r\u00e9es \u00e0 son encontre. Il affirme \u00e9galement que ni Finkielkraut ni L\u00e9vy nont vu le film, ce que les int\u00e9ress\u00e9s confirment tout en maintenant leurs d\u00e9clarations,. Astuce pour la chambre : Tr\u00e8s belle vue sur laiguille du midi ou la ville de Chamonix Un assistant social est engag\u00e9 pour rendre visite aux parents et tenter de leur faire comprendre et si possible partager laction du Ch\u00e2telard.  .<\/p>\n","protected":false},"excerpt":{"rendered":"<p>rencontre jeunesse chatelard<\/p>\n","protected":false},"author":1,"featured_media":0,"comment_status":"closed","ping_status":"closed","sticky":false,"template":"","format":"standard","meta":{"footnotes":""},"categories":[1],"tags":[],"_links":{"self":[{"href":"https:\/\/atombroker.hu\/journal\/wp-json\/wp\/v2\/posts\/8657"}],"collection":[{"href":"https:\/\/atombroker.hu\/journal\/wp-json\/wp\/v2\/posts"}],"about":[{"href":"https:\/\/atombroker.hu\/journal\/wp-json\/wp\/v2\/types\/post"}],"author":[{"embeddable":true,"href":"https:\/\/atombroker.hu\/journal\/wp-json\/wp\/v2\/users\/1"}],"replies":[{"embeddable":true,"href":"https:\/\/atombroker.hu\/journal\/wp-json\/wp\/v2\/comments?post=8657"}],"version-history":[{"count":1,"href":"https:\/\/atombroker.hu\/journal\/wp-json\/wp\/v2\/posts\/8657\/revisions"}],"predecessor-version":[{"id":8658,"href":"https:\/\/atombroker.hu\/journal\/wp-json\/wp\/v2\/posts\/8657\/revisions\/8658"}],"wp:attachment":[{"href":"https:\/\/atombroker.hu\/journal\/wp-json\/wp\/v2\/media?parent=8657"}],"wp:term":[{"taxonomy":"category","embeddable":true,"href":"https:\/\/atombroker.hu\/journal\/wp-json\/wp\/v2\/categories?post=8657"},{"taxonomy":"post_tag","embeddable":true,"href":"https:\/\/atombroker.hu\/journal\/wp-json\/wp\/v2\/tags?post=8657"}],"curies":[{"name":"wp","href":"https:\/\/api.w.org\/{rel}","templated":true}]}}