{"id":8541,"date":"2020-10-09T22:12:37","date_gmt":"2020-10-09T22:12:37","guid":{"rendered":"http:\/\/atombroker.hu\/journal\/?p=8541"},"modified":"2020-10-05T22:11:14","modified_gmt":"2020-10-05T22:11:14","slug":"rencontres-internationales-de-la-photographie-arles-2009","status":"publish","type":"post","link":"https:\/\/atombroker.hu\/journal\/2020\/10\/09\/rencontres-internationales-de-la-photographie-arles-2009\/","title":{"rendered":"Rencontres Internationales De La Photographie Arles 2009"},"content":{"rendered":"<p> est lauteur des affiches et de la signal\u00e9tique de 2002 \u00e0 2014. C ependant, la lecture nest pourtant pas ais\u00e9e. Jentrechoque dautres lecteurs dimages. On court apr\u00e8s lhistoire. Oui les clich\u00e9s sont petits, on fuit le reflet du verre du cadre. On scrute alors de pr\u00e9s. On se pousse, se sourit pour sexcuser et poursuit lhistoire avant d\u00eatre \u00e0 son tour bouscul\u00e9. Je me recule et tente de comprendre laccrochage D\u00e9ception. Lespace mural nest pas tr\u00e8s bien pens\u00e9. Le confort a \u00e9t\u00e9 oubli\u00e9 au profit dune esth\u00e9tique despace. Ou alors avait-on pr\u00e9vu moins de visiteurs? Mauvais calcul. Je voudrais, car cest un voeux formul\u00e9, avoir ces lectures toutes \u00e0 moi, une seconde, une minute, en parfaite invit\u00e9e de cet univers. Et me voici \u00e0 bagarrer devant une photo, puis une autre plus loin. Vernissage \u00e0 Latelier du midi pour lexpositionde Lucie Pastureau et Lionel Pralus, rue du Sauvage et 2010 : Les failles ordinaires \u00e0 lAtelier de Visu \u00e0 Marseille, en mai.  Quand on a cr\u00e9\u00e9 les Rencontres \u00e0 Arles, il ne se passait rien en photo, r\u00e9sumait avant sa mort en 2014 Lucien Clergue, un des trois fondateurs de lillustre festival. Cinquante ans plus tard, le rendez-vous est incontournable pour professionnels, amateurs et grand public. Marie Renoue est chercheuse associ\u00e9e au Centre Norbert Elias, UMR 8562, et membre de l\u00c9quipe Culture et Communication \u00e0 lUniversit\u00e9 dAvignon et des Pays de Vaucluse. Courriel : Article 8-Le comit\u00e9 de suivi est pr\u00e9sid\u00e9 par le directeur g\u00e9n\u00e9ral de lenseignement scolaire ou son repr\u00e9sentant. Il est compos\u00e9 des membres de la DGESCO, d\u00e9sign\u00e9s par son directeur g\u00e9n\u00e9ral, de linspection g\u00e9n\u00e9rale de l\u00c9ducation nationale, du directeur et du secr\u00e9taire g\u00e9n\u00e9ral de lassociation Les Rencontres dArles ou de leurs repr\u00e9sentants, du directeur g\u00e9n\u00e9ral du C.N.D.P. Ou son repr\u00e9sentant, ainsi que du recteur de lacad\u00e9mie dAix-Marseille ou son repr\u00e9sentant. Le Centre dexposition et de congr\u00e8s de Mandelieu-la-Napoule est un vaste ensemble de b\u00e2timents.. Les lectures sont effectu\u00e9es par des experts internationaux de la photographie : \u00e9diteurs, commissaires dexpositions, directeurs dinstitutions, directeurs dagences, galeristes, collectionneurs, critiques, directeurs artistiques de presse. En 2019, 315 photographes ont soumis leur travail \u00e0 la critique et aux conseils de 147 experts. Exposition personnelle data Ho Chi Minh ville, 2003 <img decoding=\"async\" src=\"http:\/\/p8.storage.canalblog.com\/83\/40\/191594\/43990224.jpg\" alt=\"rencontres internationales de la photographie arles 2009\" align=\"center\">  Autour de la semaine des Rencontres Photographiques dArles Dans cette vaste ville prise dans des remparts o\u00f9 les traces de la pr\u00e9sence romaine affleurent partout, les expositions propos\u00e9es \u00e0 loccasion des Rencontres de la photographie dArles sont pr\u00e9sent\u00e9es dans une dizaine de lieux diff\u00e9rents. Cette ann\u00e9e laccent est mis sur des approches monographiques avec des expositions beaucoup plus modestes quen 1999 et en 2000. Le regard est tant\u00f4t r\u00e9trospectif, tant\u00f4t tourn\u00e9 vers le pr\u00e9sent. Chaque ann\u00e9e depuis 2015, Jimei x Arles pr\u00e9sente 8 expositions des Rencontres dArles et une vingtaine dexpositions sur la photographie chinoise et plus largement asiatique. Le laur\u00e9at du Prix d\u00e9couverte d\u00e9cern\u00e9 lors du festival Jimei x Arles b\u00e9n\u00e9ficie lann\u00e9e suivante dune exposition lors des Rencontres dArles. En 2019, un nouveau pris \u00e9tait remis, le Jimei x Arles Women Photography Award, premier pris de photographie en Chine d\u00e9di\u00e9 aux femmes photographes. <img decoding=\"async\" src=\"http:\/\/www.photo.fr\/img\/magazine\/463.jpg\" alt=\"rencontres internationales de la photographie arles 2009\" align=\"center\"> Le catalogue des 40e Rencontres photographiques dArles en librairie le 4 juillet Michket Krifa: commissaire ind\u00e9pendante en arts visuels et cin\u00e9ma, Michket Krifa collabore r\u00e9guli\u00e8rement avec des institutions et espaces en Europe et \u00e0 lInternational, comme les Rencontres de la photographie \u00e0 Arles, lInstitut du monde arabe, etc. Commissaire du Printemps Palestinien en France et de la r\u00e9trospective sur le cin\u00e9ma palestinien \u00e0 lIMA en 2002, elle a \u00e9galement organis\u00e9 plusieurs expositions sur lIran dont Regards persans \u00e0 lespace Electra et Haft. Elle a contribu\u00e9 \u00e0 faire conna\u00eetre bon nombre de photographes qui ont \u00e9t\u00e9 par la suite pr\u00e9sent\u00e9s et prim\u00e9s \u00e0 Bamako. Commissaire de Zina Sedira \u00e0 Arles en 2002, Youssef Nabil \u00e0 Arles en 2003, Rana el-Nemr \u00e0 Francfort en 2004. Elle a notamment mont\u00e9 deux expositions : ABC Africa dAbbas Kiarostami et Seiffolah Samadian, en 2001 ; Alg\u00e9rie, les faits et les effets. Pour les artistes, les photographes, pour les commissaires dexpositions, pour les Arl\u00e9siennes, pour le public, nous nous devons d\u00eatre l\u00e0 cet \u00e9t\u00e9! <img decoding=\"async\" src=\"http:\/\/voyart.org\/IMG\/png\/did1.png\" alt=\"rencontres internationales de la photographie arles 2009\" align=\"center\">.<\/p>\n","protected":false},"excerpt":{"rendered":"<p>rencontres internationales de la photographie arles 2009<\/p>\n","protected":false},"author":1,"featured_media":0,"comment_status":"closed","ping_status":"closed","sticky":false,"template":"","format":"standard","meta":{"footnotes":""},"categories":[1],"tags":[],"_links":{"self":[{"href":"https:\/\/atombroker.hu\/journal\/wp-json\/wp\/v2\/posts\/8541"}],"collection":[{"href":"https:\/\/atombroker.hu\/journal\/wp-json\/wp\/v2\/posts"}],"about":[{"href":"https:\/\/atombroker.hu\/journal\/wp-json\/wp\/v2\/types\/post"}],"author":[{"embeddable":true,"href":"https:\/\/atombroker.hu\/journal\/wp-json\/wp\/v2\/users\/1"}],"replies":[{"embeddable":true,"href":"https:\/\/atombroker.hu\/journal\/wp-json\/wp\/v2\/comments?post=8541"}],"version-history":[{"count":1,"href":"https:\/\/atombroker.hu\/journal\/wp-json\/wp\/v2\/posts\/8541\/revisions"}],"predecessor-version":[{"id":8542,"href":"https:\/\/atombroker.hu\/journal\/wp-json\/wp\/v2\/posts\/8541\/revisions\/8542"}],"wp:attachment":[{"href":"https:\/\/atombroker.hu\/journal\/wp-json\/wp\/v2\/media?parent=8541"}],"wp:term":[{"taxonomy":"category","embeddable":true,"href":"https:\/\/atombroker.hu\/journal\/wp-json\/wp\/v2\/categories?post=8541"},{"taxonomy":"post_tag","embeddable":true,"href":"https:\/\/atombroker.hu\/journal\/wp-json\/wp\/v2\/tags?post=8541"}],"curies":[{"name":"wp","href":"https:\/\/api.w.org\/{rel}","templated":true}]}}