{"id":8515,"date":"2020-10-09T14:15:23","date_gmt":"2020-10-09T14:15:23","guid":{"rendered":"http:\/\/atombroker.hu\/journal\/?p=8515"},"modified":"2020-10-05T20:47:22","modified_gmt":"2020-10-05T20:47:22","slug":"rencontre-theatre-jeune-public-huy-2012","status":"publish","type":"post","link":"https:\/\/atombroker.hu\/journal\/2020\/10\/09\/rencontre-theatre-jeune-public-huy-2012\/","title":{"rendered":"Rencontre Th\u00e9\u00e2tre Jeune Public Huy 2012"},"content":{"rendered":"<p>Par Clustart, les porteurs de projet sont invit\u00e9 \u00e0 participer aux workshops dinformation. <img decoding=\"async\" src=\"http:\/\/filmovorus.free.fr\/FilmoBankV1\/FilmoPaginer\/filmobank01_65.jpg\" alt=\"rencontre th\u00e9\u00e2tre jeune public huy 2012\" align=\"center\"> L\u00e9conomie th\u00e9\u00e2trale est limit\u00e9e dans ses capacit\u00e9s. La formation vise \u00e0 rendre plus productifs les potentiels existants en mati\u00e8re de cr\u00e9ations, demplois et de publics. Le concept de production est entendu dans un sens plus large que le suivi du montage et de la repr\u00e9sentation des spectacles. Dans le cadre de cette formation, il vise lacquisition de comp\u00e9tences crois\u00e9es en mati\u00e8re de conseil artistique qui concerne le choix de la dramaturgie des spectacles, de collaborations artistiques et techniques, de gestion des relations humaines, mais aussi en mati\u00e8re dactivit\u00e9s administratives li\u00e9es \u00e0 la mise en \u0153uvre, \u00e0 la programmation, \u00e0 la diffusion et \u00e0 la communication des spectacles, \u00e0 la planification et \u00e0 la logistique, aux relations avec les publics, aux montages financiers, \u00e0 la gestion, aux n\u00e9gociations et aux engagements, voire \u00e0 la direction dune entreprise. Edition 2018 des Rencontres th\u00e9\u00e2tre jeune public de Huy-YouTube QUEL AVENIR POUR LE TH\u00c9\u00c2TRE JEUNES PUBLICS? Avec les Rencontres S\u00e9lection de Huy. <img decoding=\"async\" src=\"http:\/\/toqasted.tk\/wp-content\/uploads\/2017\/11\/IMG_4203-e1509727455331.jpg\" alt=\"rencontre th\u00e9\u00e2tre jeune public huy 2012\" align=\"right\"> _________________________________________________________ Apr\u00e8s RWANDA 94 et ANATHEME, le GROUPOV sest engag\u00e9 dans une nouvelle aventure, en gestation de longue date : UN UOMO DI MENO FARE THEE WELL TOVARITCH HOMO SAPIENS Un Homme de Moins Adieu Camarade Homo Sapiens.  Jessaie timidement de voir et donc peut-\u00eatre de comprendre. Une coproduction du Groupov, du Th\u00e9\u00e2tre National de la Communaut\u00e9 fran\u00e7aise Bruxelles et du Th\u00e9\u00e2tre de la Place Li\u00e8ge Grand Prix du Jury au Festival International de la marionnette et formes anime\u0301es de Cannes en 1998. Script typetextjavascriptfunction wpfront_scroll_top_init iftypeof wpfront_scroll_top function typeof jQuery! undefined wpfront_scroll_topscroll_offset:100,button_width:0,button_height:0,button_opacity:1,button_fade_duration:200,scroll_duration:400,location:1,marginX:30,marginY:20,hide_iframe:false,auto_hide:false,auto_hide_after:2,button_action:top,button_action_element_selector:,button_action_container_selector:html, body,button_action_element_offset:0; else setTimeoutwpfront_scroll_top_init, 100;wpfront_scroll_top_init;scriptlink relstylesheet idyarppRelatedCss-css hrefhttps:www.agirparlaculture.bewp-contentpluginsyet-another-related-posts-pluginstylerelated.css?ver5.1.6 mediaall   Le th\u00e9\u00e2tre jeunes publics est dabord un th\u00e9\u00e2tre-: Agir par la culture LA MONTAGNE MAGIQUE ACCOUCHE DUN TH\u00c9\u00c2TRE. Lever de rideau, ce soir \u00e0 la rue du Marais. Pour des monts et merveilles. Europe Cr\u00e9ative-futur programme europ\u00e9en de soutien \u00e0 la culture 1985 Rushes-cr\u00e9ation collective On a march\u00e9 sur le Pansy-cr\u00e9ation collective avec la Maison des Jeunes de Tilleur Lever de rideau-cr\u00e9ation collective avec le Petit th\u00e9\u00e2tre rouge de Gr\u00e2ce-Berleur Ya quelquun?-cr\u00e9ation collective avec le Petit th\u00e9\u00e2tre rouge de Gr\u00e2ce-Berleur Faut bouffer!-cr\u00e9ation collective dans le cadre de la formation des com\u00e9diens-animateurs Soir\u00e9e 1950-cr\u00e9ation collective avec latelier-th\u00e9\u00e2tre Leonardo da Vinci de Seraing CEST LHISTOIRE..DU THEATRE POUR ENFANTS. Regard sur le pass\u00e9 pour mieux comprendre le pr\u00e9sent et deviner lavenir. Le dossier Huy nest pas clos. LEFFERVESCENT MARATHON DE HUY A COMMENC\u00c9. Deux solos y font la qu\u00eate. Dix marionnettes y font la le\u00e7on. En coulisses, \u00e7a palpite. <img decoding=\"async\" src=\"http:\/\/www.extra.squirrellist.com\/fonds-ecran\/sainte-baume3_800.jpg\" alt=\"rencontre th\u00e9\u00e2tre jeune public huy 2012\" align=\"left\">.<\/p>\n","protected":false},"excerpt":{"rendered":"<p>rencontre th\u00e9\u00e2tre jeune public huy 2012<\/p>\n","protected":false},"author":1,"featured_media":0,"comment_status":"closed","ping_status":"closed","sticky":false,"template":"","format":"standard","meta":{"footnotes":""},"categories":[1],"tags":[],"_links":{"self":[{"href":"https:\/\/atombroker.hu\/journal\/wp-json\/wp\/v2\/posts\/8515"}],"collection":[{"href":"https:\/\/atombroker.hu\/journal\/wp-json\/wp\/v2\/posts"}],"about":[{"href":"https:\/\/atombroker.hu\/journal\/wp-json\/wp\/v2\/types\/post"}],"author":[{"embeddable":true,"href":"https:\/\/atombroker.hu\/journal\/wp-json\/wp\/v2\/users\/1"}],"replies":[{"embeddable":true,"href":"https:\/\/atombroker.hu\/journal\/wp-json\/wp\/v2\/comments?post=8515"}],"version-history":[{"count":1,"href":"https:\/\/atombroker.hu\/journal\/wp-json\/wp\/v2\/posts\/8515\/revisions"}],"predecessor-version":[{"id":8516,"href":"https:\/\/atombroker.hu\/journal\/wp-json\/wp\/v2\/posts\/8515\/revisions\/8516"}],"wp:attachment":[{"href":"https:\/\/atombroker.hu\/journal\/wp-json\/wp\/v2\/media?parent=8515"}],"wp:term":[{"taxonomy":"category","embeddable":true,"href":"https:\/\/atombroker.hu\/journal\/wp-json\/wp\/v2\/categories?post=8515"},{"taxonomy":"post_tag","embeddable":true,"href":"https:\/\/atombroker.hu\/journal\/wp-json\/wp\/v2\/tags?post=8515"}],"curies":[{"name":"wp","href":"https:\/\/api.w.org\/{rel}","templated":true}]}}