{"id":8493,"date":"2020-10-09T14:47:54","date_gmt":"2020-10-09T14:47:54","guid":{"rendered":"http:\/\/atombroker.hu\/journal\/?p=8493"},"modified":"2020-10-05T20:03:36","modified_gmt":"2020-10-05T20:03:36","slug":"rencontres-arles-off","status":"publish","type":"post","link":"https:\/\/atombroker.hu\/journal\/2020\/10\/09\/rencontres-arles-off\/","title":{"rendered":"Rencontres Arles Off"},"content":{"rendered":"<p>Voil\u00e0 pour Monsieur le directeur. Jai consult\u00e9 \u00e0 mon tour le site, o\u00f9 chaque exposition b\u00e9n\u00e9ficie de son petit dossier. Jy ai d\u00e9couvert beaucoup de sujets sinistres pour quelques sourires, m\u00eame si nous sommes dans le Sud. Le plus plombant me semble les ciels bleus au-dessus des camps de concentration r\u00e9pertori\u00e9 par le Belge Anton Kusters. On nen sortira pas! Pieter Hugo se veut plus optimiste avec une terre aussi contrast\u00e9e que le Mexique. Le Sud-Africain en a ramen\u00e9 La Cucaracha. Il y aura du local avec Raymond Martin, qui a tenu un studio \u00e0 Arles m\u00eame. Ont \u00e9t\u00e9 s\u00e9lectionn\u00e9s les clich\u00e9s des ann\u00e9es 1950 et 1960. Open for Business montrera les travaux de commande ex\u00e9cut\u00e9s par la prestigieuse agence Magnum. Nous sommes d\u00e9sol\u00e9s, mais certaines parties du site web Airbnb ne fonctionnent pas correctement sans lactivation de JavaScript. Fringe Fe st ival of th e Rencontres d A rles :-Presentation.. La plateforme d\u00e9di\u00e9e \u00e0 la photographie contemporaine.. Lieu : Ground Countrol La ville de Roswell est remplie de boutiques de souvenirs qui vendent des objets extraterrestres et ovnis. Sara Galbiati, Peter Helles Eriksen et Tobias Seln\u00e6s Markussen Les rafales pourront atteindre 90 kmh en milieu de journ\u00e9e, en secteur sud-est. Si le festival \u00e9tait initialement jug\u00e9 provincial, la venue en 1974 dAnsel Adams, monument de la photographie californienne, a m\u00e9tamorphos\u00e9 limage des Rencontres. Tous les grands noms du XX\u00e8me si\u00e8cle tels Jacques-Henri Lartigue ou Henri Cartier-Bresson, ont suivi. Les Rencontres sont devenues La r\u00e9f\u00e9rence, d\u00e9tr\u00f4nant New York ou Londres. En t\u00e9moigne la part de la France sur le march\u00e9 mondial de la photo, \u00e0 12,5, contre 6 pour lensemble du march\u00e9 de lart. Documentaire de cr\u00e9ation, France, 2013, couleur, HD Canon 5D, 50, version originale en anglais, sous-titres fran\u00e7ais. Abonnez-vous pour un acc\u00e8s complet \u00e0 de L\u0152il de la Photographie! Des milliers dimages et darticles, documentant lhistoire de la photographie et son \u00e9volution au cours des derni\u00e8res d\u00e9cennies, \u00e0 travers un journal quotidien unique. A Thou Bout dChant, fin de saison et reports des concerts Parall\u00e8lement aux rencontres officielles de la photographie \u00e0 Arles, ne manquez pas le festival Voies Off, dont la programmation est consacr\u00e9e \u00e0 la jeune cr\u00e9ation photographique internationale. Les Ateliers Jeune Public, ouvert aux enfants de 7 \u00e0 11 ans. Les Rencontres dArles proposent cette ann\u00e9e une programmation sp\u00e9ciale, ludique et \u00e9ducative d\u00e9di\u00e9e aux jeunes festivaliers. Retrouvez le programme et les infos  Claude-Christian Pierre, Pr\u00e9sident ; Sabine Marze, Directrice Artistique Les Rencontres de la photo sexposent aussi dans les capitales r\u00e9gionales voisines comme Avignon Vik MunizCollection Lambert, Cavaillon Willy RonisChapelle du Grand Couvent, Marseille Jean-Louis GarnellCentre Photographique; Caroline CorbassonFRAC; Ludovic Car\u00e8meFriche la Belle de Mai; 40 ans apr\u00e8sFriche la Belle de Mai; La Fabrique des IllusionsMUCEM, N\u00eemes Rayyane TabetCarr\u00e9 dArt; Art Collection TelekomCarr\u00e9 dArt; Daniel G.And\u00f9jarCarr\u00e9 dArt; Le Fonds Charles PerrierMus\u00e9e du Vieux N\u00eemes, Porc de Bouc Anne-Catherine Becker-EchivardMaison des Projets, et Toulon Harry GruyaertH\u00f4tel des Arts; Raymond DepardonMus\u00e9e de La Marine dans le cadre du projet Grand Arles Express. <img decoding=\"async\" src=\"http:\/\/4.bp.blogspot.com\/-pQ9nqKNJN7w\/TiK6Q2vYSlI\/AAAAAAAAD6M\/6Z-30qmribM\/s1600\/_0012134.jpg\" alt=\"rencontres arles off\" align=\"center\"> <img decoding=\"async\" src=\"http:\/\/pascaltherme.com\/wp-content\/uploads\/2017\/07\/Where-does-the-white-go-by-Piergiorgio-Casotti-Tipibookshop-3.jpg\" alt=\"rencontres arles off\" align=\"right\"> De plus, dans la zone de La Corogne sont organis\u00e9es le s Rencontres On Off p endant lesquelles est offerte aux membres du coll\u00e8ge la possibilit\u00e9 dorganiser une rencontre, sur le mode dune mini&#8230;  which offers fresh readings depending o n the items broug ht and assembled..  <img decoding=\"async\" src=\"http:\/\/catherinevinay.com\/wp-content\/uploads\/2018\/09\/DSC_3634-e1535876904207.jpg\" alt=\"rencontres arles off\" align=\"left\"> with participating owners to learn more about the clientele targeted by the project. CEST LA RENTREE.. Les cours et stages reprennent, avec des nouveaut\u00e9s 2005 : Paris-Photo, sur le stand de la Galerie Le R\u00e9verb\u00e8re, Lyon Catalog, Un mince vernis de r\u00e9alit\u00e9, foreword Michel Poivert, Filigranes, Paris. Au commencement, il y avait un jardin, un jardin.. Elle devait se d\u00e9rouler du 30 juillet au 2 ao\u00fbt 2020.<\/p>\n","protected":false},"excerpt":{"rendered":"<p>rencontres arles off<\/p>\n","protected":false},"author":1,"featured_media":0,"comment_status":"closed","ping_status":"closed","sticky":false,"template":"","format":"standard","meta":{"footnotes":""},"categories":[1],"tags":[],"_links":{"self":[{"href":"https:\/\/atombroker.hu\/journal\/wp-json\/wp\/v2\/posts\/8493"}],"collection":[{"href":"https:\/\/atombroker.hu\/journal\/wp-json\/wp\/v2\/posts"}],"about":[{"href":"https:\/\/atombroker.hu\/journal\/wp-json\/wp\/v2\/types\/post"}],"author":[{"embeddable":true,"href":"https:\/\/atombroker.hu\/journal\/wp-json\/wp\/v2\/users\/1"}],"replies":[{"embeddable":true,"href":"https:\/\/atombroker.hu\/journal\/wp-json\/wp\/v2\/comments?post=8493"}],"version-history":[{"count":1,"href":"https:\/\/atombroker.hu\/journal\/wp-json\/wp\/v2\/posts\/8493\/revisions"}],"predecessor-version":[{"id":8494,"href":"https:\/\/atombroker.hu\/journal\/wp-json\/wp\/v2\/posts\/8493\/revisions\/8494"}],"wp:attachment":[{"href":"https:\/\/atombroker.hu\/journal\/wp-json\/wp\/v2\/media?parent=8493"}],"wp:term":[{"taxonomy":"category","embeddable":true,"href":"https:\/\/atombroker.hu\/journal\/wp-json\/wp\/v2\/categories?post=8493"},{"taxonomy":"post_tag","embeddable":true,"href":"https:\/\/atombroker.hu\/journal\/wp-json\/wp\/v2\/tags?post=8493"}],"curies":[{"name":"wp","href":"https:\/\/api.w.org\/{rel}","templated":true}]}}