{"id":8419,"date":"2020-10-09T00:09:42","date_gmt":"2020-10-09T00:09:42","guid":{"rendered":"http:\/\/atombroker.hu\/journal\/?p=8419"},"modified":"2020-10-05T17:20:09","modified_gmt":"2020-10-05T17:20:09","slug":"cafe-rencontre-france-alzheimer","status":"publish","type":"post","link":"https:\/\/atombroker.hu\/journal\/2020\/10\/09\/cafe-rencontre-france-alzheimer\/","title":{"rendered":"Caf\u00e9 Rencontre France Alzheimer"},"content":{"rendered":"<p>Genevi\u00e8ve Leclerc qui coproduit le spectacle avec la soci\u00e9t\u00e9, bas\u00e9e \u00e0 Qu\u00e9bec a donc choisi pour cadre un studio quelle conna\u00eet bien, et o\u00f9 elle se sent confortable. Des deux pays, parfois \u00e9mouvants, souvent tr\u00e8s dr\u00f4les. Ce premier album de Mirabelle sintitule Late Bloomer, quon pourrait traduire litt\u00e9ralement par floraison tardive. Au sens figur\u00e9, lexpression d\u00e9crit aussi ces gens qui trouvent leur voie ou leur vocation plus tard que la moyenne des ours. Lautrice-compositrice-interpr\u00e8te native de la Beauce endosse l\u00e9tiquette sans h\u00e9siter. \u00c0 limage de Claudine qui souhaitait avoir plus de bagages pour aider sa maman au quotidien. Ou dIsabelle qui voulait, elle aussi, \u00eatre mieux arm\u00e9e pour aider mon papy comme elle lappelle, une personne malade avec qui elle a nou\u00e9 des liens amicaux au fil des ann\u00e9es et quelle trouve normal daider. A donn\u00e9 lieu \u00e0 beaucoup d\u00e9changes et de discussions autour de la table. Par ailleurs, des intervenants sont r\u00e9guli\u00e8rement convi\u00e9s pour parler de la maladie ou des structures daide et de soins existantes.  Nous aurons aussi les repr\u00e9sentantes de La Malle aux Livres qui contribueront \u00e0 lanimation de ce moment-: Fleurs de soleil de, mise en sc\u00e8ne, tourn\u00e9e Toutes les solutions pour tous les aidants de la m\u00e9tropole de Lyon Les seniors ont \u00e9t\u00e9 lobjet de d\u00e9bats ces derni\u00e8res semaines autour du d\u00e9confinement. LInstitut Fran\u00e7ais des Seniors a choisi dinterroger en <img decoding=\"async\" src=\"http:\/\/metz.curieux.net\/agenda\/images\/visuel\/0\/image_3869.jpg\" alt=\"caf\u00e9 rencontre france alzheimer\" align=\"left\"> Les Vincent Valli\u00e8res, Alexandra Str\u00e9liski, Hubert Lenoir, Les soeurs Boulay, SOMMM, Fouki, Les Trois Accords, Roch Voisine, Paul Pich\u00e9 et Diane Dufresne seront aussi de la partie.  \u00c7a fait aujourdhui cinq ans que je viens au Caf\u00e9 m\u00e9moire avec mon mari. Il a la maladie dAlzheimer mais ici, il est \u00e0 son aise et \u00e7a le rend de bonne humeur. Quand il y a une animation musicale, il adore.. Il na pas oubli\u00e9 les paroles des chansons! Arriv\u00e9e le vendredi 12 Octobre au Manoir de la Canche \u00e0 Huby-Saint-Leu \u00e0 18h00 avec le pot daccueil. Vous \u00eates aidant dune personne en situation de handicap toutes pathologies, venez participer \u00e0 des temps de formations o\u00f9 dinformations sur diff\u00e9rentes th\u00e9matiques : les droits, le r\u00e9pit, la manutention, le stress, la place des professionnels de pr\u00e9vention de la maladie. Nos propres recherches montrent que la plupart des gens pensent que la maladie dAlzheimer ou maladie apparent\u00e9e est in\u00e9vitable. Nous devons mieux informer le public sur Mardi 13 janvier : s\u00e9jours-vancances r\u00e9pits Alzheimer  Cette iframe contient la logique n\u00e9cessaire pour manipuler Gravity Forms avec Ajax. <img decoding=\"async\" src=\"http:\/\/www.halte-pouce.fr\/IMG\/jpg\/Affiche_Cafes_parents_2009-2010.jpg\" alt=\"caf\u00e9 rencontre france alzheimer\" align=\"right\"> Facile et s\u00e9curis\u00e9, notre formulaire de don g\u00e9r\u00e9 par la plateforme HelloAsso vous permet de Le duo compos\u00e9 de Pierre Lapointe et Ariane Moffat sera de retour \u00e0 lanimation. Ils seront entour\u00e9s dartistes de toutes les g\u00e9n\u00e9rations et de tous les horizons. Patrice Michaud, Lara Fabian, Michel Rivard, Marie-Mai, Louis-Jean Cormier, Richard S\u00e9guin et Coeur de pirate comptent parmi ceux-ci. Ils proposeront des num\u00e9ros qui rendront hommage \u00e0 la r\u00e9silience des Qu\u00e9b\u00e9cois. <img decoding=\"async\" src=\"http:\/\/www.note.anglersacademy.org\/media\/00\/00\/3717603923.jpg\" alt=\"caf\u00e9 rencontre france alzheimer\" align=\"left\">.<\/p>\n","protected":false},"excerpt":{"rendered":"<p>caf\u00e9 rencontre france alzheimer<\/p>\n","protected":false},"author":1,"featured_media":0,"comment_status":"closed","ping_status":"closed","sticky":false,"template":"","format":"standard","meta":{"footnotes":""},"categories":[1],"tags":[],"_links":{"self":[{"href":"https:\/\/atombroker.hu\/journal\/wp-json\/wp\/v2\/posts\/8419"}],"collection":[{"href":"https:\/\/atombroker.hu\/journal\/wp-json\/wp\/v2\/posts"}],"about":[{"href":"https:\/\/atombroker.hu\/journal\/wp-json\/wp\/v2\/types\/post"}],"author":[{"embeddable":true,"href":"https:\/\/atombroker.hu\/journal\/wp-json\/wp\/v2\/users\/1"}],"replies":[{"embeddable":true,"href":"https:\/\/atombroker.hu\/journal\/wp-json\/wp\/v2\/comments?post=8419"}],"version-history":[{"count":1,"href":"https:\/\/atombroker.hu\/journal\/wp-json\/wp\/v2\/posts\/8419\/revisions"}],"predecessor-version":[{"id":8420,"href":"https:\/\/atombroker.hu\/journal\/wp-json\/wp\/v2\/posts\/8419\/revisions\/8420"}],"wp:attachment":[{"href":"https:\/\/atombroker.hu\/journal\/wp-json\/wp\/v2\/media?parent=8419"}],"wp:term":[{"taxonomy":"category","embeddable":true,"href":"https:\/\/atombroker.hu\/journal\/wp-json\/wp\/v2\/categories?post=8419"},{"taxonomy":"post_tag","embeddable":true,"href":"https:\/\/atombroker.hu\/journal\/wp-json\/wp\/v2\/tags?post=8419"}],"curies":[{"name":"wp","href":"https:\/\/api.w.org\/{rel}","templated":true}]}}