{"id":8249,"date":"2020-10-08T12:03:57","date_gmt":"2020-10-08T12:03:57","guid":{"rendered":"http:\/\/atombroker.hu\/journal\/?p=8249"},"modified":"2020-10-05T11:33:59","modified_gmt":"2020-10-05T11:33:59","slug":"chat-hautes-pyrenees","status":"publish","type":"post","link":"https:\/\/atombroker.hu\/journal\/2020\/10\/08\/chat-hautes-pyrenees\/","title":{"rendered":"Chat Hautes Pyrenees"},"content":{"rendered":"<p>Apr\u00e8s les dons, les applaudissements \u00e0 20 heures, la volont\u00e9 doffrir ses cong\u00e9s pay\u00e9s, voici une nouvelle initiative pour remercier les soignants : Emmanuel Macron souhaite que la f\u00eate nationale soit une occasion suppl\u00e9mentaire de manifester lhommage et la reconnaissance de la nation \u00e0 tous ceux qui se sont engag\u00e9s dans la lutte contre le Covid-19, a indiqu\u00e9 la porte-parole du gouvernement. Une participation financi\u00e8re aux frais v\u00e9t\u00e9rinaire et \u00e0 la vie du refuge sera demand\u00e9e Payable en plusieurs fois si besoin : 17h51 : A mende pour des jur\u00e9s absents aux assises le premier jour du d\u00e9confinement La mortalit\u00e9 routi\u00e8re appara\u00eet comme importante, surtout en zone de montagne. Les pathologies transmises par les Chats domestiques ne sont pas \u00e0 n\u00e9gliger. Quelques individus sont toujours victimes du pi\u00e9geage, avec destruction ill\u00e9gale prise accidentelle. Les populations semblent globalement en expansion, les zones vides de pr\u00e9sence ne sont pas colonis\u00e9es pour autant. Une garantie dune nourriture riche et \u00e9quilibr\u00e9e <img decoding=\"async\" src=\"http:\/\/www.pyrenees-becs-et-crocs.fr\/modules\/slideshow\/images\/1\/pyrenees-becs-et-croc3-large.jpg\" alt=\"chat hautes pyrenees\" align=\"right\"> Les \u00e9leveurs de chats et de chatons de race sunissent pour Chats de France <img decoding=\"async\" src=\"http:\/\/image.lachainemeteo.com\/images\/publicator_2009\/phototheque\/publie\/reporter\/web\/2015\/07\/20150702-121012-Nuages-Betchat-REPORTER_ANDROID-179562_g43.jpg\" alt=\"chat hautes pyrenees\" align=\"left\"> Ces juges ont tous pour point commun une exp\u00e9rience hors du commun dans l\u00e9levage et la promotion de lune ou lautre des races de f\u00e9lins domestiques. Ils viendront dAllemagne, des USA, de Tha\u00eflande ou m\u00eame dAustralie pour officier selon les r\u00e8gles les plus strictes de la Cat Fanciers Association, le plus grand livre des origines f\u00e9lines au monde pr\u00e9sent en France depuis 1998 mais dont ce sera la premi\u00e8re exposition licenci\u00e9e \u00e0 Tarbes! 22h48 : Seulement 5 de la population infect\u00e9e en Espagne, selon une \u00e9tude Les gendarmes ont interpell\u00e9 lindividu sur un lieu descalade. Le chef du gouvernement, Mateusz Morawiecki, a cependant soulign\u00e9 que le port du masque de protection \u00e0 lext\u00e9rieur et la distanciation sociale resteraient obligatoires apr\u00e8s le 18 mai, la date de lentr\u00e9e en vigueur des nouvelles dispositions.  Elle a encore annonc\u00e9 quune m\u00e9daille de lengagement face aux \u00e9pid\u00e9mies serait r\u00e9activ\u00e9e. LAutriche et lAllemagne pr\u00e9voient de r\u00e9tablir \u00e0 partir du 15 juin la libre circulation \u00e0 leur fronti\u00e8re commune ferm\u00e9e depuis mi-mars. Cette d\u00e9cision prise sera pr\u00e9c\u00e9d\u00e9e dun assouplissement des conditions de passage d\u00e8s le 15 mai. <img decoding=\"async\" src=\"http:\/\/2.bp.blogspot.com\/-ui4m2TTTrY4\/UAQSRzAYQ5I\/AAAAAAAAM18\/vTli5bcdxvw\/s1600\/Arenaria+gothica++6905.JPG\" alt=\"chat hautes pyrenees\" align=\"right\"> Veuillez cocher la case pour nous prouver que vous n\u00eates pas un robot Ce ne sont pas 15 cadavres de chats qui ont \u00e9t\u00e9 retrouv\u00e9s ce jeudi matin dans un appartement lonsois mais 30 au total. Pendant le confinement, ce Toulousain de 26 ans avait \u00e9lu domicile chez un ami pr\u00e8s dArgel\u00e8s-Gazost, une commune des Hautes-Pyr\u00e9n\u00e9es de 3.000 habitants situ\u00e9e entre Lourdes et Gavarnie. Le monde de la montagne \u00e9tant un microcosme A quoi ressemblera la vie de lanimal au sein de sa nouvelle famille?   Nous utilisons des cookies pour vous garantir la meilleure exp\u00e9rience sur notre site. Si vous continuez, vous acceptez lutilisation des cookies.<\/p>\n","protected":false},"excerpt":{"rendered":"<p>chat hautes pyrenees<\/p>\n","protected":false},"author":1,"featured_media":0,"comment_status":"closed","ping_status":"closed","sticky":false,"template":"","format":"standard","meta":{"footnotes":""},"categories":[1],"tags":[],"_links":{"self":[{"href":"https:\/\/atombroker.hu\/journal\/wp-json\/wp\/v2\/posts\/8249"}],"collection":[{"href":"https:\/\/atombroker.hu\/journal\/wp-json\/wp\/v2\/posts"}],"about":[{"href":"https:\/\/atombroker.hu\/journal\/wp-json\/wp\/v2\/types\/post"}],"author":[{"embeddable":true,"href":"https:\/\/atombroker.hu\/journal\/wp-json\/wp\/v2\/users\/1"}],"replies":[{"embeddable":true,"href":"https:\/\/atombroker.hu\/journal\/wp-json\/wp\/v2\/comments?post=8249"}],"version-history":[{"count":1,"href":"https:\/\/atombroker.hu\/journal\/wp-json\/wp\/v2\/posts\/8249\/revisions"}],"predecessor-version":[{"id":8250,"href":"https:\/\/atombroker.hu\/journal\/wp-json\/wp\/v2\/posts\/8249\/revisions\/8250"}],"wp:attachment":[{"href":"https:\/\/atombroker.hu\/journal\/wp-json\/wp\/v2\/media?parent=8249"}],"wp:term":[{"taxonomy":"category","embeddable":true,"href":"https:\/\/atombroker.hu\/journal\/wp-json\/wp\/v2\/categories?post=8249"},{"taxonomy":"post_tag","embeddable":true,"href":"https:\/\/atombroker.hu\/journal\/wp-json\/wp\/v2\/tags?post=8249"}],"curies":[{"name":"wp","href":"https:\/\/api.w.org\/{rel}","templated":true}]}}