{"id":8225,"date":"2020-10-08T15:56:34","date_gmt":"2020-10-08T15:56:34","guid":{"rendered":"http:\/\/atombroker.hu\/journal\/?p=8225"},"modified":"2020-10-05T10:27:38","modified_gmt":"2020-10-05T10:27:38","slug":"rencontre-internationale-mej","status":"publish","type":"post","link":"https:\/\/atombroker.hu\/journal\/2020\/10\/08\/rencontre-internationale-mej\/","title":{"rendered":"Rencontre Internationale Mej"},"content":{"rendered":"<p>\u039a\u03bb\u03b9\u03bc\u03b1\u03c4\u03b9\u03ba\u03ae \u03b1\u03bb\u03bb\u03b1\u03b3\u03ae \u03bf\u03c1\u03b9\u03c3\u03bc\u03bf\u03c2 OKI MB260280290MFP OPC DRUM Stay tuned with the latest news Install our browser extension <img decoding=\"async\" src=\"http:\/\/stxress.gq\/charades\/wp-content\/uploads\/2016\/09\/blagues-halloween-vampires-5.png\" alt=\"rencontre internationale mej\" align=\"left\"> Rencontre internationale 12 au 14 juillet \u00e0 Salvador de Bahia. Vous b\u00e9n\u00e9ficiez du droit de vous opposer au traitement de vos donn\u00e9es personnelles et du droit \u00e0 la portabilit\u00e9 de vos donn\u00e9es. Et lautre de coordination dioc\u00e9saine de la pastorale Soir\u00e9e anim\u00e9e par Jean-Luc POUTHIER et Fran\u00e7ois EUV\u00c9 sj Ce centenaire cest dabord, pour les jeunes, la joie de d\u00e9couvrir quils sont tr\u00e8s nombreux dans le monde et pas simplement dans leur pays, le p\u00e8re Fr\u00e9d\u00e9ric Fornos, j\u00e9suite, directeur g\u00e9n\u00e9ral d\u00e9l\u00e9gu\u00e9 de lApostolat de la Pri\u00e8re et du MEJ. Ils se d\u00e9couvrent dune grande famille. Ce jubil\u00e9, poursuit-il, est \u00e9galement loccasion de prendre conscience de la profondeur spirituelle qui leur est offerte et ainsi de revenir aux essentiels pour les a aider \u00e0 d\u00e9couvrir avec plus de joie la Source qui les fait vivre : J\u00e9sus, dans l\u00c9vangile, lEucharistie et la mission. Rencontre priv\u00e9e avec le pape Fran\u00e7ois vendredi <img decoding=\"async\" src=\"http:\/\/idata.over-blog.com\/2\/81\/18\/72\/images\/jeunes-du-mej.jpg\" alt=\"rencontre internationale mej\" align=\"right\"> 2 Voyagez-vous beaucoup, \u00e0 quelle fr\u00e9quence, c\u00f4toyez-vous beaucoup de MEJ?  <img decoding=\"async\" src=\"http:\/\/canadajournal.net\/wp-content\/uploads\/2015\/06\/Carrie-Underwood-Baby-Weight-Loss-Secrets-660x330.jpg\" alt=\"rencontre internationale mej\" align=\"left\">  Though, I would like to hold back some information for security reasons for now until you find time to visit the BBC website stated below to enable you have an insight of what I intend sharing with you, believing that it would be of your desired interest.  On 26 April Msgr Kohn received Stefano Cascio, Nina von Heereman and Mayda.. Lhistoire du MEJ est ancienne! D\u00e9couvrez comment le Mouvement a vu le jour et grandi au fil de ces ann\u00e9es. Retrouvez toutes nos actualit\u00e9s gr\u00e2ce \u00e0 la newsletter Les paroisses doivent \u00eatre au contact des familles, de la vie des gens, de la vie du peuple. D ossier de presse des articles, vid\u00e9os, reportages sur latelier MATh.en.JEANS du lyc\u00e9e dAltitude 2017-2018 moment theres another b i g youth movement g o ing on geared towards.. Fin 1985 sort son premier album et suivent les premi\u00e8res demandes pour animer diverses rencontres : veill\u00e9eschants dans les paroisses, rassemblements de jeunes ou de moins jeunes, p\u00e8lerinages, interventions en \u00e9coles, coll\u00e8ges, lyc\u00e9es dans toute la France. Il d\u00e9cide alors de partager son temps entre ses deux passions : son m\u00e9tier dassistant social et ses tourn\u00e9es de chanteur. Il sillonne lhexagone et ses tourn\u00e9es lemm\u00e8nent parfois \u00e0 l\u00e9tranger : Isra\u00ebl, Suisse, Maroc, Belgique, Luxembourg, Italie Ayant abandonn\u00e9 son m\u00e9tier dassistant social depuis longtemps d\u00e9j\u00e0, il se consacre totalement \u00e0 la chanson et a enregistr\u00e9 de nombreux albums. Le dernier, Cap sur l\u00c9vangile est sorti en 2014 chez ADF Musique. \u03a3\u03c4\u03b1\u03c1\u03b4\u03bf\u03bb\u03bb \u03c4\u03b5\u03bb\u03b5\u03b9\u03b1 \u03c0\u03b1\u03c1\u03bf\u03c5\u03c3\u03b9\u03b1\u03c3\u03b7 \u03b5\u03bd\u03b5\u03c3\u03b9\u03bc\u03bf \u03c5\u03b1\u03bb\u03bf\u03c5\u03c1\u03bf\u03bd\u03b9\u03ba\u03cc \u03bf\u03be\u03cd \u03c4\u03b9\u03bc\u03ad\u03c2.<\/p>\n","protected":false},"excerpt":{"rendered":"<p>rencontre internationale mej<\/p>\n","protected":false},"author":1,"featured_media":0,"comment_status":"closed","ping_status":"closed","sticky":false,"template":"","format":"standard","meta":{"footnotes":""},"categories":[1],"tags":[],"_links":{"self":[{"href":"https:\/\/atombroker.hu\/journal\/wp-json\/wp\/v2\/posts\/8225"}],"collection":[{"href":"https:\/\/atombroker.hu\/journal\/wp-json\/wp\/v2\/posts"}],"about":[{"href":"https:\/\/atombroker.hu\/journal\/wp-json\/wp\/v2\/types\/post"}],"author":[{"embeddable":true,"href":"https:\/\/atombroker.hu\/journal\/wp-json\/wp\/v2\/users\/1"}],"replies":[{"embeddable":true,"href":"https:\/\/atombroker.hu\/journal\/wp-json\/wp\/v2\/comments?post=8225"}],"version-history":[{"count":1,"href":"https:\/\/atombroker.hu\/journal\/wp-json\/wp\/v2\/posts\/8225\/revisions"}],"predecessor-version":[{"id":8226,"href":"https:\/\/atombroker.hu\/journal\/wp-json\/wp\/v2\/posts\/8225\/revisions\/8226"}],"wp:attachment":[{"href":"https:\/\/atombroker.hu\/journal\/wp-json\/wp\/v2\/media?parent=8225"}],"wp:term":[{"taxonomy":"category","embeddable":true,"href":"https:\/\/atombroker.hu\/journal\/wp-json\/wp\/v2\/categories?post=8225"},{"taxonomy":"post_tag","embeddable":true,"href":"https:\/\/atombroker.hu\/journal\/wp-json\/wp\/v2\/tags?post=8225"}],"curies":[{"name":"wp","href":"https:\/\/api.w.org\/{rel}","templated":true}]}}