{"id":8131,"date":"2020-10-08T07:35:45","date_gmt":"2020-10-08T07:35:45","guid":{"rendered":"http:\/\/atombroker.hu\/journal\/?p=8131"},"modified":"2020-10-05T06:07:46","modified_gmt":"2020-10-05T06:07:46","slug":"rencontres-charente-maritime","status":"publish","type":"post","link":"https:\/\/atombroker.hu\/journal\/2020\/10\/08\/rencontres-charente-maritime\/","title":{"rendered":"Rencontres Charente Maritime"},"content":{"rendered":"<p>Relatives \u00e0 leur sort apr\u00e8s votre d\u00e9c\u00e8s. Pour en savoir plus et exercer vos droits, prenez connaissance de notre  <img decoding=\"async\" src=\"http:\/\/www.minelli.fr\/media-589\/catalog\/product\/cache\/1\/image\/1224x1350\/9df78eab33525d08d6e5fb8d27136e95\/H\/Q\/richelieu-lorely-2_veau-vernis__minelli-bbf2894efdd6e2dffdbdfd9856f33f78-a.jpg\" alt=\"rencontres charente maritime\" align=\"right\"> Recherche mod\u00e8le f\u00e9minin pour dessins et croquis. Non professionnel accept\u00e9 apr\u00e8s essai. Me contacter sur mon mail:jgueniniyahoo.com Ils recrutent-Arts plastiques ATELIER Arcachon 33120 Modifi\u00e9 le 030719 Des actions online et un Quizz ludique en Belgique.-La fusion-cr\u00e9ation, un principe valid\u00e9 par les Conseil dAdministration et les \u00e9lus bonjour, je suis de royan depuis peu et je voudrais pouvoir \u00e9largir mon cercle damis en faisant des rencontres amicales autour dune soir\u00e9e, ou un verre, ou une soir\u00e9e, jai deux enfants et je mennuie un peu \u00e9tant timide Restaurant Cin\u00e9ma Repas entre amis Balades, Moto passag\u00e8re, Sport Jai 22 ans, jai pas de copain, je suis jeune et je cherche \u00e0 faire des b\u00eatises avec des hommes de preference plus vieux que moi pour profiter, essayer des choses nouvelles et m\u00e9clater sans pense.. Je suis une femme s\u00e9rieuse et je tiens \u00e0 partager avec mon partenaire. Recherche: Je cherche un homme exp\u00e9riment\u00e9 et a un \u00e2ge de 36-65 ans Femme aux cheveux ch\u00e2tains, aux cheveux mi-longs,, moyenne,,,,,,,, non pratiquante, bon morceau de Blues pour que les mots virevoltent Reportage \u00c9ric Vallet, Pierre Lahaye et Sandy Renault. Diaporama mettant en valeur les actualit\u00e9s v\u00e9lo des adh\u00e9rents des DRC <img decoding=\"async\" src=\"http:\/\/www.lhebdo17.fr\/wp-content\/uploads\/2018\/05\/HE_01-422x630.jpg\" alt=\"rencontres charente maritime\" align=\"center\"> L Ile de R\u00e9 et ses longues pistes cyclables longues de plus 110km! Quel bonheur de les parcourir en famille! L\u00eele poss\u00e8de de nombreux monuments historiques \u00e0 visiter, tels que le Phare des Baleines, ou la cit\u00e9 de Saint-Martin-de-R\u00e9, \u00e9rig\u00e9e par Vauban. <img decoding=\"async\" src=\"http:\/\/www.nice.10000koans.com\/bibliotheque_image\/Actualites\/juin\/20170608_congresJA.jpg\" alt=\"rencontres charente maritime\" align=\"left\"> Bonjour, je suis ici \u00e0 la recherche de nouvelles connaissances, et pourquoi pas dune Amiti\u00e9 ; je suis quelquun de calme, bienveillant et jaime les choses simples de la vie.  Dautres sites \u00e0 conna\u00eetre au-del\u00e0 de la Charente-Maritime : Pi\u00e9ger le temps pour que limage devienne un morceau de r\u00e9alit\u00e9.  Je suis tout nouvellement inscrit dans le but de lier connaissance,bien sur mais surtout \u00e0 la recherche d une femme s\u00e9rieuse et stable dans sa t\u00eate comme dans ses choix.<\/p>\n","protected":false},"excerpt":{"rendered":"<p>rencontres charente maritime<\/p>\n","protected":false},"author":1,"featured_media":0,"comment_status":"closed","ping_status":"closed","sticky":false,"template":"","format":"standard","meta":{"footnotes":""},"categories":[1],"tags":[],"_links":{"self":[{"href":"https:\/\/atombroker.hu\/journal\/wp-json\/wp\/v2\/posts\/8131"}],"collection":[{"href":"https:\/\/atombroker.hu\/journal\/wp-json\/wp\/v2\/posts"}],"about":[{"href":"https:\/\/atombroker.hu\/journal\/wp-json\/wp\/v2\/types\/post"}],"author":[{"embeddable":true,"href":"https:\/\/atombroker.hu\/journal\/wp-json\/wp\/v2\/users\/1"}],"replies":[{"embeddable":true,"href":"https:\/\/atombroker.hu\/journal\/wp-json\/wp\/v2\/comments?post=8131"}],"version-history":[{"count":1,"href":"https:\/\/atombroker.hu\/journal\/wp-json\/wp\/v2\/posts\/8131\/revisions"}],"predecessor-version":[{"id":8132,"href":"https:\/\/atombroker.hu\/journal\/wp-json\/wp\/v2\/posts\/8131\/revisions\/8132"}],"wp:attachment":[{"href":"https:\/\/atombroker.hu\/journal\/wp-json\/wp\/v2\/media?parent=8131"}],"wp:term":[{"taxonomy":"category","embeddable":true,"href":"https:\/\/atombroker.hu\/journal\/wp-json\/wp\/v2\/categories?post=8131"},{"taxonomy":"post_tag","embeddable":true,"href":"https:\/\/atombroker.hu\/journal\/wp-json\/wp\/v2\/tags?post=8131"}],"curies":[{"name":"wp","href":"https:\/\/api.w.org\/{rel}","templated":true}]}}