{"id":8101,"date":"2020-10-08T07:09:17","date_gmt":"2020-10-08T07:09:17","guid":{"rendered":"http:\/\/atombroker.hu\/journal\/?p=8101"},"modified":"2020-10-05T05:13:12","modified_gmt":"2020-10-05T05:13:12","slug":"rencontre-metalleux-belgique","status":"publish","type":"post","link":"https:\/\/atombroker.hu\/journal\/2020\/10\/08\/rencontre-metalleux-belgique\/","title":{"rendered":"Rencontre Metalleux Belgique"},"content":{"rendered":"<p>Dentre vous a r\u00e9pondu \u00e0 notre sondage et nous vous en remercions. Nous vous Je suis un tr\u00e8s gros fan de tout styles: black metal,international, certains groupes de death metal.  Publi\u00e9 dans Le P\u00e8lerin 5 avril 2012-Mis \u00e0 jour le 27 f\u00e9vrier 2019 Lobservateur m\u00e9dical belge: Journal de m\u00e9decine et des sciences accessoires Projet solo de Varg Vikernes ce dernier estimant quavoir plus dune personne dans un projet artistique est toujours un compromis, il y assure tous les instruments cr\u00e9\u00e9 en 1991. Condamn\u00e9 en 1994 \u00e0 21 ans demprisonnement la peine maximale en Norv\u00e8ge pour le meurtre d\u00d8ystein Aarseth alias Euronymous de Mayhem, Varg Vikernes trouve avant son emprisonnement le temps de produire 4 albums, caract\u00e9ris\u00e9s par une grande \u00e9conomie de moyens : il y utilise volontairement les instruments les plus bon march\u00e9, une vieille guitare Westone, la basse la moins ch\u00e8re du magasin, emprunte les batteries, et en guise de micro.. Un casque audio. Content fetched string id: p, result: kind: posplusones, id: http:www.shootmeagain.comarticles297_lepremierfestivalmetaldelanneecestlui, isSetByViewer: false, metadata: type: URL, globalCounts: count: 0.0, abtk: length273 Json array length1 debout? Un festival? On ne voit pas trop comment lorganisateur pourrait bien faire pour Pour ce qui est des cookies plac\u00e9s par des tiers, nous renvoyons aux d\u00e9clarations que ces parties fournissent sur leur propre site web. Veuillez noter que ces d\u00e9clarations peuvent changer r\u00e9guli\u00e8rement et que nous ne pouvons exercer aucune influence en la mati\u00e8re. Des cookies pour pouvoir afficher des publicit\u00e9s personnalis\u00e9es Le contr\u00f4le parental est maintenant d\u00e9sactiv\u00e9 pendant 10 minutes. Fermer Jaime les pseudos car ils \u00e9gaient les blogs. Ils ont une dimension pittoresque, sauf quand ils servent dexcuse pour oublier les bonnes mani\u00e8res. Ils nous permettent de laisser au second plan, notre m\u00e9tier, notre statut, nos dipl\u00f4mes pour confronter librement nos id\u00e9es et nos arguments.  Maxence Boisseauformalisateur, contextualisateur Martin Napoleoni archi ecosystemiste plasticienne du rythme VIVE LARTYSANAL, VIVE LHYBRIDE, VIVE LOBLONG, VIVE LE CUIVR\u00e9, Avec Aura O. De Julien Courtet on se croirait \u00e0 Milan ou \u00e0 Londres dans le design arty de lair du temps je lui conseille ainsi quaux autres designers de poster illico presto leur candidature \u00e0 Satellite Milan et dans quelque mois un ou plusieurs seront par exemple chez la celebrissime Avec comme ligne de conduite : pour cro\u00eetre en design dauteur comme en art, il faut innover un peu puis decliner beaucoup, decliner passionnement. Comme lartisanat dart ou pas dart, le design ce nest pas un mais des m\u00e9tiers \u00e0 la fois techniques et artistiques qui impliquent des savoirs faire sp\u00e9cifiques mais aussi des faire savoir moins sp\u00e9cifiques car li\u00e9es au marketing des produits et services et au commerce de lart. Ce devrait \u00eatre l\u00e9cole sup\u00e9rieure des metiers du design et des m\u00e9tiers dArt. Je choisis le premier de la liste Julien Courtet et je lui dis chapeau car il peut entrer dans le design artisanal et. Dans le design industriel et decliner en passant de loblong \u00e0 dautres formes geometriques ou non. Et m\u00eame la forme de lobjet ce qui peut presenter un int\u00e9r\u00eat mus\u00e9al. Un bon design objet peut facilement \u00e9tendre son territoire cf Bouroullec, Crasset et changer dunivers et dechelle Lampe du studio japonais Yoy Ce luminaire compos\u00e9 uniquement dun pied daluminium, projetant la silhouette lumineuse dun abat-jour dans son environnement est une cr\u00e9ation du studio YOYfond\u00e9 par les designers japonais Naoki Ono et Yuki Yamamoto. Or nous avons ici un meuble et un luminaire avec un reflecteur oblond. Donc un hybride. Parcourez les photos authentiques des adeptes de la musique m\u00e9tal. <img decoding=\"async\" src=\"http:\/\/adjecetival.tk\/articles\/appliques\/zoom\/Appliques-PETITOT_3807.jpg\" alt=\"rencontre metalleux belgique\" align=\"left\"> <img decoding=\"async\" src=\"http:\/\/adjecetival.tk\/articles\/lampadaires\/zoom\/lampadaire-art-deco_3153.jpg\" alt=\"rencontre metalleux belgique\" align=\"right\"> Lobservateur m\u00e9dical belge: Journal de m\u00e9decine et des sciences accessoires-Google Books on se retrouvera tous en forme en 2021. Suite \u00e0 cette annulation, le Hellfest a initi\u00e9  Bonsoir, je suis une connasse. \u00c9ventuellement, tu tomberas amoureux de moi. Ne ten fais pas, je prendrai soin de toi, soin de ton coeur. Au d\u00e9but. Je te dirai toutes ces choses que tu r\u00eaves dentendre, je te ferai croire \u00e0 la poup\u00e9e qui tousse. Avec moi, tu te sentiras beau, p.. <img decoding=\"async\" src=\"http:\/\/www.thehmirrors.ga\/WebRoot\/ce_fr2\/Shops\/980207004\/5A57\/B4DB\/1782\/1AAD\/6A58\/C0A8\/1910\/B772\/5383938_m.jpg\" alt=\"rencontre metalleux belgique\" align=\"center\">.<\/p>\n","protected":false},"excerpt":{"rendered":"<p>rencontre metalleux belgique<\/p>\n","protected":false},"author":1,"featured_media":0,"comment_status":"closed","ping_status":"closed","sticky":false,"template":"","format":"standard","meta":{"footnotes":""},"categories":[1],"tags":[],"_links":{"self":[{"href":"https:\/\/atombroker.hu\/journal\/wp-json\/wp\/v2\/posts\/8101"}],"collection":[{"href":"https:\/\/atombroker.hu\/journal\/wp-json\/wp\/v2\/posts"}],"about":[{"href":"https:\/\/atombroker.hu\/journal\/wp-json\/wp\/v2\/types\/post"}],"author":[{"embeddable":true,"href":"https:\/\/atombroker.hu\/journal\/wp-json\/wp\/v2\/users\/1"}],"replies":[{"embeddable":true,"href":"https:\/\/atombroker.hu\/journal\/wp-json\/wp\/v2\/comments?post=8101"}],"version-history":[{"count":1,"href":"https:\/\/atombroker.hu\/journal\/wp-json\/wp\/v2\/posts\/8101\/revisions"}],"predecessor-version":[{"id":8102,"href":"https:\/\/atombroker.hu\/journal\/wp-json\/wp\/v2\/posts\/8101\/revisions\/8102"}],"wp:attachment":[{"href":"https:\/\/atombroker.hu\/journal\/wp-json\/wp\/v2\/media?parent=8101"}],"wp:term":[{"taxonomy":"category","embeddable":true,"href":"https:\/\/atombroker.hu\/journal\/wp-json\/wp\/v2\/categories?post=8101"},{"taxonomy":"post_tag","embeddable":true,"href":"https:\/\/atombroker.hu\/journal\/wp-json\/wp\/v2\/tags?post=8101"}],"curies":[{"name":"wp","href":"https:\/\/api.w.org\/{rel}","templated":true}]}}