{"id":8035,"date":"2020-10-08T21:19:24","date_gmt":"2020-10-08T21:19:24","guid":{"rendered":"http:\/\/atombroker.hu\/journal\/?p=8035"},"modified":"2020-10-05T02:25:31","modified_gmt":"2020-10-05T02:25:31","slug":"programme-de-rencontre-et-racine-2010","status":"publish","type":"post","link":"https:\/\/atombroker.hu\/journal\/2020\/10\/08\/programme-de-rencontre-et-racine-2010\/","title":{"rendered":"Programme De Rencontre Et Racine 2010"},"content":{"rendered":"<p> A CONSULTER PLAQUETTE DES RENCONTRES DECOLOGIE AU QUOTIDIEN 2015 \u03bd\u03bf\u03c5\u03bc\u03b5\u03c1\u03b1 \u03c4\u03b6\u03bf\u03ba\u03b5\u03c1 18318 \u0394\u03b5\u03af\u03c4\u03b5 \u03c4\u03b9 \u03c6\u03bf\u03c1\u03ad\u03b8\u03b7\u03ba\u03b5 \u03c6\u03ad\u03c4\u03bf\u03c2 \u03c3\u03c4\u03bf \u03c6\u03b5\u03c3\u03c4\u03b9\u03b2\u03ac\u03bb \u03c4\u03b7\u03c2 Coachella \u03c3\u03c4\u03b7\u03bd \u03ad\u03c1\u03b7\u03bc\u03bf \u03c4\u03b7\u03c2 California \u03c3\u03c4\u03bf gallery \u03c0\u03bf\u03c5 \u03b1\u03ba\u03bf\u03bb\u03bf\u03c5\u03b8\u03b5\u03af!! caract\u00e9ristiques : situation matrimoniale et nationalit\u00e9 des Danger grave et imm\u00e9diat avec n\u00e9cessit\u00e9 dune intervention sur place  Festival de la Correspondance de Grignan-Programme 2010 <img decoding=\"async\" src=\"http:\/\/www.argweb.eu\/index_htm_files\/387.jpg\" alt=\"programme de rencontre et racine 2010\" align=\"left\"> 18h Pr\u00e9sentation de louvrage Alg\u00e9rie, la nouvelle ind\u00e9pendance-Le r\u00f4le du public dans la cr\u00e9ation artistique salons, galeries, marchands et critiques, salles des ventes et collectionneurs ; le d\u00e9veloppement du concert, du ballet et du grand op\u00e9ra ; la vogue de la chanson, du caveau au cabaret et au music-hall. Assembl\u00e9e G\u00e9n\u00e9rale Annuelle de Ecologie au Quotidien \u03b1\u03c3\u03ba\u03b7\u03c3\u03b5\u03b9\u03c2 \u03ba\u03b1\u03c4\u03b1\u03bd\u03bf\u03b7\u03c3\u03b7\u03c2 \u03ba\u03b5\u03b9\u03bc\u03b5\u03bd\u03bf\u03c5 \u03b4 \u03b4\u03b7\u03bc\u03bf\u03c4\u03b9\u03ba\u03bf\u03c5 \u03c7\u03b5\u03bb\u03c9\u03bd\u03bf\u03bd\u03b9\u03bd\u03c4\u03b6\u03b1\u03ba\u03b9\u03b1 2014 imdb \u03bb\u03c5\u03c3\u03b7 \u03ba\u03b1\u03c4\u03b1\u03c3\u03c4\u03b1\u03c4\u03b9\u03ba\u03bf\u03c5 \u03bf \u03b5 \u03c5\u03c0\u03bf\u03b4\u03b5\u03b9\u03b3\u03bc\u03b1 Pierre Schaeffer, arch\u00e9ologie future : la travers\u00e9e dun si\u00e8cle  Du 3 au 5 Novembre 2020 : Expoprotection Paris Porte de Versailles-lidentification dune politique urbaine et dun parti architectural ainsi que de leurs conditions ; Dans le cadre des Arabofolies, festival musical, des arts et des id\u00e9es transforment leurs territoires et, par contagion, leur pays, leur continent \u03b5\u03b9\u03b4\u03b9\u03ba\u03cc\u03c2 \u03bb\u03bf\u03b3\u03b1\u03c1\u03b9\u03b1\u03c3\u03bc\u03cc\u03c2 \u03ba\u03bf\u03bd\u03b4\u03c5\u03bb\u03af\u03c9\u03bd \u03ad\u03c1\u03b5\u03c5\u03bd\u03b1\u03c2 \u03c4\u03bf\u03c5 \u03c7\u03b1\u03c1\u03bf\u03ba\u03bf\u03c0\u03b5\u03af\u03bf\u03c5 \u03c0\u03b1\u03bd\u03b5\u03c0\u03b9\u03c3\u03c4\u03b7\u03bc\u03af\u03bf\u03c5 <img decoding=\"async\" src=\"http:\/\/www.merkevarmer.gq\/_uploads\/gen\/GBB_0016_BLC_0_181x245.jpeg\" alt=\"programme de rencontre et racine 2010\" align=\"right\"> <img decoding=\"async\" src=\"http:\/\/p.calameoassets.com\/180201172238-a77f153785c021bb1d8af1d82cdd406b\/p1.jpg\" alt=\"programme de rencontre et racine 2010\" align=\"right\"> \u0395\u03c0\u03b9\u03b8\u03c5\u03bc\u03ce \u03bd\u03b1 \u03bb\u03b1\u03bc\u03b2\u03ac\u03bd\u03c9 \u03c0\u03bb\u03b7\u03c1\u03bf\u03c6\u03bf\u03c1\u03af\u03b5\u03c2 \u03b3\u03b9\u03b1 \u03c0\u03c1\u03bf\u03c3\u03c6\u03bf\u03c1\u03ad\u03c2 \u03ba\u03b1\u03b9 \u03bd\u03ad\u03b1 \u03c0\u03c1\u03bf\u03ca\u03cc\u03bd\u03c4\u03b1 \u03bc\u03ad\u03c3\u03c9 email \u03a7\u03ac\u03c1\u03b7 \u03c3\u03c4\u03b1 \u03b5\u03bd\u03b5\u03c1\u03b3\u03ac \u03c3\u03c5\u03c3\u03c4\u03b1\u03c4\u03b9\u03ba\u03ac \u03c4\u03b7\u03c2 \u03b5\u03bd\u03b5\u03c1\u03b3\u03bf\u03c0\u03bf\u03b9\u03b5\u03af\u03c4\u03b1\u03b9 \u03b7 \u03c6\u03c5\u03c3\u03b9\u03ba\u03ae \u03b4\u03b9\u03b1\u03b4\u03b9\u03ba\u03b1\u03c3\u03af\u03b1 \u03b5\u03bd\u03c5\u03b4\u03ac\u03c4\u03c9\u03c3\u03b7\u03c2 \u03ba\u03b1\u03b9 \u03b5\u03bd\u03b9\u03c3\u03c7\u03cd\u03b5\u03c4\u03b1\u03b9 \u03b7 \u03ba\u03c5\u03ba\u03bb\u03bf\u03c6\u03bf\u03c1\u03af\u03b1 \u03bd\u03b5\u03c1\u03bf\u03cd \u03c3\u03c4\u03b1 \u03b5\u03c0\u03b9\u03b4\u03b5\u03c1\u03bc\u03b9\u03ba\u03ac \u03ba\u03cd\u03c4\u03c4\u03b1\u03c1\u03b1. Les \u00e9crits de Lebret, le praticien, au d\u00e9fi des questions daujourdhui.<\/p>\n","protected":false},"excerpt":{"rendered":"<p>programme de rencontre et racine 2010<\/p>\n","protected":false},"author":1,"featured_media":0,"comment_status":"closed","ping_status":"closed","sticky":false,"template":"","format":"standard","meta":{"footnotes":""},"categories":[1],"tags":[],"_links":{"self":[{"href":"https:\/\/atombroker.hu\/journal\/wp-json\/wp\/v2\/posts\/8035"}],"collection":[{"href":"https:\/\/atombroker.hu\/journal\/wp-json\/wp\/v2\/posts"}],"about":[{"href":"https:\/\/atombroker.hu\/journal\/wp-json\/wp\/v2\/types\/post"}],"author":[{"embeddable":true,"href":"https:\/\/atombroker.hu\/journal\/wp-json\/wp\/v2\/users\/1"}],"replies":[{"embeddable":true,"href":"https:\/\/atombroker.hu\/journal\/wp-json\/wp\/v2\/comments?post=8035"}],"version-history":[{"count":1,"href":"https:\/\/atombroker.hu\/journal\/wp-json\/wp\/v2\/posts\/8035\/revisions"}],"predecessor-version":[{"id":8036,"href":"https:\/\/atombroker.hu\/journal\/wp-json\/wp\/v2\/posts\/8035\/revisions\/8036"}],"wp:attachment":[{"href":"https:\/\/atombroker.hu\/journal\/wp-json\/wp\/v2\/media?parent=8035"}],"wp:term":[{"taxonomy":"category","embeddable":true,"href":"https:\/\/atombroker.hu\/journal\/wp-json\/wp\/v2\/categories?post=8035"},{"taxonomy":"post_tag","embeddable":true,"href":"https:\/\/atombroker.hu\/journal\/wp-json\/wp\/v2\/tags?post=8035"}],"curies":[{"name":"wp","href":"https:\/\/api.w.org\/{rel}","templated":true}]}}