{"id":8023,"date":"2020-10-08T19:26:13","date_gmt":"2020-10-08T19:26:13","guid":{"rendered":"http:\/\/atombroker.hu\/journal\/?p=8023"},"modified":"2020-10-05T01:36:41","modified_gmt":"2020-10-05T01:36:41","slug":"comment-exposer-aux-rencontres-d-arles","status":"publish","type":"post","link":"https:\/\/atombroker.hu\/journal\/2020\/10\/08\/comment-exposer-aux-rencontres-d-arles\/","title":{"rendered":"Comment Exposer Aux Rencontres D Arles"},"content":{"rendered":"<p>Chinoise. CPA a pour mission dunir les photographes et professionnels Prix r\u00e9compensant loeuvre du photographe qui exprime le mieux la relation de lhomme \u00e0 son environnement. Le Leica Newcomer Award r\u00e9compense le travail dun jeune photographe. <img decoding=\"async\" src=\"http:\/\/ninistan.com\/wp-content\/uploads\/2012\/09\/atelier-des-forges.jpg\" alt=\"comment exposer aux rencontres d arles\" align=\"left\"> <img decoding=\"async\" src=\"http:\/\/arlesgallery.com\/wp-content\/uploads\/2015\/01\/dart-darles-blanc-base-10cm-10cm-2-1021x1024.jpg\" alt=\"comment exposer aux rencontres d arles\" align=\"center\"> Prix du livre \u00e9crit : Sputnik de Fundaci\u00f3n Arte y Tecnolog\u00eda Lexposition Cartes postales, nouvelles dun monde r\u00eav\u00e9, \u00e0 Arles. Photo St\u00e9phane Lagoutte. Myop Pour \u00eatre clair quand m\u00eame, jai beaucoup aim\u00e9 mon exp\u00e9rience \u00e0 Arles, il y avait \u00e9norm\u00e9ment de choses de tr\u00e8s grande qualit\u00e9, et toutes mes f\u00e9licitations aux organisateurs! Je suis un peu frustr\u00e9 car je suis venu seulement pour une journ\u00e9e jai 2h30 de route depuis mon lieu de vacances, et du coup je nai pas pu faire les 35 expositions \u00e9videmment, mais je pr\u00e9voirai plus de temps lann\u00e9e prochaine! Un cadre magnifique Plut\u00f4t sympa non? oui, il faisait aussi chaud que \u00e7a en a lair! du 30 septembre au 29 octobre Rencontre avec les auteurs le dimanche 2 octobre \u00e0 14h30  Laur\u00e9at de la r\u00e9sidence BMW, Emeric Lhuisset pr\u00e9sente Quand les nuages parleront. Le photographe brise le tabou de limm\u00e9diat propre au photojournalisme. Ayant pour cadre un conflit centenaire, lexposition arl\u00e9sienne ne souhaite pas donner \u00e0 cet \u00e9v\u00e9nement un r\u00f4le de r\u00e9v\u00e9lateur mais a lambition de provoquer un dialogue avec le spectateur : la construction dune synth\u00e8se commune. Les Rencontres dArles, dont cest la 49e \u00e9dition, ont attir\u00e9 125000 visiteurs lan dernier. Une trentaine dexpositions sont pr\u00e9vues cette ann\u00e9e, dont beaucoup ont une dimension helv\u00e9tique. La Suisse assure en effet une forte pr\u00e9sence artistique, mais aussi financi\u00e8re, dans la ville de Camargue. Pr\u00e9sence Suisse poursuit notamment son partenariat avec les organisateurs. Vous ne le savez peut-\u00eatre pas, mais \u00e0 part la photo, je suis \u00e9galement un grand passionn\u00e9 de musique. Je suis rest\u00e9 bloqu\u00e9 dans les 70s musicalement oui je sais, je n\u00e9tais pas n\u00e9 :P, mais aussi en termes de mat\u00e9riel, puisque j\u00e9coute des vinyles sur une hi-fi plus vieille que moi. Projection et lecture \u00e0 16H45 heures le 20 juin dans le cadre de l\u00e9v\u00e9nement cabanes. En pr\u00e9sence dAlexa et Ir\u00e8ne Brunet, 91-93 rue de Locht, Shaerbeek, Bruxelles, Belgique. Coup denvoi demain des Rencontres dArles 2010, temps fort de la photographie Le terme d auteur signifie ici cr\u00e9ateur, origine et d\u00e9tenteur dune autorit\u00e9. Pour une \u00e9tude de son usage en photographie comme titre dune revendication de l\u00e9gitimit\u00e9 ou de reconnaissance intellectuelle, artistique, \u00e9thique ou m\u00eame juridique et \u00e9conomique, le moyen terme entre photographe et artiste, voir Morel 2003, Gervais 2010 et la critique de ce titre par le photoreporter Gilles Saussier 2001 pour ses incidences sur la pratique et les productions photographiques. Contacts et informations suppl\u00e9mentaires sur Soutien aux entreprises de transports de voyageurs Il est, en effet, essentiel pour la sant\u00e9 de tous de respecter les consignes sanitaires afin de tourner la page de cette crise et de faire repartir l\u00e9conomie locale. Mais pour bien faire, les transports doivent observer des mesures strictes. La fameuse distanciation sociale : Une place sur deux dans les trains et les cars et en quinconce.  Lexposition Cedric Poulain se tient en Juillet et en Aout 2019, \u00e0 la galerie la, Festival Voies-off, Arles. Expositions Au Grand-Hornu, la cosmologie de Matt Mullican sature le MACS <img decoding=\"async\" src=\"http:\/\/www.dromemagazine.com\/wp-content\/uploads\/2012\/07\/Detail_Francois-H%C3%A9bel.jpg\" alt=\"comment exposer aux rencontres d arles\" align=\"right\"> La librairie d\u00e9di\u00e9e aux livres photos Projections Kinohaus: MOREL, Ga\u00eblle 2003, La figure de lauteur, \u00c9tudes photographiques, N 13. En ligne.. Page consult\u00e9e le 14 d\u00e9cembre 2011. Expositions photographiques. D\u00e8s 1947, il pr\u00e9sente pour la premi\u00e8re fois des .<\/p>\n","protected":false},"excerpt":{"rendered":"<p>comment exposer aux rencontres d arles<\/p>\n","protected":false},"author":1,"featured_media":0,"comment_status":"closed","ping_status":"closed","sticky":false,"template":"","format":"standard","meta":{"footnotes":""},"categories":[1],"tags":[],"_links":{"self":[{"href":"https:\/\/atombroker.hu\/journal\/wp-json\/wp\/v2\/posts\/8023"}],"collection":[{"href":"https:\/\/atombroker.hu\/journal\/wp-json\/wp\/v2\/posts"}],"about":[{"href":"https:\/\/atombroker.hu\/journal\/wp-json\/wp\/v2\/types\/post"}],"author":[{"embeddable":true,"href":"https:\/\/atombroker.hu\/journal\/wp-json\/wp\/v2\/users\/1"}],"replies":[{"embeddable":true,"href":"https:\/\/atombroker.hu\/journal\/wp-json\/wp\/v2\/comments?post=8023"}],"version-history":[{"count":1,"href":"https:\/\/atombroker.hu\/journal\/wp-json\/wp\/v2\/posts\/8023\/revisions"}],"predecessor-version":[{"id":8024,"href":"https:\/\/atombroker.hu\/journal\/wp-json\/wp\/v2\/posts\/8023\/revisions\/8024"}],"wp:attachment":[{"href":"https:\/\/atombroker.hu\/journal\/wp-json\/wp\/v2\/media?parent=8023"}],"wp:term":[{"taxonomy":"category","embeddable":true,"href":"https:\/\/atombroker.hu\/journal\/wp-json\/wp\/v2\/categories?post=8023"},{"taxonomy":"post_tag","embeddable":true,"href":"https:\/\/atombroker.hu\/journal\/wp-json\/wp\/v2\/tags?post=8023"}],"curies":[{"name":"wp","href":"https:\/\/api.w.org\/{rel}","templated":true}]}}