{"id":8021,"date":"2020-10-08T04:04:23","date_gmt":"2020-10-08T04:04:23","guid":{"rendered":"http:\/\/atombroker.hu\/journal\/?p=8021"},"modified":"2020-10-05T01:31:39","modified_gmt":"2020-10-05T01:31:39","slug":"rencontres-musicales-chambery-2","status":"publish","type":"post","link":"https:\/\/atombroker.hu\/journal\/2020\/10\/08\/rencontres-musicales-chambery-2\/","title":{"rendered":"Rencontres Musicales Chambery"},"content":{"rendered":"<p>Bicentenaire du lyc\u00e9e dans la grande salle d\u00e9tude  Une Communication pour vous d\u00e9marquer! Lensemble de votre communication visuelle et audio en toute simplicit\u00e9 : Flyer, D\u00e9pliant, Programme, Carte de visite. Jingle, Spot PUB. Nous effectuons une analyse compl\u00e8te de votre demande, pour une cr\u00e9ation \u00e0 votre image et avec un r\u00e9el Impact. Une maitrise de la communication peut limiter les d\u00e9penses et \u00e9viter une communication sans impact! Soyons efficace. Complices en musique depuis plus de 30 ans, le pianiste Daniel Berthet et le contrebassiste Philippe Guingouain ont d\u00e9cid\u00e9 de nous offrir un concert tout \u00e0 fait original en mariant leurs instruments en un ensemble un peu surprenant, le mariage du piano et de la contrebasse. You have reached your viewing limit for this book. L\u00e9veil musical parents-enfants est une invitation \u00e0 vivre un temps de rencontre : Prix \u00e0 partir de et sous r\u00e9serve de disponibilit\u00e9. Voir d\u00e9tail par produit. Sol\u00e8ne Riot et Sigrid Guillaume composent dans lesth\u00e9tique des musiques n\u00e9o-traditionnelles. Leur r\u00e9pertoire mazurkas, polkas, valses, cercles circassiens.. Convient autant pour le concert que pour le bal. Aubert est le sp\u00e9cialiste de la pu\u00e9riculture : avec des magasins partout en France d\u00e9di\u00e9s aux b\u00e9b\u00e9s et enfants en bas \u00e2ge. Fond\u00e9e il y a plus de professionnels et assure confort et s\u00e9curit\u00e9 aux tout-petits gr\u00e2ce \u00e0 un catalogue de plusieurs milliers de produits pour votre b\u00e9b\u00e9 : poussettes, si\u00e8ges  D\u00e8s lorigine, RCF porte lambition de diffuser un message desp\u00e9rance et de proposer au plus grand nombre une 8\u00e8me \u00e9dition Quinzaine du Cin\u00e9ma Italien de Chamb\u00e9ry Ce parcours \u00e0 travers des projets, interpelle aussi au niveau de la place du sport dans la cit\u00e9 et dans la soci\u00e9t\u00e9. En poursuivant votre navigation, vous acceptez le d\u00e9p\u00f4t de cookies tiers destin\u00e9s \u00e0 vous proposer des vid\u00e9os, des boutons de partage, des remont\u00e9es de contenus de plateformes sociales  Are you not a robot? Click on the button to continue: Im not a bot Continue. Elle reste cependant possible dans les entreprises, associations et administrations de tous les secteurs \u00e9conomiques et plus particuli\u00e8rement dans les PME environ 48 des emplois en France, et 79 en Savoie. <img decoding=\"async\" src=\"http:\/\/media.sit.savoie-mont-blanc.com\/286x286\/5033457\/0-4334323.jpg\" alt=\"rencontres musicales chambery\" align=\"right\"> Java Deep DJ : DJ, producteur et animateur chamb\u00e9rien sur Radio Ellebore. Il sera accompagn\u00e9 de Numerik B, le programmateur historique de la radio depuis de nombreuses ann\u00e9es. Le Conservatoire de Chambery et des pays de Savoie aujourdhui Dirig\u00e9 successivement par son fondateur, par, par pendant 13 ans puis durant une ann\u00e9e, cest avec que le ch\u0153ur a poursuivi son exploration musicale jusquau 10 d\u00e9cembre 2019. <img decoding=\"async\" src=\"http:\/\/www.destinations-choeurs.fr\/wp-content\/uploads\/2016\/10\/AixLesBains1.jpg\" alt=\"rencontres musicales chambery\" align=\"left\"> Si lune des priorit\u00e9s de lorchestre est de donner des concerts de haute qualit\u00e9, la proximit\u00e9 avec son public est un objectif tout aussi important, en concordance avec le r\u00f4le dune formation musicale au XXIe si\u00e8cle. Il intervient aussi beaucoup en milieux scolaire, hospitalier et carc\u00e9ral. <img decoding=\"async\" src=\"http:\/\/www.allcityblog.fr\/wp-content\/uploads\/2011\/04\/URBANJAM_511.jpg\" alt=\"rencontres musicales chambery\" align=\"left\"> Jacques Leleu \u00e9voque un spectacle d\u00e9rangeant avec des jeunes de 9 \u00e0 14 qui montent sur sc\u00e8ne pour dire comment laffaire Dutroux a traumatis\u00e9 la Belgique.<\/p>\n","protected":false},"excerpt":{"rendered":"<p>rencontres musicales chambery<\/p>\n","protected":false},"author":1,"featured_media":0,"comment_status":"closed","ping_status":"closed","sticky":false,"template":"","format":"standard","meta":{"footnotes":""},"categories":[1],"tags":[],"_links":{"self":[{"href":"https:\/\/atombroker.hu\/journal\/wp-json\/wp\/v2\/posts\/8021"}],"collection":[{"href":"https:\/\/atombroker.hu\/journal\/wp-json\/wp\/v2\/posts"}],"about":[{"href":"https:\/\/atombroker.hu\/journal\/wp-json\/wp\/v2\/types\/post"}],"author":[{"embeddable":true,"href":"https:\/\/atombroker.hu\/journal\/wp-json\/wp\/v2\/users\/1"}],"replies":[{"embeddable":true,"href":"https:\/\/atombroker.hu\/journal\/wp-json\/wp\/v2\/comments?post=8021"}],"version-history":[{"count":1,"href":"https:\/\/atombroker.hu\/journal\/wp-json\/wp\/v2\/posts\/8021\/revisions"}],"predecessor-version":[{"id":8022,"href":"https:\/\/atombroker.hu\/journal\/wp-json\/wp\/v2\/posts\/8021\/revisions\/8022"}],"wp:attachment":[{"href":"https:\/\/atombroker.hu\/journal\/wp-json\/wp\/v2\/media?parent=8021"}],"wp:term":[{"taxonomy":"category","embeddable":true,"href":"https:\/\/atombroker.hu\/journal\/wp-json\/wp\/v2\/categories?post=8021"},{"taxonomy":"post_tag","embeddable":true,"href":"https:\/\/atombroker.hu\/journal\/wp-json\/wp\/v2\/tags?post=8021"}],"curies":[{"name":"wp","href":"https:\/\/api.w.org\/{rel}","templated":true}]}}