{"id":7987,"date":"2020-10-07T21:42:52","date_gmt":"2020-10-07T21:42:52","guid":{"rendered":"http:\/\/atombroker.hu\/journal\/?p=7987"},"modified":"2020-10-05T00:17:38","modified_gmt":"2020-10-05T00:17:38","slug":"rencontre-ali-hollande","status":"publish","type":"post","link":"https:\/\/atombroker.hu\/journal\/2020\/10\/07\/rencontre-ali-hollande\/","title":{"rendered":"Rencontre Ali Hollande"},"content":{"rendered":"<p>Site officiel de Nantes M\u00e9tropole et de la Ville de Nantes La fr\u00e9quentation de 20 Minutes est certifi\u00e9e par lACPM aux relations de complaisance avec les dictateurs. Politique Ali Bongo rencontre Fran\u00e7ois Hollande \u00e0 lElys\u00e9e Non pas sp\u00e9cialement. Je fais ce qui est le mieux \u00e0 mes yeux sur le moment En toile de fond de cette situation, une envol\u00e9e des prix des denr\u00e9es de base, dont la viande, de plus de 20 \u00e0 lapproche du ramadan mois o\u00f9 la consommation cro\u00eet de 30 attisant la col\u00e8re des Tunisiens. Avant on accusait Ben Ali. Les khouandjia islamistes nous disaient quavec eux la sp\u00e9culation va cesser, raille Samir, fonctionnaire, rencontr\u00e9 \u00e0 Carrefour. Qui plus est, lannonce par le ministre de lInt\u00e9rieur de la fermeture des caf\u00e9s, une premi\u00e8re dans lhistoire du pays, durant le ramadan, a suscit\u00e9 le m\u00e9contentement de cette partie des Tunisiens qui nobservent pas le je\u00fbne! avait eu \u00e9galement la chance de rencontrer lartiste et de limmortaliser avec son appareil photo. Un joli clich\u00e9 en noir et blanc quil partage d\u00e9sormais sur son compte Instagram. Jaimais Idir, sa voix, son humilit\u00e9. Un po\u00e8te, un homme de paix : Je chante pour r\u00e9parer les souffrances des gens, me disait-il. Les chansons laissent entrevoir un peu de lumi\u00e8re pour embrasser le coeur des gens. Je ne comprends pas la langue berb\u00e8re pourtant chacune de ses intonations me touchait dans l\u00e2me.. Il aimait de tout son \u00eatre la culture kabyle dont il \u00e9tait un ambassadeur \u00e9clair\u00e9, il aimait le pouvoir salvateur des mots et la voix dEdith Piaf qui avait en elle un h\u00e9ritage kabyle.. Que ton voyage soit l\u00e9ger Idir, paix \u00e0 ton \u00e2me, a-t-il d\u00e9clar\u00e9 avec beaucoup d\u00e9motion. La grande voix de la Kabylie sen va.. Ayaan Hirsi Magan est la fille d, intellectuel et homme politique qui \u00e9tudie en et aux dans les et soppose au r\u00e9gime de. \u00c0 l\u00e2ge de cinq ans, alors que son p\u00e8re est en prison, sa grand-m\u00e8re sarrange pour faire Ayaan et sa s\u0153ur \u00e0 linsu de leur m\u00e8re qui doit souvent voyager.  Haddad, lui, devrait se pr\u00e9server et entretenir sa forme physique pour soutenir le 5\u00e8me mandat de Bouteflika parce quil y a d\u00e9j\u00e0, en plus du FLN et du RND, beaucoup dautres qui sont d\u00e9j\u00e0 sur la ligne de d\u00e9part pour le marathon Bouteflika, y compris des partis islamistes! Il y a beaucoup de concurrence ya dada Haddad, pr\u00e9pare toi pour ce que tu sais bien faire! Le Pr\u00e9sident Hu Jintao a par ailleurs avanc\u00e9 une proposition en quatre points sur le d\u00e9veloppement des relations sino-fran\u00e7aises : Premi\u00e8rement, envisager et g\u00e9rer toujours les relations sino-fran\u00e7aises avec une vision strat\u00e9gique et de long terme, maintenir les \u00e9changes de haut niveau et approfondir la confiance strat\u00e9gique mutuelle. Deuxi\u00e8mement, consolider la coop\u00e9ration dans les domaines traditionnels comme le nucl\u00e9aire et la\u00e9ronautique, tout en favorisant la coop\u00e9ration en mati\u00e8re de nouvelles \u00e9nergies et de hautes technologies, \u00e9largir les investissements dans les deux sens et promouvoir un d\u00e9veloppement \u00e9quilibr\u00e9 du commerce bilat\u00e9ral. Troisi\u00e8mement, intensifier les \u00e9changes socio-culturels et encourager les \u00e9changes entre les jeunes et les collectivit\u00e9s territoriales. Quatri\u00e8mement, renforcer le dialogue et la coordination sur les grandes questions internationales et r\u00e9gionales. Conf\u00e9rence de Jean-Jacques Brot, le pr\u00e9fet des r\u00e9fugi\u00e9s. 20112017 Inauguration de lexposition \u00c0 contre-courant Durant 27 ans, Strip-tease a dress\u00e9 un portrait kal\u00e9idoscopique de notre soci\u00e9t\u00e9. \u00c0 loccasion de la sortie du livre Strip-tease se d\u00e9shabille, Marco Lamensch 1, lun des cofondateurs de l.. De 9h \u00e0 17h. Pour d\u00e9couvrir l\u00e9tablissement, nos formations et d\u00e9bouch\u00e9s professionnels. Charnay-l\u00e8s-M\u00e2con-\u00c9ducation Rencontre passionnante avec un dessinateur iranien En ao\u00fbt dernier, Society publiait un article-fleuve de 24 pages, \u00e0 loccasion des 20 ans de la mythique \u00e9mission de Thierry Ardisson Tout le monde en parle. Un livre, Tout le monde en reparle.. La Vie est la tribune pr\u00e9f\u00e9r\u00e9e des intellectuels lib\u00e9raux arabes qui veulent sadresser \u00e0 un large public. Cr\u00e9\u00e9 \u00e0 Beyrouth en 1946, le quotidien cesse de para\u00eetre en 1966 apr\u00e8s lassassinat de son fondateur, Kamel Mrou\u00e9. Il rena\u00eet en 1988 \u00e0 parti islamiste au pouvoir Ennhada pour avoir mis en garde contre la Royaume-Uni : Boris Johnson estime que les manifestations antiracistes sont prises en otage par des extr\u00e9mistes Avertissement : A COMPTER DU 11 MAI CENTRE MEDICAL-SUR RENDEZ-VOUS UNIQUEMENT-SE REFERER AUX INFORMATIONS PRATIQUES  Media training 04072017-par Propos recueillis par Houda Benjelloune <img decoding=\"async\" src=\"http:\/\/news.alome.com\/img_photos\/L\/000_Par7714267.jpg\" alt=\"rencontre ali hollande\" align=\"left\"> <img decoding=\"async\" src=\"http:\/\/medias.blogbmw.fr\/2018\/05\/P90302934_highRes_bmw-m2-coupe-competi-538x538.jpg\" alt=\"rencontre ali hollande\" align=\"right\">  <img decoding=\"async\" src=\"http:\/\/www.radiovl.fr\/wp-content\/uploads\/2015\/09\/Premiere-rencontre-Hollande-Obama.jpg\" alt=\"rencontre ali hollande\" align=\"center\"> Le Ayaan Hirsi Ali se rend \u00e0 pour y recevoir le premier. De nombreuses personnalit\u00e9s du monde intellectuel et du monde politique, parmi lesquelles, sont pr\u00e9sentes \u00e0 la c\u00e9r\u00e9monie. La charg\u00e9e des affaires \u00e9trang\u00e8res et des droits de lhomme d\u00e9clare \u00e0 cette occasion que loctroi \u00e0 Ayaan Hirsi Ali de la nationalit\u00e9 fran\u00e7aise peut \u00eatre totalement examin\u00e9 et lit un message du pr\u00e9conisant une prise en charge de la protection par l pour toutes les personnalit\u00e9s menac\u00e9es, au-del\u00e0 du seul cas dAyaan Hirsi Ali. Propos recueillis par Propos recueillis par Michel Noblecourt Publi\u00e9 le 29 juillet 2019 \u00e0 06h33-Mis \u00e0 jour le 02 ao\u00fbt 2019 \u00e0 16h56 Conf\u00e9rence, 18h, amphi Erasme. En collaboration avec lInstitut Open Diplomacy groupe dengagement du G7 envers la jeunesse.<\/p>\n","protected":false},"excerpt":{"rendered":"<p>rencontre ali hollande<\/p>\n","protected":false},"author":1,"featured_media":0,"comment_status":"closed","ping_status":"closed","sticky":false,"template":"","format":"standard","meta":{"footnotes":""},"categories":[1],"tags":[],"_links":{"self":[{"href":"https:\/\/atombroker.hu\/journal\/wp-json\/wp\/v2\/posts\/7987"}],"collection":[{"href":"https:\/\/atombroker.hu\/journal\/wp-json\/wp\/v2\/posts"}],"about":[{"href":"https:\/\/atombroker.hu\/journal\/wp-json\/wp\/v2\/types\/post"}],"author":[{"embeddable":true,"href":"https:\/\/atombroker.hu\/journal\/wp-json\/wp\/v2\/users\/1"}],"replies":[{"embeddable":true,"href":"https:\/\/atombroker.hu\/journal\/wp-json\/wp\/v2\/comments?post=7987"}],"version-history":[{"count":1,"href":"https:\/\/atombroker.hu\/journal\/wp-json\/wp\/v2\/posts\/7987\/revisions"}],"predecessor-version":[{"id":7988,"href":"https:\/\/atombroker.hu\/journal\/wp-json\/wp\/v2\/posts\/7987\/revisions\/7988"}],"wp:attachment":[{"href":"https:\/\/atombroker.hu\/journal\/wp-json\/wp\/v2\/media?parent=7987"}],"wp:term":[{"taxonomy":"category","embeddable":true,"href":"https:\/\/atombroker.hu\/journal\/wp-json\/wp\/v2\/categories?post=7987"},{"taxonomy":"post_tag","embeddable":true,"href":"https:\/\/atombroker.hu\/journal\/wp-json\/wp\/v2\/tags?post=7987"}],"curies":[{"name":"wp","href":"https:\/\/api.w.org\/{rel}","templated":true}]}}