{"id":7871,"date":"2020-10-07T16:22:50","date_gmt":"2020-10-07T16:22:50","guid":{"rendered":"http:\/\/atombroker.hu\/journal\/?p=7871"},"modified":"2020-10-04T19:43:08","modified_gmt":"2020-10-04T19:43:08","slug":"rencontre-montpon","status":"publish","type":"post","link":"https:\/\/atombroker.hu\/journal\/2020\/10\/07\/rencontre-montpon\/","title":{"rendered":"Rencontre Montpon"},"content":{"rendered":"<p>Pommereau, p\u00e9dopsychiatre, sp\u00e9cialiste de ladolescence, est intervenu Je recherche une personne avec des valeurs, qui me ressemble un peu dans ce que jai \u00e9cris plus haut, diff\u00e9rente de moi avec ses d\u00e9fauts et qualit\u00e9s. Je ne recherche ni de princesse ou de belle au bois dormant, mais une personne rempli damour et damour \u00e0 partager. Nous ferons que chaque jour qui passe soit un jour merveilleux.  Bonjour nous cherchon une femme pour trio nous sommes un couple de 45ans et 38ans tres cool et tres calins  Je suis une femme de 45 ans, blonde, 1m68 pour 55kg. Je vous propose des massages sensuels pour vous \u00e9vader de votre quotidien. 1 enfant sur 4 vit principalement avec un seul de ses parents : publication du rapport de lINSEE Vivre dans plusieurs configurations familiales-Depuis le 17 novembre et malgr\u00e9 les pressions des gendarmes, les Gilets jaunes de Montpon-M\u00e9nest\u00e9rol, en Dordogne, poursuivent actions et occupation de ronds-points. Ils ont m\u00eame achet\u00e9 une caravane pour se d\u00e9placer plus facilement. Au-del\u00e0 de leurs revendications, ils y cultivent lamiti\u00e9 et la solidarit\u00e9. : Naissance de et de, filles de Charles VII et de Marie dAnjou. Sur le site de l\u00e9glise, d\u00e9couvre la l\u00e9gende dOlaf le Viking et retrouve la pierre magique. Une chasse au tr\u00e9sor \u00e0 partager en famille. De 14h30 \u00e0 17h30 rdv dans le jardin de l\u00e9glise o\u00f9 vous seront confi\u00e9es la carte au tr\u00e9sor et des \u00e9nigmes \u00e0 r\u00e9soudre dernier d\u00e9part \u00e0 16h30, dur\u00e9e 1h Gratuit. <img decoding=\"async\" src=\"http:\/\/www.nievzas.ga\/wp-content\/uploads\/2018\/05\/20160103_011004A-326x235.jpg\" alt=\"rencontre montpon\" align=\"left\"> Tous les membres du site ont d\u00e9clar\u00e9 avoir plus de 18 ans et ne pas \u00eatre des professionnels du charme. Annonces de rencontres non v\u00e9nales uniquement. Vous devez avoir au moins 18 ans pour utiliser notre site. D\u00e9tente, Bien \u00catre Baln\u00e9o, Spa, Hammam..D\u00e9tendez vous en P\u00e9rigord! les jeunes. Organis\u00e9e par Annelyse Cagna-Perazzo et un groupe de R\u00e9alisation, maintenance et h\u00e9bergement par T\u00e9\u00efc\u00e9e Stella24, habite \u00e0 31 km de Montpon-M\u00e9nest\u00e9rol 24700 Le patrimoine organistique de Montpon-M\u00e9nest\u00e9rol est dune richesse incontestable et unique. Il se compose de 10 instruments dont la valeur patrimoniale et musicale est le fruit dune reconnaissance r\u00e9cente, due essentiellement \u00e0 la passion de Francis Chapelet, concertiste international, originaire de Montpon. Je suis de taille normale, agr\u00e9able \u00e0 vivre, aime les d\u00e9placements et se promener, je recherche une compagne qui soit agr\u00e9able et qui soit pr\u00eate \u00e0 vivre en couple. R\u00e9gion: <img decoding=\"async\" src=\"http:\/\/media.ws.irib.ir\/image\/4bk86eb2e60973bqhv_800C450.jpg\" alt=\"rencontre montpon\" align=\"right\"> pr\u00e9c\u00e9demment relativement \u00e0 vos int\u00e9r\u00eats afin de s\u00e9lectionner des publicit\u00e9s ; le traitement de donn\u00e9es <img decoding=\"async\" src=\"http:\/\/www.nalijns.cf\/photos\/photo_6573.jpg\" alt=\"rencontre montpon\" align=\"center\"> De ce fait, 2 matchs on \u00e9t\u00e9 gagn\u00e9s par forfait. Cependant, notre \u00e9quipe a gagn\u00e9 ses 3 autres matchs, chacun en 2 set! La victoire est donc bien m\u00e9rit\u00e9e  Itin\u00e9raire de 200 km pour d\u00e9couvrir le Parc naturel r\u00e9gional P\u00e9rigord Limousin \u00e0 pied ou VTT! Karine est une personne tr\u00e8s agr\u00e9able avec laquelle jai \u00e9t\u00e9 tr\u00e8s bien re\u00e7u! Jai r\u00e9serv\u00e9 moins dune heure avant darriv\u00e9 d\u00e9placement professionnel, mais Karine ma r\u00e9pondu 3 minutes apr\u00e8s! Son logement est tr\u00e8s propre et vraiment jolie, enti\u00e8rement r\u00e9nov\u00e9. Beaucoup d\u00e9quipement sont \u00e0 disposition, de quoi passer plusieurs jourssemaines de vacance agr\u00e9able! Jai lou\u00e9 dans un cadre professionnel, mais si un jours nous d\u00e9cidons de prendre nos vacances autour de Bergerac, nous nh\u00e9siterons pas \u00e0 louer cette maison! Foncez les yeux ferm\u00e9s! pourquoi ne pas mieux faire connaissannce autour dun verre?<\/p>\n","protected":false},"excerpt":{"rendered":"<p>rencontre montpon<\/p>\n","protected":false},"author":1,"featured_media":0,"comment_status":"closed","ping_status":"closed","sticky":false,"template":"","format":"standard","meta":{"footnotes":""},"categories":[1],"tags":[],"_links":{"self":[{"href":"https:\/\/atombroker.hu\/journal\/wp-json\/wp\/v2\/posts\/7871"}],"collection":[{"href":"https:\/\/atombroker.hu\/journal\/wp-json\/wp\/v2\/posts"}],"about":[{"href":"https:\/\/atombroker.hu\/journal\/wp-json\/wp\/v2\/types\/post"}],"author":[{"embeddable":true,"href":"https:\/\/atombroker.hu\/journal\/wp-json\/wp\/v2\/users\/1"}],"replies":[{"embeddable":true,"href":"https:\/\/atombroker.hu\/journal\/wp-json\/wp\/v2\/comments?post=7871"}],"version-history":[{"count":1,"href":"https:\/\/atombroker.hu\/journal\/wp-json\/wp\/v2\/posts\/7871\/revisions"}],"predecessor-version":[{"id":7872,"href":"https:\/\/atombroker.hu\/journal\/wp-json\/wp\/v2\/posts\/7871\/revisions\/7872"}],"wp:attachment":[{"href":"https:\/\/atombroker.hu\/journal\/wp-json\/wp\/v2\/media?parent=7871"}],"wp:term":[{"taxonomy":"category","embeddable":true,"href":"https:\/\/atombroker.hu\/journal\/wp-json\/wp\/v2\/categories?post=7871"},{"taxonomy":"post_tag","embeddable":true,"href":"https:\/\/atombroker.hu\/journal\/wp-json\/wp\/v2\/tags?post=7871"}],"curies":[{"name":"wp","href":"https:\/\/api.w.org\/{rel}","templated":true}]}}