{"id":7825,"date":"2020-10-07T15:22:14","date_gmt":"2020-10-07T15:22:14","guid":{"rendered":"http:\/\/atombroker.hu\/journal\/?p=7825"},"modified":"2020-10-04T18:03:26","modified_gmt":"2020-10-04T18:03:26","slug":"rencontre-interceltique-lorient","status":"publish","type":"post","link":"https:\/\/atombroker.hu\/journal\/2020\/10\/07\/rencontre-interceltique-lorient\/","title":{"rendered":"Rencontre Interceltique Lorient"},"content":{"rendered":"<p>Cr\u00e9ez un compte afin dacc\u00e9der \u00e0 la version num\u00e9rique du magazine et \u00e0 lint\u00e9gralit\u00e9 des contenus du Point inclus dans votre offre. Le lancement du premier vol habit\u00e9 de SpaceX a \u00e9t\u00e9 report\u00e9 \u00e0 samedi peu avant lheure pr\u00e9vue du d\u00e9collage ce mercredi 27 mai, en raison du mauvais temps.. <img decoding=\"async\" src=\"http:\/\/p8.storage.canalblog.com\/87\/32\/175894\/89197927_o.jpg\" alt=\"rencontre interceltique lorient\" align=\"center\"> Sites dexception en Bretagne n 5 : Festival Intercerltique de Lorient  La premi\u00e8re partie proposait de d\u00e9couvrir deux formations traditionnelles, Xos\u00e9 Lois ROMERO ALIBORIA suivi de TIRULEQUE. Les informations recueillies sont destin\u00e9es \u00e0 CCM Benchmark Group pour vous assurer lenvoi de votre newsletter.  Rediffusion du concert du et Red Cardell Nerzh Espace Marine-ao\u00fbt 2019 En poursuivant votre navigation sur ce site, vous acceptez lutilisation de cookies pour vous proposer des services et offres adapt\u00e9es \u00e0 vos centres dint\u00e9r\u00eat. Recherche dans le blog Festival Interceltique de Lorient : Rencontre au sommet! 15h00 : Apr\u00e8s-midi du Folk Old Man Luedecke Canada, The Murphy Sisters Irlande. Les chemins p\u00e9destres de ce p\u00e8lerinage mill\u00e9naire \u00e0 destination de Santiago de Compostela connaissent un regain daffluence et sont fr\u00e9quent\u00e9es chaque ann\u00e9e \u00e0 pied par des centaines de milliers de personnes. A loccasion du festival, Lorient deviendra cette ann\u00e9e lun des points de d\u00e9part officiels dun chemin vers Saint-Jacques. La ville se verra offrir par le minist\u00e8re galicien de la Culture un monolithe de granit qui sera dress\u00e9 dans le centre-ville. Et puis le dernier est Simon CABY qui partage ma vie \u00e0 la sc\u00e8ne et \u00e0 la ville. Cela fait plus de dix ans quon travaille ensemble. Il co-compose, il r\u00e9alise mes albums et depuis peu, il est sorti de lombre parce quil est sur sc\u00e8ne avec nous. Ce nest pas un reproche mais \u00e0 la diff\u00e9rence de nombreux musiciens qui se taisent, tu parles beaucoup durant tes concerts, tu aimes bien expliquer tes chansons. La rythmique \u00e9tait implacable. La basse et les claviers, tr\u00e8s pr\u00e9sents, installaient durablement le climat tandis que la cornemuse ou la fl\u00fbte \u00e9taient bien mises en avant. La musique se teintait dambiances reggae, rock ou encore jazz. Dans ce d\u00e9ferlement sonore, le violon peinait parfois \u00e0 se faire entendre. La version du 11 septembre 2012 de cet article a \u00e9t\u00e9 reconnue comme bon article, cest-\u00e0-dire quelle r\u00e9pond \u00e0 des crit\u00e8res de qualit\u00e9 concernant le style, la clart\u00e9, la pertinence, la citation des sources et lillustration. Aujourdhui, le Festival Interceltique de Lorient, cest :, dans Le T\u00e9l\u00e9gramme, \u00e9dition Lorient, 7 octobre 2010, consult\u00e9 sur letelegramme.com le 21 juin 2011. Lart et la culture gallois seront au coeu r d u festival interceltique de c e t \u00e9t\u00e9. Festivals Le spectacle de TRI YANN initialement pr\u00e9vu le Samedi 14 Mars 2020 \u00e0 LEMC2 \u00e0 St Gr\u00e9goire est report\u00e9.. <img decoding=\"async\" src=\"http:\/\/www.ipreunion.com\/thumb\/source\/jpg\/0566078c2e2de3c7a36c92abfe7fae8c88b9a441\/w650-h365-q100-cc\/un-joueur-de-cornemuse-le-6-ao-t-2017-a-lorient.jpg\" alt=\"rencontre interceltique lorient\" align=\"left\"> Feel free to enjoy exploring the banks of the River Etel.. Bretagne : le programme complet du festival Interceltique de Lorient 2019 Pour la 49e \u00e9dition du festival interceltique de Lorient, plus de 200 concerts sont programm\u00e9s. Du 2 au 11 ao\u00fbt, la Galice est c\u00e9l\u00e9br\u00e9e pendant la grande parade du dimanche 4 ao\u00fbt. <img decoding=\"async\" src=\"http:\/\/revmikewilliams.org\/img\/2a79d33a7b947e4a55c151a64c4e59d2.jpg\" alt=\"rencontre interceltique lorient\" align=\"left\"> Retrouvez un focus sur SolidaysSolidarit\u00e9 Sida dans notre dernier num\u00e9ro de lhebdomadaire num\u00e9rique, disponible d\u00e8s le 406. Plus dinfos par! Yann-Ewen et Louri pouvait \u00e9galement se d\u00e9faire de leur instrument afin de laisser place au chant que ce soit en solo ou sous la forme dun kan ha diskan chant \u00e0 r\u00e9pondre. Le trouve son origine dans laccueil en d. Il sest tourn\u00e9 vers l d\u00e8s lann\u00e9e suivante pour se d\u00e9marquer dautres festivals de la r\u00e9gion, puis sest ouvert \u00e0 dautres formes dexpressions culturelles par la suite. Il devient \u00e0 partir de la fin des lun des festivals fran\u00e7ais les plus importants par son nombre de visiteurs, en accueillant jusqu\u00e0 800 000 visiteurs dont 115 000 entr\u00e9es payantes en. Des \u00e9clairages sur les \u00e9volutions du print dans les strat\u00e9gies marketing et de communication, notamment \u00e0 partir de r\u00e9sultats d\u00e9tudes et de la veille march\u00e9 que Clo\u00eetre r\u00e9alise en permanence Outre la grande parade dinauguration de la grande nation Celtes, les concerts et autres shows, le festival organise un grand tournoi de golf, un championnat de bagadou et une course \u00e0 pied. Le coup denvoi sera donn\u00e9 par la Grande Parade, diffus\u00e9e sur France 3.  Festival Interceltique de Lorient 2019-Programme.<\/p>\n","protected":false},"excerpt":{"rendered":"<p>rencontre interceltique lorient<\/p>\n","protected":false},"author":1,"featured_media":0,"comment_status":"closed","ping_status":"closed","sticky":false,"template":"","format":"standard","meta":{"footnotes":""},"categories":[1],"tags":[],"_links":{"self":[{"href":"https:\/\/atombroker.hu\/journal\/wp-json\/wp\/v2\/posts\/7825"}],"collection":[{"href":"https:\/\/atombroker.hu\/journal\/wp-json\/wp\/v2\/posts"}],"about":[{"href":"https:\/\/atombroker.hu\/journal\/wp-json\/wp\/v2\/types\/post"}],"author":[{"embeddable":true,"href":"https:\/\/atombroker.hu\/journal\/wp-json\/wp\/v2\/users\/1"}],"replies":[{"embeddable":true,"href":"https:\/\/atombroker.hu\/journal\/wp-json\/wp\/v2\/comments?post=7825"}],"version-history":[{"count":1,"href":"https:\/\/atombroker.hu\/journal\/wp-json\/wp\/v2\/posts\/7825\/revisions"}],"predecessor-version":[{"id":7826,"href":"https:\/\/atombroker.hu\/journal\/wp-json\/wp\/v2\/posts\/7825\/revisions\/7826"}],"wp:attachment":[{"href":"https:\/\/atombroker.hu\/journal\/wp-json\/wp\/v2\/media?parent=7825"}],"wp:term":[{"taxonomy":"category","embeddable":true,"href":"https:\/\/atombroker.hu\/journal\/wp-json\/wp\/v2\/categories?post=7825"},{"taxonomy":"post_tag","embeddable":true,"href":"https:\/\/atombroker.hu\/journal\/wp-json\/wp\/v2\/tags?post=7825"}],"curies":[{"name":"wp","href":"https:\/\/api.w.org\/{rel}","templated":true}]}}