{"id":7821,"date":"2020-10-07T23:00:38","date_gmt":"2020-10-07T23:00:38","guid":{"rendered":"http:\/\/atombroker.hu\/journal\/?p=7821"},"modified":"2020-10-04T17:54:21","modified_gmt":"2020-10-04T17:54:21","slug":"rencontre-en-tarentaise","status":"publish","type":"post","link":"https:\/\/atombroker.hu\/journal\/2020\/10\/07\/rencontre-en-tarentaise\/","title":{"rendered":"Rencontre En Tarentaise"},"content":{"rendered":"<p> Mec sympa-gentil gourmand cherche mec tr\u00e8s \u00e9pais et-pr rencontre et plus. Recherche: Je recherche un homme-tr\u00e8s \u00e9pais pour rencontre et plus.. Je sais plaisant\u00e9 rigole tr\u00e8s souvent! et \u00eatre s\u00e9rieuse quand il faut! et, M\u00e9moires pour lhistoire eccl\u00e9siastique des dioc\u00e8ses de Gen\u00e8ve, Tarentaise, Aoste et Maurienne et du d\u00e9canat de Savoye, S. H\u00e9nault, 1759 copie de lexemplaire biblioth\u00e8que cantonale et universitaire de lausanne, 506 p., p 192. Si nos coeurs battent \u00e0 lunisson, tu en auras tous les jours. Ce lac domin\u00e9 par limposante barre sombre du Bec de l\u00c2ne, a une caract\u00e9ristique \u00e9tonnante. Sa profondeur, tr\u00e8s inhabituelle pour un si petit plan deau, est en effet de 17 m\u00e8tres. Le travail des anciens glaciers dans la roche tendre locale explique sans doute cette caract\u00e9ristique, qui permet une vie piscicole d\u00e9velopp\u00e9e, avec, notamment, des saumons des fontaines. On peut \u00e9galement observer en bordure du rivage des tritons et des crapauds. Je suis une jeune femme, serviable, gentille, fid\u00e8le, ayant le sens du partage, et aimant les voyages, la cuisine, restaurants, balades en amoureux, mer, je recherche un homme \u00e0 qui mon profil plairait pour reconstruire une vie ensemble sans prise de t\u00eate. Je ne fume pas et je ne bois pas. R\u00e9gion: <img decoding=\"async\" src=\"http:\/\/www.smallwonders.eu\/wp-content\/uploads\/2015\/08\/chalet-white-eden-exterior-1024x576.jpg\" alt=\"rencontre en tarentaise\" align=\"left\"> La rencontre sportive sest d\u00e9roul\u00e9e dans la salle omnisports de Plagne Centre et sest prolong\u00e9e par un grand moment d\u00e9changes entre Julien et les joueurs, en pr\u00e9sence de vacanciers fans de rugby. Julien est maintenant consultant pour une cha\u00eene de sport, il suit et conseille \u00e9galement les \u00e9quipes de de rugby \u00e0 7. Vous devez activer Javascript sur votre navigateur pour utiliser Meetcrunch Envie de faire des rencontres? Sens de lhumour : Je ris quand cest vraiment dr\u00f4le Jean-Luc Boch, Pdt de France Montagnes, Pdt du groupe de travail Neige-M\u00e9t\u00e9o de lANMSM, Maire de La Plagne Tarentaise <img decoding=\"async\" src=\"http:\/\/www.saintefoy-tarentaise.com\/wp-content\/uploads\/2018\/02\/rencontre-Col-du-mont-2018.jpg\" alt=\"rencontre en tarentaise\" align=\"left\"> Aigueblanche, Bonneval, Cevins, Esserts-Blay, Feissons-sur-Is\u00e8re, Hautecour, La B\u00e2thie, La L\u00e9ch\u00e8re, Les Avanchers-Valmorel, Les Belleville, Le Bois, Mo\u00fbtiers, Notre-Dame-du-Pr\u00e9, Rognaix, St-Marcel, St-Jean-de-Belleville, St-Oyen, St-Paul-sur-Is\u00e8re, Nombre d\u00e9tablissements denseignements artistiques EEA D\u00e9monstration de mat\u00e9riel de d\u00e9neigement par un camion \u00e9quip\u00e9 dun syst\u00e8me de raclage et de salage.  Camping Des Neiges-438 avenue de Savoie-73260 Bellecombe-Savoie-France premiers sacs tyroliens Lafuma,leur soucis du d\u00e9tail les a m\u00eame pouss\u00e9 \u00e0 Il est d\u00e9j\u00e0 lheure de la 2\u00e8me journ\u00e9e des interclubs d\u00e9partementaux de Savoie. Le Dimanche 9 f\u00e9vrier dernier, 4 \u00e9quipes dinterclubs du BCC sur les 5 \u00e9taient r\u00e9unies au complexe Boutron pour les interclubs! Jean-Louis Maffre, directeur technique Europe Service Suite aux dispositions prises par l\u00c9tat contre la propagation du COVID-19, les animations et rencontres initialement programm\u00e9es dans les semaines \u00e0 venir sont annul\u00e9es ou report\u00e9es \u00e0 des dates ult\u00e9rieures.  <img decoding=\"async\" src=\"http:\/\/media.mmv.fr\/uploads\/assets\/media\/%C3%A9tablissements\/sainte-foy\/l-etoiles-des-cimes-ete\/residence-ste-foy-etoiles-cimes-ete-spa.jpg\" alt=\"rencontre en tarentaise\" align=\"left\"> Entretien avec Jean-Louis Vidal Sylvestre le M\u00e9nestrel: cest sous ce nom que sest fait conna\u00eetre Jean-Louis VIDAL. Nouvelle rencontre avec un musicien savoyard.<\/p>\n","protected":false},"excerpt":{"rendered":"<p>rencontre en tarentaise<\/p>\n","protected":false},"author":1,"featured_media":0,"comment_status":"closed","ping_status":"closed","sticky":false,"template":"","format":"standard","meta":{"footnotes":""},"categories":[1],"tags":[],"_links":{"self":[{"href":"https:\/\/atombroker.hu\/journal\/wp-json\/wp\/v2\/posts\/7821"}],"collection":[{"href":"https:\/\/atombroker.hu\/journal\/wp-json\/wp\/v2\/posts"}],"about":[{"href":"https:\/\/atombroker.hu\/journal\/wp-json\/wp\/v2\/types\/post"}],"author":[{"embeddable":true,"href":"https:\/\/atombroker.hu\/journal\/wp-json\/wp\/v2\/users\/1"}],"replies":[{"embeddable":true,"href":"https:\/\/atombroker.hu\/journal\/wp-json\/wp\/v2\/comments?post=7821"}],"version-history":[{"count":1,"href":"https:\/\/atombroker.hu\/journal\/wp-json\/wp\/v2\/posts\/7821\/revisions"}],"predecessor-version":[{"id":7822,"href":"https:\/\/atombroker.hu\/journal\/wp-json\/wp\/v2\/posts\/7821\/revisions\/7822"}],"wp:attachment":[{"href":"https:\/\/atombroker.hu\/journal\/wp-json\/wp\/v2\/media?parent=7821"}],"wp:term":[{"taxonomy":"category","embeddable":true,"href":"https:\/\/atombroker.hu\/journal\/wp-json\/wp\/v2\/categories?post=7821"},{"taxonomy":"post_tag","embeddable":true,"href":"https:\/\/atombroker.hu\/journal\/wp-json\/wp\/v2\/tags?post=7821"}],"curies":[{"name":"wp","href":"https:\/\/api.w.org\/{rel}","templated":true}]}}