{"id":7819,"date":"2020-10-07T00:37:37","date_gmt":"2020-10-07T00:37:37","guid":{"rendered":"http:\/\/atombroker.hu\/journal\/?p=7819"},"modified":"2020-10-04T17:37:59","modified_gmt":"2020-10-04T17:37:59","slug":"rencontres-musicales-provinciales-du-hainaut","status":"publish","type":"post","link":"https:\/\/atombroker.hu\/journal\/2020\/10\/07\/rencontres-musicales-provinciales-du-hainaut\/","title":{"rendered":"Rencontres Musicales Provinciales Du Hainaut"},"content":{"rendered":"<p>Afin de perp\u00e9tuer lesprit soci\u00e9taire qui anime le groupe depuis sa fondation, ils se r\u00e9unissent, du plus jeune au plus ancien, tous les vendredis pour r\u00e9p\u00e9ter. La soci\u00e9t\u00e9 anime, avec le concours de sa clique, des cort\u00e8ges et manifestations de rue principalement en Belgique, mais aussi en France et au Luxembourg 6. Le m\u00eame instrument en close-up montre quelques d\u00e9tails caract\u00e9ristiques de la muchosa : le trou du petit doigt de la main du bas \u00e9tonnamment proche du trou suivant, lalignement des trous \u00e9quidistants et de m\u00eame diam\u00e8tre, ainsi que le petit segment m\u00e9dian en forme de bulbe du grand bourdon  Je suis animateur \u00e0 la Maison de la Culture de Tournai. Je suis entr\u00e9 ici en 1980 comme objecteur de conscience. La Maison de la Culture a \u00e9t\u00e9 inaugur\u00e9e en 1982 avec une grande exposition sur les Harmonies et fanfares en Hainaut Occidental. Le Hainaut occidental repr\u00e9sente un tissu particuli\u00e8rement dense en soci\u00e9t\u00e9s musicales. Pour cette exposition, un vrai travail denqu\u00eate avait \u00e9t\u00e9 r\u00e9alis\u00e9 aupr\u00e8s delles. Des collaborateurs sont all\u00e9s \u00e0 la rencontre des fanfares et harmonies de la r\u00e9gion. Cela nous a permis dapprocher tous les responsables de ces soci\u00e9t\u00e9s. Une fois lexposition termin\u00e9e, ces personnes ont fait \u00e9tat de leur envie de continuer \u00e0 collaborer avec nous. De l\u00e0, est venue lid\u00e9e dorganiser un colloque sur la r\u00e9alit\u00e9 des soci\u00e9t\u00e9s musicales. Il a eu lieu en 1984. A pr\u00e8s de trente ans dintervalle, je suis frapp\u00e9 de voir que les questions qui se posaient \u00e0 l\u00e9poque sont exactement les m\u00eames que celles qui se posent aujourdhui. A savoir : lint\u00e9gration des jeunes ; la place pour les harmonies et les fanfares dans notre environnement musical surcharg\u00e9 et surm\u00e9diatis\u00e9. Suite \u00e0 ce colloque en 1984, on a cr\u00e9\u00e9 un petit journal : Hafa Hainaut Occidental Harmonies et Fanfares. C\u00e9tait un trimestriel r\u00e9alis\u00e9 en collaboration avec les chefs de fanfares, les secr\u00e9taires, les pr\u00e9sidents, les musiciens. Cela a vraiment cr\u00e9\u00e9 un lien entre toutes les soci\u00e9t\u00e9s de la r\u00e9gion. Un lien dautant plus important qu\u00e0 cette \u00e9poque, la fusion des communes venait d\u00eatre r\u00e9alis\u00e9e. Les soci\u00e9t\u00e9s musicales avaient pratiquement tout perdu dans lop\u00e9ration. Une entit\u00e9 comme Tournai par exemple a fusionn\u00e9 29 villages. Forc\u00e9ment, les moyens ont \u00e9t\u00e9 r\u00e9duits. Il faut savoir quavant la fusion, chaque soci\u00e9t\u00e9 recevait de laide pour organiser des concerts, des pr\u00eats de salle et une subvention de 8000 francs belges. Aujourdhui, laide re\u00e7ue se r\u00e9sume \u00e0 une subvention de 200. Au bout de 30 ans, cela ne repr\u00e9sente plus rien. Et encore, pour ces 200, on nous demande de venir faire un concert gratuit sur la Grand-Place. Concerto pour 7 trompettes et timbales de Altenburg Infos : Rencontres musicales chorales du Hainaut. Le 25 novembre, de 10 \u00e0 13h, H\u00f4tel de Ville de Quaregnon. Salle Allard lOlivier, Grand Place 31 \u00e0 7390 Quaregnon T\u00e9l. : 06578.19.50 www.maisonculturellequaregnon.be Interpr\u00e8te, acad\u00e9mie de musique, avocat sp\u00e9cialis\u00e9, pop-rock, compositeur, instrumentiste.. <img decoding=\"async\" src=\"http:\/\/cache.media.education.gouv.fr\/image\/actualites\/66\/7\/logo_festival_choe_955667.png\" alt=\"rencontres musicales provinciales du hainaut\" align=\"center\"> Cet \u00e9v\u00e9nement est organis\u00e9 depuis 1925 par la Direction g\u00e9n\u00e9rale des Affaires culturelles de la province de Hainaut. Il y a quelques semaines, trente et une soci\u00e9t\u00e9s instrumentales faisaient preuve de leur talent \u00e0 Saint-Ghislain et \u00e0 Sivry. Cest \u00e0 pr\u00e9sent aux voix de r\u00e9sonner. Pour cette session, nous b\u00e9n\u00e9ficions de la pr\u00e9cieuse collaboration du centre culturel de Braine-le-Comte, pr\u00e9cise le d\u00e9put\u00e9 permanent, Pierre Dupont. Le Septi\u00e8me de ce dimanche reviendra une fois encore sur la crise sanitaire in\u00e9dite v\u00e9cue depuis Pour les soci\u00e9t\u00e9s chorales a capella ou accompagn\u00e9es par un support instrumental, laudition aura lieu le Dimanche 13 Novembre matin etou apr\u00e8s-midi selon le nombre de soci\u00e9t\u00e9s inscrites en la Salle Allard lOlivier de lH\u00f4tel de Ville de Quaregnon Grand Place, 31. LAccueil et lorganisation locale seront assur\u00e9s par la Maison Culturelle de Quaregnon. Financi\u00e8res suppl\u00e9mentaires voire dune subvention <img decoding=\"async\" src=\"http:\/\/harmonieghlin.be\/Site\/wp-content\/uploads\/2009\/03\/P1011179imp-1024x768.jpg\" alt=\"rencontres musicales provinciales du hainaut\" align=\"center\"> Cest dire si les rencontres provinciales dart musical demeurent courues, dautant que le passage de cat\u00e9gorie dune phalange de la troisi\u00e8me \u00e0 la seconde, puis \u00e0 la premi\u00e8re et \u00e0 lexcellence est sanctionn\u00e9e par divers avantages que ne d\u00e9daignent pas les comit\u00e9s de gestionnaires. Ainsi, si un groupe class\u00e9 en troisi\u00e8me cat\u00e9gorie re\u00e7oit un subside provincial de 20.160 F \u00e9tal\u00e9 sur trois ans, le chiffre passe \u00e0 42.000 F en cat\u00e9gorie excellence, laquelle peut encore donner acc\u00e8s aux tourn\u00e9es Arts et vie subsidi\u00e9es par la communaut\u00e9 fran\u00e7aise. Membre de lUnion des soci\u00e9t\u00e9s musicales de la Communaut\u00e9 Wallonie-Bruxelles USM, la FMH a pour missions principales le d\u00e9veloppement des pratiques musicales en amateur par le soutien aux associations locales en stimulant la d\u00e9couverte d\u0153uvres patrimoniales et contemporaines et lacquisition de savoir-faire ainsi que le d\u00e9veloppement et lencouragement dune vie associative, culturelle et sociale tant au niveau local que provincial. Elle assure \u00e9galement une mission dinformation, de conseil et de ressource en mati\u00e8re dobligations l\u00e9gales, de gestion des associations, daide \u00e0 la conception dactions ou d\u00e9v\u00e9nements, de renouvellement du r\u00e9pertoire ou des formes artistiques. La Royale Chorale Rencontre dAth est un ensemble \u00e0 voix mixtes fond\u00e9 en 1965 par Jacques Thunus. En 1984 la Royale Fanfare devient Philharmonie, nouvelle appellation cons\u00e9cutive \u00e0 larriv\u00e9e dun contingent important aux diff\u00e9rents pupitres de la famille des bois. Une demande de confirmation au titre de Royale est formul\u00e9e aupr\u00e8s de sa majest\u00e9 le Roi Baudouin. La r\u00e9ponse est positive. La Royale Philharmonie prolonge et am\u00e9liore d\u00e8s lors lobjectif de ses pr\u00e9d\u00e9cesseurs. Reconnue soci\u00e9t\u00e9 dhonneur des rencontres musicales provinciales du Hainaut, la R.P.S.S. Continue \u00e0 animer et partager la vie sociale et culturelle, tant r\u00e9gionale que nationale ou internationale. De futurs professionnels m\u00fbrissent dans ses rangs. Elle cr\u00e9e en 1991 ses cours de solf\u00e8ge et dinstruments. De nombreux amateurs, jeunes et moins jeunes en sont issus. Ils sont progressivement int\u00e9gr\u00e9s comme ex\u00e9cutants aux diff\u00e9rents pupitres de la R.P.S.S. En cette m\u00eame ann\u00e9e 1991, la RTBF Hainaut \u00e0 Mons enregistre dans ses studios le concert annuel de la philharmonie.  V oil\u00e0 de tr\u00e8s nombreuses ann\u00e9es qu\u00e9paul\u00e9e par la bonne volont\u00e9 de ceux qui la soutiennent Vingt-quatre harmonies et fanfares engag\u00e9es dans les rencontres provinciales dart musical 1997. Zones de secours : d\u00e9bat au Conseil provincial-24.09.19 Bravo encore aux soci\u00e9t\u00e9s. A lheure o\u00f9 vous lirez Pauline Deroubaix Esther Mars Gestion site internet  <img decoding=\"async\" src=\"http:\/\/slideplayer.fr\/14\/4336138\/big_thumb.jpg\" alt=\"rencontres musicales provinciales du hainaut\" align=\"left\"> \u03b5\u03be\u03c0\u03bf\u03c4\u03c1\u03bf\u03c6 2016 \u03b5\u03b9\u03c3\u03bf\u03b4\u03bf\u03c2 \u03c4\u03c1\u03b1\u03c0\u03b5\u03b6\u03b9\u03b1 \u03ba\u03bf\u03c5\u03b6\u03b9\u03bd\u03b1\u03c2 \u03c4\u03b9\u03bc\u03b7 \u03b1\u03b3\u03b9\u03b1 \u03b2\u03b1\u03c1\u03b2\u03b1\u03c1\u03b1 \u03bb\u03b5\u03b9\u03c8\u03b1\u03bd\u03bf \u03c0\u03b1\u03c1\u03b1\u03c4\u03b1\u03c3\u03b7 Ce site est optimis\u00e9 pour les navigateurs conformes aux recommandations du.<\/p>\n","protected":false},"excerpt":{"rendered":"<p>rencontres musicales provinciales du hainaut<\/p>\n","protected":false},"author":1,"featured_media":0,"comment_status":"closed","ping_status":"closed","sticky":false,"template":"","format":"standard","meta":{"footnotes":""},"categories":[1],"tags":[],"_links":{"self":[{"href":"https:\/\/atombroker.hu\/journal\/wp-json\/wp\/v2\/posts\/7819"}],"collection":[{"href":"https:\/\/atombroker.hu\/journal\/wp-json\/wp\/v2\/posts"}],"about":[{"href":"https:\/\/atombroker.hu\/journal\/wp-json\/wp\/v2\/types\/post"}],"author":[{"embeddable":true,"href":"https:\/\/atombroker.hu\/journal\/wp-json\/wp\/v2\/users\/1"}],"replies":[{"embeddable":true,"href":"https:\/\/atombroker.hu\/journal\/wp-json\/wp\/v2\/comments?post=7819"}],"version-history":[{"count":1,"href":"https:\/\/atombroker.hu\/journal\/wp-json\/wp\/v2\/posts\/7819\/revisions"}],"predecessor-version":[{"id":7820,"href":"https:\/\/atombroker.hu\/journal\/wp-json\/wp\/v2\/posts\/7819\/revisions\/7820"}],"wp:attachment":[{"href":"https:\/\/atombroker.hu\/journal\/wp-json\/wp\/v2\/media?parent=7819"}],"wp:term":[{"taxonomy":"category","embeddable":true,"href":"https:\/\/atombroker.hu\/journal\/wp-json\/wp\/v2\/categories?post=7819"},{"taxonomy":"post_tag","embeddable":true,"href":"https:\/\/atombroker.hu\/journal\/wp-json\/wp\/v2\/tags?post=7819"}],"curies":[{"name":"wp","href":"https:\/\/api.w.org\/{rel}","templated":true}]}}