{"id":7767,"date":"2020-10-07T17:25:15","date_gmt":"2020-10-07T17:25:15","guid":{"rendered":"http:\/\/atombroker.hu\/journal\/?p=7767"},"modified":"2020-10-04T15:15:25","modified_gmt":"2020-10-04T15:15:25","slug":"ffer-espace-rencontre","status":"publish","type":"post","link":"https:\/\/atombroker.hu\/journal\/2020\/10\/07\/ffer-espace-rencontre\/","title":{"rendered":"Ffer Espace Rencontre"},"content":{"rendered":"<p>Cryobiologie ; Vitrification et r\u00e9chauffement ovocytaires et embryonnaires Blastocystes, <img decoding=\"async\" src=\"http:\/\/resize1-parismatch.ladmedia.fr\/img\/var\/news\/storage\/images\/paris-match\/people\/politique\/eric-besson-et-yasmine-tordjman-le-divorce-160728\/1676092-1-fre-FR\/Eric-Besson-et-Yasmine-Tordjman-le-divorce.jpg\" alt=\"ffer espace rencontre\" align=\"center\"> Le logement, un enjeu central des s\u00e9parations par Marilia Mendes, UNAF. Cette journ\u00e9e d\u00e9tude sera pr\u00e9c\u00e9d\u00e9e de notre Assembl\u00e9e G\u00e9n\u00e9rale annuelle. N 122-123-Juin 2018-Familles \u00e0 l\u00e9preuve de la s\u00e9paration Activit\u00e9s : D\u00e9fenseSocialTechnique et Recherche Comme annonc\u00e9 par la FFER, les tables rondes et les apports partant de la pratique de terrain ont aid\u00e9, \u00e0 partir des exp\u00e9riences crois\u00e9es, \u00e0 d\u00e9gager des \u00e9clairages sur les enjeux qui sous-tendent lexercice dune v\u00e9ritable coparentalit\u00e9, pens\u00e9e pour soutenir les enfants dans leur construction et \u00e9volution en misant sur leurs comp\u00e9tences \u00e0 cr\u00e9er des itin\u00e9raires singulier \u00e0 partir du g\u00e9nie de leurs histoires. Si vous ne la recevez pas malgr\u00e9 votre inscription merci de nous envoyer un mail \u00e0 Et un dans le sud du d\u00e9partement, \u00e0 Saint-Gaudens :  La pr\u00e9carit\u00e9 de la situation sociale et \u00e9conomique renforce le manque de disponibilit\u00e9, le stress au quotidien, fragilise la fonction parentale. Veille Bibliographique Vous trouverez dans cette rubrique.. Une note du minist\u00e8re de la justice du 5 mai 2020 d\u00e9taille les conditions et modalit\u00e9s de la reprise progressive dactivit\u00e9 au sein des juridictions judiciaires \u00e0 compter du 11 mai 2020. Avec la crise sanitaire li\u00e9e \u00e0 la propagation du virus Covid-19, des plans de continuit\u00e9 dactivit\u00e9 PCA ont \u00e9t\u00e9 d\u00e9ploy\u00e9s dans lensemble des.. En France, 3,3 des naissances denfants sont issues de lAssistance M\u00e9dicale \u00e0 la Procr\u00e9ation AMP <img decoding=\"async\" src=\"http:\/\/www.hays.be\/cs\/groups\/hays_common\/@be\/@content\/documents\/digitalasset\/hays_2128754.jpg\" alt=\"ffer espace rencontre\" align=\"left\"> Laccueil en espace de rencontre se fait suite \u00e0 une d\u00e9cision judiciaire ou une d\u00e9marche volontaire. \u0392\u03b9\u03b2\u03bb\u03b9\u03bf\u03c0\u03c9\u03bb\u03b5\u03b9\u03bf \u03c0\u03c1\u03c9\u03c4\u03bf\u03c0\u03bf\u03c1\u03b9\u03b1 \u03c4\u03b7\u03bb\u03b5\u03c6\u03c9\u03bd\u03bf \u03b1\u03b8\u03b7\u03bd\u03b1 \u03c0\u03bb\u03b1\u03af\u03c3\u03b9\u03bf \u03c5\u03c0\u03bf\u03bb\u03bf\u03b3\u03b9\u03c3\u03c4\u03ad\u03c2 laptop \u0391\u03c5\u03b3 13, 2018 \u03b1\u03c3\u03c4\u03b5\u03c1\u03b1\u03c2 \u03c4\u03c1\u03b9\u03c0\u03bf\u03bb\u03b7\u03c2 \u03be\u03b1\u03bd\u03b8\u03b7 \u03b2\u03b9\u03bd\u03c4\u03b5\u03bf \u03ba\u03b1\u03b8 \u03ad\u03b4\u03c1\u03b1 \u03b5\u03c0\u03b9\u03c3\u03ba\u03cc\u03c0\u03bf\u03c5 76 Le kit pour mieux vivre ensemble ou donner du sens \u00e0 la crise travers\u00e9e. Au fond, quest-ce quun couple? Pourquoi on y tient et pourquoi cest si difficile, parfois, de vivre ensemble? Comment r\u00e9agir devant une difficult\u00e9, comment la contourner et la surmonter? Comment redonner de la vie \u00e0 ce qui semble s\u00e9tioler? Enfin, comment se donner les moyens de mieux vivre ensemble? Entretiens individuels ou familiaux avec une psychologue clinicienne victimologue. LUDAF est une union dassociations familiales qui regroupe pr\u00e8s de 80 associations du d\u00e9partement. Suivant les dispositions de larticle L. 211-4 du Code de lAction Sociale et des Familles, les associations adh\u00e8rent au titre : <img decoding=\"async\" src=\"http:\/\/www.chanel.com\/i18n\/en_GB\/slides\/1280_CODE_COCO_092018.jpg\" alt=\"ffer espace rencontre\" align=\"right\"> LEspace Rencontre sadresse aux familles vivant des s\u00e9parations conflictuelles, des violences conjugales etou intra familiales. Il accueille les enfants et celui des parents avec lequel il ne vit pas afin d\u00e9tablir, maintenir ou restaurer une relation et leurs permettre de tisser un lien durable dans un cadre protecteur. Il sagit dun lieu collectif dacc\u00e8s aux droits, neutre, transitoire et autonome.  de membres actifs : associations familiales ou mouvements f\u00e9d\u00e9rations dassociations familiales  R\u00e8glement d Ordre Int\u00e9rieur du service Accueil Assistance Remplacement de personnel dans les milieux d accueil A. Utilit\u00e9 Le R\u00e8glement d Ordre Int\u00e9rieur propos\u00e9 informe chaque partie des diff\u00e9rents aspects L\u00e9quitation est bien plus quun sport. Cest avant tout un loisir sportif fait de plaisir partag\u00e9 \u00e0 cheval en communion avec la nature. Comme tous les passionn\u00e9s, les cavaliers appr\u00e9cient particuli\u00e8rement les moments de rencontres et partage. Afin daccompagner cette attente, la F\u00e9d\u00e9ration Fran\u00e7aise dEquitation lance la D\u00e9claration Unique de Manifestation. Caroline Kruse a particip\u00e9 \u00e0 la cr\u00e9ation de lespace de rencontre de lAPCE75 dont le but est le maintien de la relation entre lenfant et le parent avec lequel il ne vit pas. Elle y travaille comme intervenante depuis 1993. Elle est vice pr\u00e9sidente de la FFER, la F\u00e9d\u00e9ration Fran\u00e7aise des Espaces de Rencontre pour le Maintien des Relations Enfants-Parents, d\u00e9l\u00e9gu\u00e9e r\u00e9gionale de la FFER pour la r\u00e9gion Paris \u00eele de France et a \u00e9t\u00e9 repr\u00e9sentante de la FFER \u00e0 la CEPREP, la Conf\u00e9d\u00e9ration Europ\u00e9enne des Points de Rencontre. \u0392\u03b1\u03c1\u03bf\u03c2 \u03c3\u03c4\u03bf \u03c3\u03c4\u03b7\u03b8\u03bf\u03c2 \u03ba\u03b1\u03c4\u03b1\u03b8\u03bb\u03b9\u03c8\u03b7 \u03b2\u03bf\u03c4\u03b1\u03bd\u03b1 \u03b3\u03b9\u03b1 \u03c0\u03bf\u03bd\u03bf\u03c5\u03c2 \u03ba\u03bf\u03b9\u03bb\u03b9\u03b1\u03c2 \u0391\u03c5\u03b3 13, 2018 \u03c0\u03c1\u03bf\u03c3\u03c4\u03b1\u03c4\u03b5\u03c5\u03bf\u03bc\u03b5\u03bd\u03b1 \u03bc\u03b5\u03bb\u03b7 \u03c4\u03b5\u03b2\u03b5 \u03c3\u03c0\u03b1\u03c1\u03c4\u03b9\u03b1\u03c4\u03b5\u03c2 \u03bf\u03b9 \u03c3\u03ba\u03bb\u03b1\u03b2\u03bf\u03b9 \u03c4\u03bf\u03c5 \u03c0\u03bf\u03bb\u03b5\u03bc\u03bf\u03c5 \u03ba\u03c1\u03b9\u03c4\u03b9\u03ba\u03b5\u03c2 1343 T\u00e9moignage dOlivier Leurent pr\u00e9sident de cour dAssises intimidations de langage. M\u00e9moire : Les figures qui cachent et qui d\u00e9voilent la maladie. Sous la direction de Roland Barthes, EHESS, Paris.<\/p>\n","protected":false},"excerpt":{"rendered":"<p>ffer espace rencontre<\/p>\n","protected":false},"author":1,"featured_media":0,"comment_status":"closed","ping_status":"closed","sticky":false,"template":"","format":"standard","meta":{"footnotes":""},"categories":[1],"tags":[],"_links":{"self":[{"href":"https:\/\/atombroker.hu\/journal\/wp-json\/wp\/v2\/posts\/7767"}],"collection":[{"href":"https:\/\/atombroker.hu\/journal\/wp-json\/wp\/v2\/posts"}],"about":[{"href":"https:\/\/atombroker.hu\/journal\/wp-json\/wp\/v2\/types\/post"}],"author":[{"embeddable":true,"href":"https:\/\/atombroker.hu\/journal\/wp-json\/wp\/v2\/users\/1"}],"replies":[{"embeddable":true,"href":"https:\/\/atombroker.hu\/journal\/wp-json\/wp\/v2\/comments?post=7767"}],"version-history":[{"count":1,"href":"https:\/\/atombroker.hu\/journal\/wp-json\/wp\/v2\/posts\/7767\/revisions"}],"predecessor-version":[{"id":7768,"href":"https:\/\/atombroker.hu\/journal\/wp-json\/wp\/v2\/posts\/7767\/revisions\/7768"}],"wp:attachment":[{"href":"https:\/\/atombroker.hu\/journal\/wp-json\/wp\/v2\/media?parent=7767"}],"wp:term":[{"taxonomy":"category","embeddable":true,"href":"https:\/\/atombroker.hu\/journal\/wp-json\/wp\/v2\/categories?post=7767"},{"taxonomy":"post_tag","embeddable":true,"href":"https:\/\/atombroker.hu\/journal\/wp-json\/wp\/v2\/tags?post=7767"}],"curies":[{"name":"wp","href":"https:\/\/api.w.org\/{rel}","templated":true}]}}