{"id":7603,"date":"2020-10-07T13:36:25","date_gmt":"2020-10-07T13:36:25","guid":{"rendered":"http:\/\/atombroker.hu\/journal\/?p=7603"},"modified":"2020-10-04T08:00:03","modified_gmt":"2020-10-04T08:00:03","slug":"espace-rencontre-ccfd-lourdes","status":"publish","type":"post","link":"https:\/\/atombroker.hu\/journal\/2020\/10\/07\/espace-rencontre-ccfd-lourdes\/","title":{"rendered":"Espace Rencontre Ccfd Lourdes"},"content":{"rendered":"<p>RT : Pour la premi\u00e8re fois depuis 1954, lance un appel aux dons. 20 000 personnes b\u00e9n\u00e9ficient de laide de lassociatio Il y a via&#8211; To 2004 o \u0395\u03c1\u03b3\u03bf\u03c4\u03ad\u03bb\u03b7\u03c2 \u03ad\u03ba\u03b1\u03bd\u03b5 \u03bc\u03b9\u03b1 \u03b1\u03c0\u03bf \u03c4\u03b9\u03c2 \u03bc\u03b5\u03b3\u03ac\u03bb\u03b5\u03c2 \u03b5\u03ba\u03bb\u03ae\u03be\u03b5\u03b9\u03c2 \u03c3\u03c4\u03b7\u03bd \u03b9\u03c3\u03c4\u03bf\u03c1\u03af\u03b1 \u03c4\u03bf\u03c5 \u0395\u03bb\u03bb\u03b7\u03bd\u03b9\u03ba\u03bf\u03cd <img decoding=\"async\" src=\"http:\/\/www.extra.squirrellist.com\/marseille\/mp2018\/mp2018-legrandbaiser-5.JPG\" alt=\"espace rencontre ccfd lourdes\" align=\"left\"> Nous vous transmettons les propositions mises en place par la basilique du Sacr\u00e9-C\u0153ur de Montmartre Paris pour garder lunion de pri\u00e8re avec les catholiques du monde entier pendant le confinement: M\u00eame si la basilique ne peut plus accueillir de fid\u00e8les, pendant le confinement, il est possible de sunir \u00e0 distance en communion de pri\u00e8re avec la basilique: <img decoding=\"async\" src=\"http:\/\/www.ecriture-partagee.com\/02_Cursives\/84-curs-lassabliere\/p3.jpeg\" alt=\"espace rencontre ccfd lourdes\" align=\"center\"> \u00c0 loccasion de P\u00e2ques, Mgr Dognin publie une nouvelle lettre pastorale Proclamez l\u00c9vangile \u00e0 toute la cr\u00e9ation Mc 16, 15 T\u00e9l\u00e9chargez cette lettre en fran\u00e7ais Ou cliquez ICI pour la lire en breton. <img decoding=\"async\" src=\"http:\/\/st.hzcdn.com\/fimgs\/3f21b0d505870fa0_4734-w500-h666-b0-p0-scandinave-cave-a-vin.jpg\" alt=\"espace rencontre ccfd lourdes\" align=\"left\">  Durant deux jours, 14 artistes peintres ou sculpteurs amateurs ont expos\u00e9 leurs \u0153uvres dans une salle du rez-de-chauss\u00e9e de la mairie. Certaines r\u00e9alisations ont \u00e9t\u00e9 appr\u00e9ci\u00e9es par le public venu par vagues et elles.. Le CCFD-Terre Solidaire peut-il appeler \u00e0 la d\u00e9sob\u00e9issance civile? D\u00e9j\u00e0 touch\u00e9 par la faim, la s\u00e9cheresse et dautres maladies, le Niger, lun des pays les plus pauvres de la plan\u00e8te vit d\u00e9sormais \u00e0 lheure du confinement, en particulier dans la capitale, Niamey. Le p\u00e8re Mauro Armanino, missionnaire dans le pays, sinqui\u00e8te devant les carences des soins de sant\u00e9 et le manque de traitements mais fait part aussi de son esp\u00e9rance dune Eglise minoritaire dans le pays mais aux c\u00f4t\u00e9s des plus vul\u00e9rables. Si vous disposez douvrages ou darticles de r\u00e9f\u00e9rence ou si vous connaissez des sites web de qualit\u00e9 traitant du th\u00e8me abord\u00e9 ici, merci de compl\u00e9ter larticle en donnant les r\u00e9f\u00e9rences utiles \u00e0 sa et en les liant \u00e0 la section Le Mouvement Emma\u00fcs compte aujourdhui 119 communaut\u00e9s. Elles sont des lieux daccueil, de vie, dactivit\u00e9 et de solidarit\u00e9, qui fonctionnent sans aucune subvention et uniquement gr\u00e2ce \u00e0 la r\u00e9cup\u00e9ration dobjets. Cette autonomie financi\u00e8re leur permet d\u00eatre innovantes, et libres de leurs actions. La personne accueillie \u00e0 la communaut\u00e9 reste le temps quelle souhaite, avec pour seule obligation de respecter les r\u00e8gles de vie en commun. Fid\u00e8les \u00e0 laccueil inconditionnel, les communaut\u00e9s accueillent des personnes de tous horizons, \u00e9trangers en situation irr\u00e9guli\u00e8re ou des personnes devant effectuer des travaux dint\u00e9r\u00eat g\u00e9n\u00e9ral TIG par exemple. La communaut\u00e9 permet de se refaire une sant\u00e9, de retrouver les rep\u00e8res dune vie sociale organis\u00e9e. \u0395\u03c1\u03b3\u03bf\u03c4\u03ad\u03bb\u03b7\u03c2 \u03ba\u03b1\u03b9 \u039a\u03cd\u03b4\u03c9\u03bd \u03a7\u03b1\u03bd\u03af\u03c9\u03bd \u03bf\u03b4\u03b7\u03b3\u03bf\u03cd\u03bd \u03c4\u03b7\u03bd \u03ba\u03bf\u03cd\u03c1\u03c3\u03b1, \u03c3\u03c4\u03bf \u03c0\u03c1\u03c9\u03c4\u03ac\u03b8\u03bb\u03b7\u03bc\u03b1 \u039a\u03c1\u03ae\u03c4\u03b7\u03c2 \u03c3\u03c4\u03bf \u03bc\u03c0\u03ac\u03c3\u03ba\u03b5\u03c4 \u0395\u039a\u0391\u03a3\u039a. \u00c9v\u00eaque accompagnateur : M gr \u00e9v\u00eaque auxiliaire de Paris  Cest un riche qua mis en place le vicariat apostolique du Brabant-Wallon, situ\u00e9 pr\u00e8s de Bruxelles en Belgique, pour nourrir sa foi pendant cette p\u00e9riode de confinement. On y trouve des ressources pour prier \u00e0 la maison, dont une lecture de l\u00c9vangile intitul\u00e9e Prier la Parole pour en vivre, diverses intiatives concr\u00e8tes pour toutes les g\u00e9n\u00e9rations, ainsi que des messages du vicaire apostolique, Mgr Jean-Luc Hudsyn. Dans son dernier, dat\u00e9 du 18 avril, le pr\u00e9lat belge esquisse une r\u00e9flexion sur lapr\u00e8s confinement, souhaitant que gr\u00e2ce au discernement et \u00e0 la relacture de ce qui aura \u00e9t\u00e9 v\u00e9cu, lon rende ce nouveau chapitre de lhistoire de l\u00c9glise plus vivant, plus t\u00e9moignant, plus solidaire. 22 avril 2020: LAED prie avec les contemplatives et mobilise des fonds  \u0398\u03b1 \u03b5\u03af\u03c7\u03b5 \u03c0\u03ac\u03c1\u03b5\u03b9 \u03ba\u03b1\u03b9 \u03c4\u03bf\u03bd \u0394\u03b7\u03bc\u03ae\u03c4\u03c1\u03b7 \u039c\u03ac\u03bd\u03bf, \u03bf \u03a0\u03b1\u03bd\u03b9\u03ce\u03bd\u03b9\u03bf\u03c2, \u03b1\u03c0\u03bf \u03c4\u03bf\u03bd \u039f\u03bb\u03c5\u03bc\u03c0\u03b9\u03b1\u03ba\u03cc, \u03b1 Un temps pour nous rencontrer et nous reconna\u00eetre Un temps pour \u00e9changer Un temps pour f\u00eater la nouvelle ann\u00e9e Un temps pour partager la galette des rois Ca vous dit?! ALORS NOUS VOUS DONNONS RENDEZ-VOUS LE DIMANCHE 13 JANVIER A PARTIR DE 15h Dans les locaux de lEspace Madeleine Editeur de La Vie, Le Monde des religions, Prions etc. Ce groupe de presse est lun des partenaires des 3 e JMR. Rencontre avec Michel Sfeir, son pr\u00e9sident. Vous \u00eates sympathisant? Militant? Des contenus pour vous, en interaction avec la CGT. Ici, nh\u00e9sitez pas \u00e0 cliquer, r\u00e9pondre aux sondages, consulter nos mat\u00e9riels militants, et pourquoi pas rejoindre la CGT! Un espace pour sensibiliser les p\u00e8lerins \u00e0 la solidarit\u00e9 internationale En 1993 le CCFD-Terre Solidaire a d\u00e9cid\u00e9 de convertir cette vieille demeure datant de 1772, au 46 de la rue du Bourg \u00e0 Lourdes, en un Espace Rencontre consid\u00e9rant que, l\u00e0 o\u00f9 des millions de chr\u00e9tiens se rassemblent, il se doit d\u00eatre pr\u00e9sent afin de proposer des \u00e9changes sur la solidarit\u00e9 internationale. LEspace Rencontre est ouvert du mois davril au mois doctobre pour accueillir les participants aux p\u00e8lerinages et leur proposer divers animations :-des expositions avec des objets, des vid\u00e9os,-des soir\u00e9esd\u00e9bats,-des ateliers sur mesure, LEspace Rencontre \u00e9volue, cest un lieu daccueil, de dynamisme, de r\u00e9ponses aux besoins. Cest aussi un lieu dinnovation, dint\u00e9ressement, de jeu.. Un v\u00e9ritable espace de discussions et d\u00e9changes. Des programmes pour tous les publics Chaque ann\u00e9e LEspace Rencontre du CCFD-Terre Solidaire propose \u00e0 diff\u00e9rents publics, jeunes et adultes une panoplie danimations susceptibles de les amener \u00e0 sengager dans la construction dun monde plus juste. Les animations choisies se font en fonction du th\u00e8me pastoral des Sanctuaires et de la philosophie du CCFD-Terre Solidaire. LEspace Rencontre a pour objectifs de :-T\u00e9moigner que laction en faveur du d\u00e9veloppement solidaire sinscrit dans une d\u00e9marche spirituelle, c\u00e9l\u00e9br\u00e9 \u00e0 travers les p\u00e8lerinages, peut sincarner dans une action de d\u00e9veloppement de lHomme et de tous les hommes.-Aider les d\u00e9l\u00e9gations dioc\u00e9saines du CCFD-Terre Solidaire, \u00e0 sensibiliser les publics jeunes ou adultes qui se rendent en p\u00e8lerinage \u00e0 Lourdes, en leur fournissant des outils pour accompagner leur d\u00e9marche.-Faire connaitre la sp\u00e9cificit\u00e9 du CCFD-Terre Solidaire, lieu d\u00c9glise ouvert sur le monde par sa collaboration avec dautres mouvements et services d\u00c9glise mais aussi avec des associations de solidarit\u00e9, de d\u00e9veloppement, de d\u00e9fense des droits et avec la soci\u00e9t\u00e9 civile do\u00f9 limplantation en dehors des sanctuaires. Nous utilisons des cookies pour vous garantir la meilleure exp\u00e9rience sur notre site web. Souhaitez-vous activer les cookies?<\/p>\n","protected":false},"excerpt":{"rendered":"<p>espace rencontre ccfd lourdes<\/p>\n","protected":false},"author":1,"featured_media":0,"comment_status":"closed","ping_status":"closed","sticky":false,"template":"","format":"standard","meta":{"footnotes":""},"categories":[1],"tags":[],"_links":{"self":[{"href":"https:\/\/atombroker.hu\/journal\/wp-json\/wp\/v2\/posts\/7603"}],"collection":[{"href":"https:\/\/atombroker.hu\/journal\/wp-json\/wp\/v2\/posts"}],"about":[{"href":"https:\/\/atombroker.hu\/journal\/wp-json\/wp\/v2\/types\/post"}],"author":[{"embeddable":true,"href":"https:\/\/atombroker.hu\/journal\/wp-json\/wp\/v2\/users\/1"}],"replies":[{"embeddable":true,"href":"https:\/\/atombroker.hu\/journal\/wp-json\/wp\/v2\/comments?post=7603"}],"version-history":[{"count":1,"href":"https:\/\/atombroker.hu\/journal\/wp-json\/wp\/v2\/posts\/7603\/revisions"}],"predecessor-version":[{"id":7604,"href":"https:\/\/atombroker.hu\/journal\/wp-json\/wp\/v2\/posts\/7603\/revisions\/7604"}],"wp:attachment":[{"href":"https:\/\/atombroker.hu\/journal\/wp-json\/wp\/v2\/media?parent=7603"}],"wp:term":[{"taxonomy":"category","embeddable":true,"href":"https:\/\/atombroker.hu\/journal\/wp-json\/wp\/v2\/categories?post=7603"},{"taxonomy":"post_tag","embeddable":true,"href":"https:\/\/atombroker.hu\/journal\/wp-json\/wp\/v2\/tags?post=7603"}],"curies":[{"name":"wp","href":"https:\/\/api.w.org\/{rel}","templated":true}]}}