{"id":7601,"date":"2020-10-07T14:10:09","date_gmt":"2020-10-07T14:10:09","guid":{"rendered":"http:\/\/atombroker.hu\/journal\/?p=7601"},"modified":"2020-10-04T07:51:11","modified_gmt":"2020-10-04T07:51:11","slug":"rencontre-union","status":"publish","type":"post","link":"https:\/\/atombroker.hu\/journal\/2020\/10\/07\/rencontre-union\/","title":{"rendered":"Rencontre Union"},"content":{"rendered":"<p>Affaires \u00e9conomiques : audition de Philippe Martinez 25 de remise au titulaire de la carte sur ladh \u00e9sion. <img decoding=\"async\" src=\"http:\/\/i.f1g.fr\/media\/ext\/1900x1900\/madame.lefigaro.fr\/sites\/default\/files\/img\/2017\/11\/melanie-laurent.jpg\" alt=\"rencontre union\" align=\"center\"> Nous sommes dans le passage des doutes et des orages. Il faut faire attention. Mais plus la temp\u00eate avance, plus je suis calme. Je reste concentr\u00e9. Je r\u00e9fl\u00e9chis \u00e0 ce Richard. Que dit-il? Comment le dit-il? O\u00f9 est sa violence? Sa d\u00e9rision? Cette ann\u00e9e, pour la premi\u00e8re fois de sa jeune histoire, La Terrasse ECAM Festival sest \u00e9tal\u00e9 sur deux journ\u00e9es : \u00e0 chaque fois le dimanche, quand on d\u00e9montait, on \u00e9tait juste trop deg davoir mont\u00e9 tout \u00e7a que pour une journ\u00e9e. Et pour preuve de laura croissante de l\u00e9v\u00e9nement, ont \u00e9t\u00e9 organis\u00e9 un warm-up une semaine avant, sur la terrasse du Mob Hotel, ainsi quun after au Terminal \u00e0 la fin de la premi\u00e8re journ\u00e9e qui affichait complet. Le festival se d\u00e9roule dans le jardin de lECAM, une \u00e9cole ding\u00e9nieur jonch\u00e9e sur la colline de Fourvi\u00e8re, ce qui offre un cadre intimiste avec une vue imprenable sur la capitale des Gaules. Ajoutez \u00e0 cela quelques animations et expositions artistiques, ainsi quune programmation musicale pointue, plac\u00e9e sous les auspices de la funk, du disco et de la house, et vous obtiendrez un vague aper\u00e7u de ce que peut-\u00eatre ce festival car, bien entendu, il faut le vivre pour r\u00e9aliser. Le 04 mars 2019 : Universit\u00e9 Mohammed 1 er \u00e0 Oujda, Au regard du, lUnion europ\u00e9enne dispose de la et son statut r\u00e9sulte dun trait\u00e9 qui ne peut \u00eatre modifi\u00e9 que par laccord unanime de tous ses. Comme les autres organisations r\u00e9gionales, etc, lUE exerce ses pr\u00e9rogatives sur un champ g\u00e9ographique restreint ; cependant, elle dispose dun r\u00f4le politique propre et dun pouvoir de contrainte sur ses membres de fa\u00e7on plus importante que dans une organisation r\u00e9gionale classique.  La CGT, depuis d\u00e9j\u00e0 plusieurs mois, alerte le grand public sur les dangers de la r\u00e9forme des retraites qui ne dit pas son nom : Pr\u00e9carit\u00e9! Tous les assistants sont tomb\u00e9s daccord sur limportance de la dimension humaine comme facteur de coh\u00e9sion dans nos relations et ont insist\u00e9 sur limportance du patrimoine linguistique et culturel commun. La ministre a \u00e9galement manifest\u00e9 la volont\u00e9 de lEspagne daccompagner les pays ib\u00e9ro-am\u00e9ricains dans la comm\u00e9moration de leurs bicentenaires dind\u00e9pendance respectifs, tout en \u00e9tant convaincue que cela contribuera \u00e0 consolider les liens \u00e9troits qui unissent notre pays et lAm\u00e9rique Latine.  Repr\u00e9sentation d\u00e9mocratique dans lUnion europ\u00e9enne Merci pour votre pr\u00e9sence. Jai pr\u00e9par\u00e9 un discours, mais cest ennuyeux de lire des discours, je le remettrai donc \u00e0 la pr\u00e9sidente et elle vous fera parvenir le discours officiel. Je voudrais avoir un dialogue avec vous. Mais je voudrais auparavant reprendre deux ou trois petites choses qua dites la pr\u00e9sidente. No response to click on, please turn off router for 1 minute, and then turn it on. Fran\u00e7ais Espagnol. Classes virtuelles de fran\u00e7ais et despagnol pour \u00e9trangers tous niveaux. Traductions en espagnol, fran\u00e7ais et portugais. Grande exp\u00e9rience Miche Vauzelle rencontre le Secr\u00e9taire G\u00e9n\u00e9ral de lUnion pour la M\u00e9diterran\u00e9e CONTRASTE \u00c9LEV\u00c9 Enable S\u00c9LECTEUR DE COULEUR Change colors Continuez \u00e0 pouvoir aider les gens \u00e0 trouver lamour, le bonheur, comme je lai fait Mme M. <img decoding=\"async\" src=\"http:\/\/www.unionzen.fr\/wp-content\/uploads\/2015\/02\/Unionzen-Agence-matrimoniale-Montpellier-rencontre-s%C3%A9rieuse-couple-senior-425x200.jpg\" alt=\"rencontre union\" align=\"center\">, sur le site, 8 mars 2010 consult\u00e9 le 30 mars 2015. Attention : cette garantie de paiement ne sapplique pas si le flux est \u00e9clat\u00e9 entre lAMO et lAMC et si le pharmacien intervient sur les dates de fin de droits ou sur les b\u00e9n\u00e9ficiaires.  Sillage, une alliance \u00e0 la crois\u00e9e de l\u00e9l\u00e9gance intemporelle et de la modernit\u00e9. Les brillants subtilement sertis font de Sillage une alliance \u00e0 la ligne sobre et contemporaine. Comme, elle fait partie de notre collection. Le 8 juin, plusieurs collectifs, assembl\u00e9es et associations f\u00e9ministes appellent \u00e0 une journ\u00e9e de mobilisation f\u00e9ministe! Bruce Millan, Coop\u00e9ration pour lam\u00e9nagement du territoire europ\u00e9en-Europe 2000 Plus, Commission des Communaut\u00e9s europ\u00e9ennes, coll. Travaux de la Commission pour l\u00c9tude des Communaut\u00e9s europ\u00e9ennes, 1994, 247 p. Le programme de l\u00e9v\u00e9nement Legal Team-rencontre avec la DGCCRF-Union des marques <img decoding=\"async\" src=\"http:\/\/www.cemea-mayotte.org\/wp-content\/uploads\/2016\/02\/invitation-18-02-2016-BDP.jpg\" alt=\"rencontre union\" align=\"center\"> Faire une rencontre s\u00e9rieuse nest plus qu\u00e0 quelques clics : inscrivez-vous sur le site de rencontre 100 gratuit!! Je trouve \u00e9galement que depuis quelques ann\u00e9es cest toujours les m\u00eames gros sites qui sont valoris\u00e9s aussi bien sur la toile dinternet, qu\u00e0 la t\u00e9l\u00e9. Moyens efficaces pour enfin oublier son, site de rencontre amoureuse et s\u00e9 les c\u00e9libataires \u00e0 la qu\u00eate d\u00e2ce \u00e0 la qualit\u00e9 de notre service et de notre m\u00e9thode, trouvez enfin lhomme ou la femme c\u00e9libataire de vos r\u00eaves! Les propositions pr\u00e9voient un financement accru pour la recherche et linnovation, l\u00e9ducation et la formation ainsi que les. Des fonds sp\u00e9cifiques sont utilis\u00e9s pour la lutte contre la criminalit\u00e9 et le terrorisme et pour les politiques de migration et dasile.<\/p>\n","protected":false},"excerpt":{"rendered":"<p>rencontre union<\/p>\n","protected":false},"author":1,"featured_media":0,"comment_status":"closed","ping_status":"closed","sticky":false,"template":"","format":"standard","meta":{"footnotes":""},"categories":[1],"tags":[],"_links":{"self":[{"href":"https:\/\/atombroker.hu\/journal\/wp-json\/wp\/v2\/posts\/7601"}],"collection":[{"href":"https:\/\/atombroker.hu\/journal\/wp-json\/wp\/v2\/posts"}],"about":[{"href":"https:\/\/atombroker.hu\/journal\/wp-json\/wp\/v2\/types\/post"}],"author":[{"embeddable":true,"href":"https:\/\/atombroker.hu\/journal\/wp-json\/wp\/v2\/users\/1"}],"replies":[{"embeddable":true,"href":"https:\/\/atombroker.hu\/journal\/wp-json\/wp\/v2\/comments?post=7601"}],"version-history":[{"count":1,"href":"https:\/\/atombroker.hu\/journal\/wp-json\/wp\/v2\/posts\/7601\/revisions"}],"predecessor-version":[{"id":7602,"href":"https:\/\/atombroker.hu\/journal\/wp-json\/wp\/v2\/posts\/7601\/revisions\/7602"}],"wp:attachment":[{"href":"https:\/\/atombroker.hu\/journal\/wp-json\/wp\/v2\/media?parent=7601"}],"wp:term":[{"taxonomy":"category","embeddable":true,"href":"https:\/\/atombroker.hu\/journal\/wp-json\/wp\/v2\/categories?post=7601"},{"taxonomy":"post_tag","embeddable":true,"href":"https:\/\/atombroker.hu\/journal\/wp-json\/wp\/v2\/tags?post=7601"}],"curies":[{"name":"wp","href":"https:\/\/api.w.org\/{rel}","templated":true}]}}