{"id":7585,"date":"2020-10-06T03:22:16","date_gmt":"2020-10-06T03:22:16","guid":{"rendered":"http:\/\/atombroker.hu\/journal\/?p=7585"},"modified":"2020-10-04T07:28:39","modified_gmt":"2020-10-04T07:28:39","slug":"rencontre-avec-adin-steinsaltz","status":"publish","type":"post","link":"https:\/\/atombroker.hu\/journal\/2020\/10\/06\/rencontre-avec-adin-steinsaltz\/","title":{"rendered":"Rencontre Avec Adin Steinsaltz"},"content":{"rendered":"<p> Les informations demand\u00e9es dans ce formulaire sont toutes obligatoires, et sont collect\u00e9es et destin\u00e9es au Groupe Albin Michel, afin de cr\u00e9er votre compte et personnaliser vos services si vous le souhaitez. Conform\u00e9ment \u00e0 la Loi Informatique et Libert\u00e9s du 06011978 modifi\u00e9e et au R\u00e8glement UE2016679, vous disposez dun droit dacc\u00e8s, de rectification et dopposition aux informations qui vous concernent. Vous pouvez exercer ces droits en nous contactant par courrier \u00e0 Editions Albin Michel, Service Communication digitale, 22 rue Huyghens, 75014 Paris.. La pri\u00e8re. Une matin\u00e9e exceptionnelle propos\u00e9e par les \u00e9missions religieuses des Chemins de la Foi Paru dans Archives de sciences sociales des religions, <img decoding=\"async\" src=\"http:\/\/www.finnjrolle.cf\/wp-content\/uploads\/2015\/07\/Logo-EFRACING.png\" alt=\"rencontre avec adin steinsaltz\" align=\"right\"> O\u00f9 en est le dialogue entre chr\u00e9tiens et Juifs Chr\u00e9tiens et Juifs.. En v\u00e9rit\u00e9, lon se trouve ici face \u00e0 un paradoxe. De toute \u00e9vidence, le statut de Moulay comme chaliah en France ne ressemblait \u00e0 celui daucun autre, nulle part ailleurs. Malgr\u00e9 tout, il demeura Moulay, au-dessus de tous, tout comme au sein de tous. Le premier groupe tel quon lappela encore longtemps apr\u00e8s constituait lessence de tout ce qui poursuivit ensuite. Les jeunes comme les plus \u00e2g\u00e9s continu\u00e8rent de se consid\u00e9rer comme le groupe. Moulay en \u00e9tait l\u00e2me vivante, animant chacun de ses membres. <img decoding=\"async\" src=\"http:\/\/www.puortaldovt.cf\/cache\/avatars\/214480_1524352664_fr.png\" alt=\"rencontre avec adin steinsaltz\" align=\"right\">  18 novembre 2012: colloque Ce que le juda\u00efsme sait de la fin du monde Lartiste rend \u00e9galement hommage \u00e0 Adin Steinsaltz, lun des premiers rabbins \u00e0 avoir traduit une s\u00e9rie douvrages de tradition juive en h\u00e9breux moderne. LHebdo du Vendredi 5Une remarque simpose ici. Cette relation \u00e9lective et contraignante de Dieu \u00e0 son Peuple, lauteur ne la d\u00e9finit pas comme condition m\u00e9taphysique de labsolue singularit\u00e9 du juda\u00efsme. Les f\u00eates se suivent comme autant de comm\u00e9morations d\u00e9v\u00e9nements proprement historiques, \u00e0 partir desquels cette sp\u00e9cificit\u00e9 d\u00e9finit autant une exp\u00e9rience de foi singuli\u00e8re, sur une Terre appropri\u00e9e aussit\u00f4t que promise, au sein dun peuple destin\u00e9, et dans un parcours historique enti\u00e8rement ordonn\u00e9 par lexigence de lAlliance, n\u0153ud gordien entre hommes et dieu, qui ne se tranche pas. Cet essentialisme dont lauteur na de cesse de d\u00e9montrer le caract\u00e8re irr\u00e9vocable peut heurter tout lecteur profane habitu\u00e9 \u00e0 se m\u00e9fier de tout enfermement dans une th\u00e9orie identitaire. Dont on conna\u00eet assez, par ailleurs, les dommages et dans lHistoire, et dans lacte de connaissance. Contre la pens\u00e9e de source hell\u00e9nistique, pour qui, selon une lecture bien r\u00e9ductrice de lauteur, aucune valeur nest sacr\u00e9e, le juda\u00efsme a d\u00e8s laube mais est-il une aube, quand, nous lavons vu, tout est d\u00e9j\u00e0 jou\u00e9? \u00e2prement combattu, et vaincu. Hanoucca est la c\u00e9l\u00e9bration de la victoire des juifs hasmon\u00e9ens sur les Grecs, qui est \u00e0 lorigine directe de leur p\u00e9rennit\u00e9 religieuse, existentielle, culturelle, cultuelle. La parution de louvrage Ecrire \u00e0 lombre de Kafka Le premier fut ma rencontre avec un Isra\u00e9lien de lAgence Juive et les longues discussions men\u00e9es avec lui sur Erets-Isra\u00ebl et les possibilit\u00e9s dAlyah. Un r\u00eave qui d\u00e9sormais ne me quittera plus. Le deuxi\u00e8me a trait au premier vendredi de nos vacances, en fin dapr\u00e8s-midi. Mon p\u00e8re me sugg\u00e9ra subitement de faire un saut \u00e0 la petite synagogue de la ville qui, lui semblait-il, \u00e9tait assez proche. Le Chamach attendait impatiemment \u00e0 lentr\u00e9e : Soyez les bienvenus nous dit-il il nous fallait pr\u00e9cis\u00e9ment encore deux hommes pour compl\u00e9ter le Mynian!. Son visage rayonnant de joie ma profond\u00e9ment marqu\u00e9. Nous comprenons \u00e0 quel point nous \u00e9tions asservis \u00e0 notre corps. Imaginons quelquun qui poss\u00e8de une voiture et ne vit que pour elle. Toute sa journ\u00e9e se passe \u00e0 en prendre soin: la laver, faire le plein dessence, la conduire, la garer. <img decoding=\"async\" src=\"http:\/\/trningochmajt.cf\/Images\/ENCART_SITE_ACCUEIL_TROUVEZ_BUNNY.jpg\" alt=\"rencontre avec adin steinsaltz\" align=\"center\"> Provide elderly widows and Holocaust survivors with food during the coronavirus pandemic Y. Amidror-M Zlotowski. Maison du Barreau-Paris, d\u00e9cembre 2007  Livraison suivie pour 6,90 en France M\u00e9tropolitaine : La pri\u00e8re. Une matin\u00e9e exceptionnelle propos\u00e9e par les \u00e9missions religieuses des Chemins de la Foi-LUBF : F\u00e9d\u00e9ration des Associations Bouddhistes de France Google fait lacquisition de Timeful, une application qui permet de g\u00e9rer son emploi du temps de fa\u00e7on intelligente. Timeful est n\u00e9e en mars 2014 du g\u00e9nie de trois Isra\u00e9liens qui ont transform\u00e9 le fruit dune recherche acad\u00e9mique sur le th\u00e8me de la gestion du temps en un service dassistance personnalis\u00e9. Gr\u00e2ce aux investissements de KPCB, Data Collective, Khosla Ventures, ou encore la soci\u00e9t\u00e9 dinvestissement isra\u00e9lienne Pitango, lapplication Timeful a r\u00e9ussi \u00e0 lever 7 millions de dollars. Elle est op\u00e9rationnelle depuis juillet 2014. Chavouot nous donne \u00e0 nous rem\u00e9morer le don de la Thora sur le Mont Sina\u00ef. Je dis bien rem\u00e9morer et non pas comm\u00e9morer, car il ne sagit pas de c\u00e9l\u00e9brer un \u00e9v\u00e9nement du pass\u00e9, mais de vivre un moment pr\u00e9sent. Tout comme \u00e0 Pessah nous devons consid\u00e9rer que nous sortons r\u00e9ellement dEgypte, de notre Egypte personnelle. Demain, nous serons \u00e0 nouveau au pied de la montagne pour recevoir le texte divin. Que devons-nous retrouver comme \u00e9lan pour revivre pleinement ce que nos anc\u00eatres ont compris? Recevez des notifications li\u00e9es aux auteurs que vous suivez, aux livres que vous avez ajout\u00e9s ou aux dates dagenda salons, signatures en librairie que vous ne voulez pas manquer!<\/p>\n","protected":false},"excerpt":{"rendered":"<p>rencontre avec adin steinsaltz<\/p>\n","protected":false},"author":1,"featured_media":0,"comment_status":"closed","ping_status":"closed","sticky":false,"template":"","format":"standard","meta":{"footnotes":""},"categories":[1],"tags":[],"_links":{"self":[{"href":"https:\/\/atombroker.hu\/journal\/wp-json\/wp\/v2\/posts\/7585"}],"collection":[{"href":"https:\/\/atombroker.hu\/journal\/wp-json\/wp\/v2\/posts"}],"about":[{"href":"https:\/\/atombroker.hu\/journal\/wp-json\/wp\/v2\/types\/post"}],"author":[{"embeddable":true,"href":"https:\/\/atombroker.hu\/journal\/wp-json\/wp\/v2\/users\/1"}],"replies":[{"embeddable":true,"href":"https:\/\/atombroker.hu\/journal\/wp-json\/wp\/v2\/comments?post=7585"}],"version-history":[{"count":1,"href":"https:\/\/atombroker.hu\/journal\/wp-json\/wp\/v2\/posts\/7585\/revisions"}],"predecessor-version":[{"id":7586,"href":"https:\/\/atombroker.hu\/journal\/wp-json\/wp\/v2\/posts\/7585\/revisions\/7586"}],"wp:attachment":[{"href":"https:\/\/atombroker.hu\/journal\/wp-json\/wp\/v2\/media?parent=7585"}],"wp:term":[{"taxonomy":"category","embeddable":true,"href":"https:\/\/atombroker.hu\/journal\/wp-json\/wp\/v2\/categories?post=7585"},{"taxonomy":"post_tag","embeddable":true,"href":"https:\/\/atombroker.hu\/journal\/wp-json\/wp\/v2\/tags?post=7585"}],"curies":[{"name":"wp","href":"https:\/\/api.w.org\/{rel}","templated":true}]}}