{"id":7575,"date":"2020-10-06T00:27:43","date_gmt":"2020-10-06T00:27:43","guid":{"rendered":"http:\/\/atombroker.hu\/journal\/?p=7575"},"modified":"2020-10-04T07:12:45","modified_gmt":"2020-10-04T07:12:45","slug":"rencontre-reagjir","status":"publish","type":"post","link":"https:\/\/atombroker.hu\/journal\/2020\/10\/06\/rencontre-reagjir\/","title":{"rendered":"Rencontre Reagjir"},"content":{"rendered":"<p>La prochaine \u00e9dition aura lieu \u00e0 Reims les 4 et 5 octobre prochain. Rassurez-vous, il ny a pas de session de commentaires de posters pr\u00e9vue pour cette fois-ci! les probl\u00e9matiques touchant particuli\u00e8rement les jeunes g\u00e9n\u00e9ralistes au moyen <img decoding=\"async\" src=\"http:\/\/www.question.benefitconnect.net\/wp-content\/uploads\/2017\/12\/minion-karaoke.gif\" alt=\"rencontre reagjir\" align=\"left\"> We wont support this browser soon. For a better experience, we recommend using another browser.  Pour r\u00e9sumer, il y a actuellement un vide juridique, et une diff\u00e9rence entre les textes et les pratiques des CPAM, qui consid\u00e8rent que du moment que lAVAT existe, ceux qui ne sont pas assur\u00e9s ne sont pas couverts pour les soins. Mardi 15 octobre 2019 : Soir\u00e9e de formation Sant\u00e9 mentale et M\u00e9decine G\u00e9n\u00e9rale. D\u00e9cloisonner les pratiques en sant\u00e9 mentale. Avec le Dr Pr\u00e9bois, psychiatre au CHU Purpan, une soir\u00e9e dinformation et d\u00e9change autour des liens entre MG professionnels de sant\u00e9 mentale. <img decoding=\"async\" src=\"http:\/\/oklahomabenefitsgroup.com\/new\/wp-content\/uploads\/2015\/09\/creme-480x571.jpg\" alt=\"rencontre reagjir\" align=\"center\"> Le Professeur Martin Fortin, de lUniversit\u00e9 de Sherbrooke Quebec, Canada \u00e9tait venu animer une Masterclass sur le th\u00e8me de la multimorbidit\u00e9. Au programme : Pr\u00e9sentation conjointe par Lionel Cirgue de Fiducial et un intervenant de lARA PL Association de Gestion agr\u00e9e. Vous pourrez poser toutes vos questions! Mercredi 27 mars 2019 : Soir\u00e9e en addictologie : cas pratiques jour 2 souhaite proposer aux syndicats candidats de communiquer leurs positions sur \u00e9changer sur la mise en place de propositions adapt\u00e9es et sans surench\u00e8re, pour Quand, pourquoi et comment recourir \u00e0 nos coll\u00e8gues masseurs-kin\u00e9sith\u00e9rapeutes? Gregoire Gibault, Vincent Ulvoas et Geoffrey Viallaneix, masseurs-kin\u00e9sith\u00e9rapeutes lib\u00e9raux sur Saint Martin du Touch \u00e9taient pr\u00e9sents pour \u00e9voquer la prise en charge moderne de la lombalgie en kin\u00e9sith\u00e9rapie. Si vous souhaitez plus dinformations vous pouvez nous \u00e9crire \u00e0  Les prochaines rencontres auront lieu les jeudi 07 et vendredi 08 Novembre 2019 Cet automne 2019, Reims devient The place to be pour les jeunes g\u00e9n\u00e9ralistes, avec deux \u00e9v\u00e8nements majeurs : <img decoding=\"async\" src=\"http:\/\/www.note.anglersacademy.org\/media\/02\/01\/1503849315.jpg\" alt=\"rencontre reagjir\" align=\"center\">  Session DPC Pluripro Kin\u00e9s, Podologues, Pharmaciens, M\u00e9decins et IDE 6 heures, par, dans le cadre des Nationales les 7 et 8 novembre derniers, ReAGJIR, le syndicat qui rassemble et Ces rencontres permettent \u00e9galement dapporter aux jeunes professionnels des outils et des informations pour leur exercice, avec la participation dexperts et de d\u00e9cideurs tant r\u00e9gionaux que nationaux. Elles ont lieu tous les ans aux 4 coins de la France Jeunes universitaires de m\u00e9decine g\u00e9n\u00e9rale : une rencontre fructueuse Au programme, de nombreux ateliers sont d\u00e9di\u00e9s \u00e0 lexercice coordonn\u00e9 et pluriprofessionnel. La table-ronde Exercice coordonn\u00e9 permettra davoir un aper\u00e7u des diff\u00e9rents niveaux g\u00e9ographiques et organisationnels de ce type dexercice : ESP, MSP et CPTS. Latelier Cr\u00e9ation dune \u00e9quipe de soins primaires vous permettra de revenir sur votre territoire avec toutes les cartes en main pour construire votre ESP. La table ronde Innovation et nouveaux m\u00e9tiers en sant\u00e9 permettra d\u00e9claircir les r\u00f4les des nouveaux professionnels de sant\u00e9 dont les m\u00e9tiers ont \u00e9t\u00e9 nouvellement cr\u00e9\u00e9s et rafra\u00eechir ceux des m\u00e9tiers pr\u00e9curseurs de la pluriprofessionalit\u00e9 IDE Asal\u00e9e, IPA, assistants m\u00e9dicaux. Centre international de Congr\u00e8s du Palais des Papes La difficult\u00e9 de r\u00e9ponse rapide de la part des affaires m\u00e9dicales du CHU vient de la surcharge de travail \u00e0 cause de la fusion entre le CHU et lh\u00f4pital de Ch\u00e2tellerault. Parcours bibliographie et revue syst\u00e9matique : utilisation des diff\u00e9rentes bases de donn\u00e9es 1er jour, m\u00e9thodologie de la revue syst\u00e9matique 2\u00e8me jour.<\/p>\n","protected":false},"excerpt":{"rendered":"<p>rencontre reagjir<\/p>\n","protected":false},"author":1,"featured_media":0,"comment_status":"closed","ping_status":"closed","sticky":false,"template":"","format":"standard","meta":{"footnotes":""},"categories":[1],"tags":[],"_links":{"self":[{"href":"https:\/\/atombroker.hu\/journal\/wp-json\/wp\/v2\/posts\/7575"}],"collection":[{"href":"https:\/\/atombroker.hu\/journal\/wp-json\/wp\/v2\/posts"}],"about":[{"href":"https:\/\/atombroker.hu\/journal\/wp-json\/wp\/v2\/types\/post"}],"author":[{"embeddable":true,"href":"https:\/\/atombroker.hu\/journal\/wp-json\/wp\/v2\/users\/1"}],"replies":[{"embeddable":true,"href":"https:\/\/atombroker.hu\/journal\/wp-json\/wp\/v2\/comments?post=7575"}],"version-history":[{"count":1,"href":"https:\/\/atombroker.hu\/journal\/wp-json\/wp\/v2\/posts\/7575\/revisions"}],"predecessor-version":[{"id":7576,"href":"https:\/\/atombroker.hu\/journal\/wp-json\/wp\/v2\/posts\/7575\/revisions\/7576"}],"wp:attachment":[{"href":"https:\/\/atombroker.hu\/journal\/wp-json\/wp\/v2\/media?parent=7575"}],"wp:term":[{"taxonomy":"category","embeddable":true,"href":"https:\/\/atombroker.hu\/journal\/wp-json\/wp\/v2\/categories?post=7575"},{"taxonomy":"post_tag","embeddable":true,"href":"https:\/\/atombroker.hu\/journal\/wp-json\/wp\/v2\/tags?post=7575"}],"curies":[{"name":"wp","href":"https:\/\/api.w.org\/{rel}","templated":true}]}}