{"id":7475,"date":"2020-10-06T06:43:22","date_gmt":"2020-10-06T06:43:22","guid":{"rendered":"http:\/\/atombroker.hu\/journal\/?p=7475"},"modified":"2020-10-04T02:00:44","modified_gmt":"2020-10-04T02:00:44","slug":"rencontre-la-ferte-alais","status":"publish","type":"post","link":"https:\/\/atombroker.hu\/journal\/2020\/10\/06\/rencontre-la-ferte-alais\/","title":{"rendered":"Rencontre La Ferte Alais"},"content":{"rendered":"<p>Vous \u00eates \u00e0 la recherche dun appartement avec un loyer raisonnable? Id\u00e9alement situ\u00e9 \u00e0 Aix en Provence il est mis en location pour un prix de 740 par mois. Cet appartement 2 pi\u00e8ces comporte une chambre, une cuisine \u00e9quip\u00e9e et des toilettes. Son tr\u00e8s bon rendement \u00e9nerg\u00e9tique DPE : F devrait aider \u00e0 all\u00e9ger votre budget. Au matin, je me suis r\u00e9veiller doucement, mais surprise, il \u00e9tait d\u00e9j\u00e0 11 heures, alors j ai mang\u00e9 avec sa petite famille car eux aussi avait fait la grace mat! Assistante maternelle agr\u00e9\u00e9e et maman dune petite fille. Jai travaill\u00e9 en cr\u00e8che, \u00e9cole maternelle et centre de loisirs. Jhabite en pavillon avec jardin clos. Je propose de nombreuses activit\u00e9s en exterieur et int\u00e9rieur. 2 places disponible \u00e0 partir de septembre 2014. Nh\u00e9sitez pas \u00e0 me contacter.  Nandaref, habite \u00e0 44 km de La Fert\u00e9-Alais 91590 Sur les terres dun ancien ch\u00e2teau,le Grand Jardin du Th\u00e9\u00e2tre des Minuits nest pas un jardin comme les autres! Grande prairie, for\u00eat interdite, potager cramoisi, vergers suspendus, clairi\u00e8res..et.. La Neuville-sur-Essonne 45390 Nombre de chambres doubles pour le dimanche soir: 4 G\u00e9rard, Jean-Louis F-LIBE,Dam, Jean Louis Le Floch Parce quune belle rencontre peut arriver \u00e0 tout moment, lapplication Meetic vous suit partout. O\u00f9 que vous soyez, vous pouvez lancer une recherche, d\u00e9couvrir les profils, consulter les visites, les likes et les coups de c\u0153urs que vous avez re\u00e7us, r\u00e9pondre \u00e0 vos invitations ou encore poursuivre le fil de vos conversations.  <img decoding=\"async\" src=\"http:\/\/www.parc-gatinais-francais.fr\/wp-content\/uploads\/2015\/09\/La-Ferte-Alais-16.jpg\" alt=\"rencontre la ferte alais\" align=\"right\"> <img decoding=\"async\" src=\"http:\/\/s1.lprs1.fr\/images\/2017\/01\/10\/6549948_a230b2e8-d70e-11e6-bacb-12117aee38ab-1_1000x625.jpg\" alt=\"rencontre la ferte alais\" align=\"right\"> Int\u00e9r\u00eats communs : Groupe de lecture Discussion, Caf\u00e9 et conversations, Restaurant, Jardinage Entretien paysager, Artisanat, Films Vid\u00e9os, Arts et mus\u00e9es, Musique et concerts, Religion Spiritualit\u00e9, Brocante Antiquit\u00e9s Une pr\u00e9dominance de maisons individuelles, logements majoritairement grands 4 pi\u00e8ces et plus. \u00cates-vous s\u00fbre de vouloir supprimer votre compte et toutes les donn\u00e9es qui y sont attach\u00e9es? enfants si heureux de rentrer chez eux avec des tonnes de bonbons. Enfin, le d\u00e9veloppement de nos chantiers va encore gagner du terrain..car au nom du nous allons collaborer avec le Conseil D\u00e9partemental et deux chantiers se tiendront fin aout dans les coll\u00e8ges de Mennecy et de Corbeil. Avant de nous solliciter, l\u00e9quipe du Centre Maternel avait envisag\u00e9 avec ces 2 femmes, conform\u00e9ment \u00e0 la demande de linspectrice ASE, un confiement de leurs enfants \u00e0 la pouponni\u00e8re du Conseil D\u00e9partemental dans le cadre dun AP. Mais la proposition dun h\u00e9bergement par lassociation Le Moulin Vert, nous paraissait plus contenante et rassurante pour ces deux femmes. Une relation se construit par \u00e9tapes et rien ne se fait en claquant des doigts. \u00c0 deux cest mieux, en construisant ensemble et pas chacun de son c\u00f4t\u00e9. R\u00e9gion: Cours par webcam Cours en face \u00e0 face Profil valid\u00e9 La derni\u00e8re modification de cette page a \u00e9t\u00e9 faite le 31 janvier 2020 \u00e0 16:57.  Sorry, you have been blocked You are unable to access agendaculturel.fr Nous vous invitons \u00e0 revenir sur cette page un lien est pr\u00e9sent dans votre compte chaque fois que vous souhaiterez modifier ce choix. Copyright Comme Un Avion 2015-2019 Blog Aviation-Blog A\u00e9ronautique-Blog Avion-Blog A\u00e9rien-AvGeek-Passion Aviation-Photo Avion-Avis Compagnies A\u00e9riennes par les auteurs pr\u00e9sents. De nombreux stand de restauration seront disponibles sur tout le plateau. <img decoding=\"async\" src=\"http:\/\/i.f1g.fr\/media\/ext\/800x_crop\/www.lefigaro.fr\/medias\/2013\/05\/30\/PHO4a10efe0-c7b0-11e2-9c3e-1eee1d7eaaf1-805x453.jpg\" alt=\"rencontre la ferte alais\" align=\"center\"> dautres sites ou applications. En g\u00e9n\u00e9ral, le contenu du site ou de lapplication est utilis\u00e9 pour faire des Les m\u00e9caniciens Richard Rawlings et Aaron Kaufmann fouillent les recoins isol\u00e9s du Texas en qu\u00eate d\u00e9paves \u00e0 racheter et restaurer au Gas Monkey Garage.<\/p>\n","protected":false},"excerpt":{"rendered":"<p>rencontre la ferte alais<\/p>\n","protected":false},"author":1,"featured_media":0,"comment_status":"closed","ping_status":"closed","sticky":false,"template":"","format":"standard","meta":{"footnotes":""},"categories":[1],"tags":[],"_links":{"self":[{"href":"https:\/\/atombroker.hu\/journal\/wp-json\/wp\/v2\/posts\/7475"}],"collection":[{"href":"https:\/\/atombroker.hu\/journal\/wp-json\/wp\/v2\/posts"}],"about":[{"href":"https:\/\/atombroker.hu\/journal\/wp-json\/wp\/v2\/types\/post"}],"author":[{"embeddable":true,"href":"https:\/\/atombroker.hu\/journal\/wp-json\/wp\/v2\/users\/1"}],"replies":[{"embeddable":true,"href":"https:\/\/atombroker.hu\/journal\/wp-json\/wp\/v2\/comments?post=7475"}],"version-history":[{"count":1,"href":"https:\/\/atombroker.hu\/journal\/wp-json\/wp\/v2\/posts\/7475\/revisions"}],"predecessor-version":[{"id":7476,"href":"https:\/\/atombroker.hu\/journal\/wp-json\/wp\/v2\/posts\/7475\/revisions\/7476"}],"wp:attachment":[{"href":"https:\/\/atombroker.hu\/journal\/wp-json\/wp\/v2\/media?parent=7475"}],"wp:term":[{"taxonomy":"category","embeddable":true,"href":"https:\/\/atombroker.hu\/journal\/wp-json\/wp\/v2\/categories?post=7475"},{"taxonomy":"post_tag","embeddable":true,"href":"https:\/\/atombroker.hu\/journal\/wp-json\/wp\/v2\/tags?post=7475"}],"curies":[{"name":"wp","href":"https:\/\/api.w.org\/{rel}","templated":true}]}}