{"id":7381,"date":"2020-10-06T09:40:52","date_gmt":"2020-10-06T09:40:52","guid":{"rendered":"http:\/\/atombroker.hu\/journal\/?p=7381"},"modified":"2020-10-03T22:07:03","modified_gmt":"2020-10-03T22:07:03","slug":"rencontre-parent-prof-very-bad-blague","status":"publish","type":"post","link":"https:\/\/atombroker.hu\/journal\/2020\/10\/06\/rencontre-parent-prof-very-bad-blague\/","title":{"rendered":"Rencontre Parent Prof Very Bad Blague"},"content":{"rendered":"<p>Nous attendons avec impatience, la seconde mais nous sommes d\u00e9j\u00e0 conquises. Je me suis inscrite pour recevoir ces vid\u00e9os suite \u00e0 un lien quune amie ma envoy\u00e9. Donnez moi les coordonn\u00e9es des cours \u00e0 distance merci de maider cest urgent je ne sais quoi faire Merci pour votre travail, je me sens entour\u00e9e est arm\u00e9 pour commencer l\u00e9cole \u00e0 la maison ma question est ma fille na que trois ans par quoi je commence merci encore une fois de votre soutien Les \u00e9l\u00e8ves \u00e0 besoins \u00e9ducatifs particuliers scolaris\u00e9s dans une \u00e9cole, un coll\u00e8ge ou un lyc\u00e9e reprennent leur scolarit\u00e9 comme les autres \u00e9l\u00e8ves de leur \u00e9cole ou \u00e9tablissement.  Javoue aussi que je ne crois plus en la qualit\u00e9 de l\u00e9ducation qui est donn\u00e9e a nos enfants via l\u00e9ducation nationale. Dailleurs suite \u00e0 une question pos\u00e9e \u00e0 notre Inspectrice en qualit\u00e9 de parent d\u00e9l\u00e8ve je me suis faite renvoy\u00e9e proprement sans m\u00eame une r\u00e9ponse au sujet du bien fond\u00e9 des m\u00e9thodes globales et semi globales. Je m\u00e9tais renseign\u00e9e pour l\u00e9cole \u00e0 la maison avant m\u00eame que ma fille soit n\u00e9e. Avec mon mari, nous sommes dans une d\u00e9marche de bien-\u00eatre et il est important pour nous que notre fille ne soit pas broy\u00e9e par le syst\u00e8me scolaire traditionnel. Jai trouv\u00e9 votre blog et je suis rassur\u00e9e par tout ce que vous d\u00eetes, et me sens compl\u00e8tement rassur\u00e9e de ne plus \u00eatre seule face \u00e0 l\u00e9ducation de ma petite. Ma fille na que 2 ans mais d\u00e9j\u00e0 parle beaucoup et est tr\u00e8s \u00e0 laise avec les adultes ainsi que les autres enfants. Et javoue que cela ma un peu angoiss\u00e9 car je ne savais pas comment my prendre avec le fait de lui faire l\u00e9cole \u00e0 la maison. Car comme beaucoup de parents, je pense, jai moi aussi rencontr\u00e9 pas mal de personnes qui sont contre cette m\u00e9thode et ont su me le dire Peut-\u00eatre par jalousie de ne pas avoir eu le cran de le faire eux-m\u00eame, allez savoir <img decoding=\"async\" src=\"http:\/\/www.worldtaekwondo.org\/wp-content\/uploads\/2018\/08\/main_banner.jpg\" alt=\"rencontre parent prof very bad blague\" align=\"center\"> Heureusement ma fille na pas ce probleme et elle s adapte tres bien au ecole et ce fond dans la masse, mais j ai peur pour la suite surtout que je vie en Thailand et je souhaite vraiment tout faire pour eviter a ma fille mon parcours scholaire inutile David nous sert une magnifique variante de basta cosi, basta bisou.  Jesp\u00e8re avoir des r\u00e9ponses dans les vid\u00e9os \u00e0 venir! Jai essayer de cr\u00e9er une ambience sereine \u00e0 la maison sans jeux vid\u00e9os, sans jeux en plastiques, etc et surtout avec beaucoup de voyages de part le monde, et lart. Elle ne voulait que la tendresse, de laffection. Elle voulait quil prenne soin delle, parce que malgr\u00e9 ses 25 ans, il y a toujours cette petite fille bless\u00e9e au fond delle-m\u00eame qui r\u00e9clame de lamour. Bonjour et merci pour votre site, nous souhaitons nous lancer dans l\u00e9cole \u00e0 la maison pour septembre, et je trouve vos vid\u00e9os tr\u00e8s bien faites et instructives. La rentr\u00e9e 6\u00e8me en septembre, le coll\u00e8ge d\u00e9cide ULIS en Janvier. Il se sent seul, d\u00e9prim\u00e9, na m\u00eame pas la force de faire le m\u00e9nage, son appartement ressemble \u00e0 une poubelle et il est extr\u00eamement nerveux. Il s\u00e9nerve pour rien, il fait tomber un livre par terre et il se met \u00e0 hurler. Https:ma raboutvaudourapide.w ixsite.comocculte Les femmes sont pouss\u00e9es \u00e0 se soucier des autres et \u00e0 leur donner de lamour. Cest joli, dit comme \u00e7a. Nos vies intimes-Publi\u00e9 le 28 mai 2020 \u00e0 16:31  Nous avons chang\u00e9 le troisi\u00e8me d\u00e9cole il est dans une \u00e9cole publique \u00e0 c\u00f4t\u00e9 de lautre : il na pas \u00e9t\u00e9 accept\u00e9 par ses camarades car il venait de sauter la grande section de maternelle et \u00e9tait donc pour eux un un b\u00e9b\u00e9. Un gar\u00e7on en particulier lui menait la vie dure. Avec lexp\u00e9rience de lain\u00e9, nous avons compris que cela ne servait \u00e0 rien de discuter avec le directeur. Le changement d\u00e9cole a \u00e9t\u00e9 b\u00e9n\u00e9fique : il est arriv\u00e9 vierge de toute histoire. Mais il na pas de vrais copains et nest pas motiv\u00e9 pour aller en classe. De plus, on commence \u00e0 lui apprendre les droits de lenfant maman, tu nas pas le droit de me gronder, on a vu \u00e7a \u00e0 l\u00e9cole et je naime pas les cours de danse, on nous demande de nous toucher partout. Javoue que je suis inqui\u00e8te sur la mise en place des programmes ABCD \u00e9galit\u00e9 en septembre. M\u00eame si mon enfant fera la part des choses, jai limpression que je devrai avec mon mari remettre les pendules \u00e0 lheure et cela me fatigue davance. Un \u00e9norme bravo pour votre travail, je suis admirative. Et je ne peux memp\u00eacher de me demander quand m\u00eame comment vous faire confiance tellement \u00e7a a lair trop beau pour \u00eatre vrai papyjo Au moins une personne pour qui avoir du mat\u00e9riel informatique.. Les \u00e9l\u00e8ves scolaris\u00e9s dans un \u00e9tablissement fran\u00e7ais \u00e0 l\u00e9tranger homologu\u00e9 AEFE sont d\u00e9j\u00e0 rattach\u00e9s \u00e0 une acad\u00e9mie qui est diff\u00e9rente selon le pays de r\u00e9sidence. Lors de leur arriv\u00e9e en France, ces \u00e9l\u00e8ves doivent donc se faire conna\u00eetre aupr\u00e8s du recteur de lacad\u00e9mie dans laquelle ils arrivent. Cette acad\u00e9mie daccueil fera le n\u00e9cessaire aussi bien pour assurer le suivi de la scolarit\u00e9 et permettre le passage des examens. Les conditions g\u00e9n\u00e9rales pour la r\u00e9ouverture des \u00e9tablissements Quel est le cadre sanitaire de louverture progressive des \u00e9coles et \u00e9tablissements scolaires? Oui, moi aussi jai \u00e9t\u00e9 dans une bonne \u00e9cole, puis des excellentes universit\u00e9s jai un doctorat mais ce que je vois avec mon fils de six ans cest le manque douverture, de qualit\u00e9 de c\u0153ur dans l\u00e9ducation. Je vois \u00e9galement le contact avec les autres petits gar\u00e7ons il a six ans et est au CP-tous semblent si porter \u00e0 lagressivit\u00e9 malsaine, tous avec leurs jeux vid\u00e9os, leurs MacDo et autre. <img decoding=\"async\" src=\"http:\/\/suljettfu.tk\/GiseleBundchen\/img\/Brazil.gif\" alt=\"rencontre parent prof very bad blague\" align=\"right\"> Virginie ma puce a 21 mois et je me renseigne tout comme vous! <img decoding=\"async\" src=\"http:\/\/star.miracle-bra.com\/6974-home_default_2x\/la-menthe-polaire-10-ml-fr.jpg\" alt=\"rencontre parent prof very bad blague\" align=\"right\">.<\/p>\n","protected":false},"excerpt":{"rendered":"<p>rencontre parent prof very bad blague<\/p>\n","protected":false},"author":1,"featured_media":0,"comment_status":"closed","ping_status":"closed","sticky":false,"template":"","format":"standard","meta":{"footnotes":""},"categories":[1],"tags":[],"_links":{"self":[{"href":"https:\/\/atombroker.hu\/journal\/wp-json\/wp\/v2\/posts\/7381"}],"collection":[{"href":"https:\/\/atombroker.hu\/journal\/wp-json\/wp\/v2\/posts"}],"about":[{"href":"https:\/\/atombroker.hu\/journal\/wp-json\/wp\/v2\/types\/post"}],"author":[{"embeddable":true,"href":"https:\/\/atombroker.hu\/journal\/wp-json\/wp\/v2\/users\/1"}],"replies":[{"embeddable":true,"href":"https:\/\/atombroker.hu\/journal\/wp-json\/wp\/v2\/comments?post=7381"}],"version-history":[{"count":1,"href":"https:\/\/atombroker.hu\/journal\/wp-json\/wp\/v2\/posts\/7381\/revisions"}],"predecessor-version":[{"id":7382,"href":"https:\/\/atombroker.hu\/journal\/wp-json\/wp\/v2\/posts\/7381\/revisions\/7382"}],"wp:attachment":[{"href":"https:\/\/atombroker.hu\/journal\/wp-json\/wp\/v2\/media?parent=7381"}],"wp:term":[{"taxonomy":"category","embeddable":true,"href":"https:\/\/atombroker.hu\/journal\/wp-json\/wp\/v2\/categories?post=7381"},{"taxonomy":"post_tag","embeddable":true,"href":"https:\/\/atombroker.hu\/journal\/wp-json\/wp\/v2\/tags?post=7381"}],"curies":[{"name":"wp","href":"https:\/\/api.w.org\/{rel}","templated":true}]}}