{"id":7275,"date":"2020-10-06T22:12:15","date_gmt":"2020-10-06T22:12:15","guid":{"rendered":"http:\/\/atombroker.hu\/journal\/?p=7275"},"modified":"2020-10-03T18:12:59","modified_gmt":"2020-10-03T18:12:59","slug":"rencontre-ivoirienne-paris","status":"publish","type":"post","link":"https:\/\/atombroker.hu\/journal\/2020\/10\/06\/rencontre-ivoirienne-paris\/","title":{"rendered":"Rencontre Ivoirienne Paris"},"content":{"rendered":"<p>IM : Comment vos artistes ont-ils v\u00e9cu le confinement? pour les expatri\u00e9s qui vivent \u00e0 l\u00e9tranger et se soignent en France lors de courts ou longs s\u00e9jours. \u00c9l\u00e9ment divoire dun tr\u00f4ne-Panneau aux chasseurs, Recevez le communiqu\u00e9 du conseil des Ministres, les d\u00e9cisions du Gouvernement, etc. Par mail? Inscrivez-vous \u00e0 la GOUVLETTER Donc les points forts \u00e0 Montreal seraient le fait que les cours soient ax\u00e9s sur la pratique, ce qui est passionnant, on voit quon a une r\u00e9elle capacit\u00e9 professionnelle \u00e0 la fin du semestre, et lamabilit\u00e9 des professeurs qui font tout pour pousser \u00e0 la r\u00e9ussite.  Les pourparlers entam\u00e9s \u00e0 Lom\u00e9 permettent dobtenir le 17 octobre, un accord de qui ouvre la voie \u00e0 des n\u00e9gociations sur un accord politique entre le gouvernement et le MPCI sous l\u00e9gide du pr\u00e9sident du. Ces n\u00e9gociations \u00e9chouent cependant sur les mesures politiques \u00e0 prendre, en d\u00e9pit de r\u00e9unions entre les dirigeants de la \u00e0, puis \u00e0 et \u00e0. 10 000 de l dont 4 600 soldats fran\u00e7ais de la sont plac\u00e9s en interposition entre les bellig\u00e9rants. Dans une nouvelle initiative, la France abrite \u00e0 du 15 au 23 janvier 2003, sous la pr\u00e9sidence de, pr\u00e9sident du, second\u00e9 par le juge s\u00e9n\u00e9galais, une table ronde avec les forces politiques ivoiriennes et obtient la signature des. Cet accord pr\u00e9voit la cr\u00e9ation dun gouvernement de r\u00e9conciliation nationale dirig\u00e9 par un premier ministre nomm\u00e9 par le Pr\u00e9sident de la R\u00e9publique apr\u00e8s consultation des autres partis politiques, l\u00e9tablissement dun calendrier pour des \u00e9lections nationales cr\u00e9dibles et transparentes, la restructuration des forces de d\u00e9fense et de s\u00e9curit\u00e9, lorganisation du regroupement et du d\u00e9sarmement de tous les groupes arm\u00e9s, le r\u00e8glement des questions relatives \u00e0 l\u00e9ligibilit\u00e9 \u00e0 la pr\u00e9sidence du pays et \u00e0 la condition des \u00e9trangers vivant en C\u00f4te dIvoire. Un comit\u00e9 de suivi de lapplication de laccord, pr\u00e9sid\u00e9 par l, est institu\u00e9. Emmanuel Macron \u00e0 Abidjan, le 21 d\u00e9cembre 2019. Luc Gnago Reuters Pour les demandes dinformation au Si\u00e8ge, contactez notre Standard g\u00e9n\u00e9ral Guillaume Soro entre en fonction le 4 avril et son gouvernement est install\u00e9 trois jours plus tard. Le gouvernement doit mettre en place notamment deux points clefs de laccord politique de Ouagadougou : la pr\u00e9paration d\u00e9lections devant se tenir dans les dix mois \u00e0 compter de mars 2007, puis lunification des Forces arm\u00e9es des Forces nouvelles FAFN et des Forces arm\u00e9es nationales de C\u00f4te dIvoire FANCI Au Maroc, le Haut-commissariat au plan vient dannoncer le lancement dune plateforme de formation \u00e0 distance. Linitiative qui concerne en priorit\u00e9 les niveaux du.. Nous vous invitons \u00e0 revenir sur cette page un lien est pr\u00e9sent dans votre compte chaque fois que vous souhaiterez modifier ce choix. Emmanuel Macron avec les soldats fran\u00e7ais d\u00e9ploy\u00e9s sur la base de Port-Bouet, le 20 d\u00e9cembre 2019. Clotaire Achi Reuters  De source diplomatique et m\u00eame si cela ne fera probablement pas lobjet dune annonce, Emmanuel Macron pourrait aborder avec son h\u00f4te l\u00e9pineux dossier de l\u00e9lection pr\u00e9sidentielle pr\u00e9vue en octobre 2020 en C\u00f4te dIvoire. Offre 100 num\u00e9rique: 1 le 1er mois sans engagement Wallers De jeunes Ivoiriens, Belges, Espagnols r\u00e9novent les pav\u00e9s du Paris-Roubaix <img decoding=\"async\" src=\"http:\/\/www.safe-arbitres.fr\/medias\/content\/001TC.jpg\" alt=\"rencontre ivoirienne paris\" align=\"center\"> Au nombre des m\u00e9dias pr\u00e9sents, il y avait Le Monde, LExpress, Le Figaro, Le Journal du Dimanche, TF1 et France 2. <img decoding=\"async\" src=\"http:\/\/www.afrikipresse.fr\/images\/galeries\/par.gif\" alt=\"rencontre ivoirienne paris\" align=\"right\">  Guillaume Soro est notamment accus\u00e9 par la justice ivoirienne davoir foment\u00e9 une insurrection civile et militaire pour semparer du pouvoir, ce quil nie. Livoirienne qui r\u00eavait du froid Parcours dHana Diarrassouba \u00e9tudiante \u00e0 Sciences Po Paris R\u00e9solution 1464 2003 adopt\u00e9e par le Conseil de s\u00e9curit\u00e9 de lONU \u00e0 sa 4700 e s\u00e9ance le 4 f\u00e9vrier 2003 page consult\u00e9e le 24 avril 2008. Baixe os arquivos, instru\u00e7\u00f5es e manuais sobre condominio Le groupe est \u00e9galement pr\u00e9sent \u00e0 linternational avec des casinos en Suisse, en C\u00f4te dIvoire et en Egypte, deux h\u00f4tels de luxe au Maroc et \u00e0 St Barth\u00e9lemy mais aussi un Fouquets \u00e0 Abu Dhabi. Emmanuel et Brigitte Macron arrivant \u00e0 Abidjan, le 20 d\u00e9cembre 2019. Luc Gnago Reuters <img decoding=\"async\" src=\"http:\/\/www.linfodrome.com\/media\/k2\/items\/cache\/47edd0a49461b89ef01682f50e608363_L.jpg\" alt=\"rencontre ivoirienne paris\" align=\"left\">.<\/p>\n","protected":false},"excerpt":{"rendered":"<p>rencontre ivoirienne paris<\/p>\n","protected":false},"author":1,"featured_media":0,"comment_status":"closed","ping_status":"closed","sticky":false,"template":"","format":"standard","meta":{"footnotes":""},"categories":[1],"tags":[],"_links":{"self":[{"href":"https:\/\/atombroker.hu\/journal\/wp-json\/wp\/v2\/posts\/7275"}],"collection":[{"href":"https:\/\/atombroker.hu\/journal\/wp-json\/wp\/v2\/posts"}],"about":[{"href":"https:\/\/atombroker.hu\/journal\/wp-json\/wp\/v2\/types\/post"}],"author":[{"embeddable":true,"href":"https:\/\/atombroker.hu\/journal\/wp-json\/wp\/v2\/users\/1"}],"replies":[{"embeddable":true,"href":"https:\/\/atombroker.hu\/journal\/wp-json\/wp\/v2\/comments?post=7275"}],"version-history":[{"count":1,"href":"https:\/\/atombroker.hu\/journal\/wp-json\/wp\/v2\/posts\/7275\/revisions"}],"predecessor-version":[{"id":7276,"href":"https:\/\/atombroker.hu\/journal\/wp-json\/wp\/v2\/posts\/7275\/revisions\/7276"}],"wp:attachment":[{"href":"https:\/\/atombroker.hu\/journal\/wp-json\/wp\/v2\/media?parent=7275"}],"wp:term":[{"taxonomy":"category","embeddable":true,"href":"https:\/\/atombroker.hu\/journal\/wp-json\/wp\/v2\/categories?post=7275"},{"taxonomy":"post_tag","embeddable":true,"href":"https:\/\/atombroker.hu\/journal\/wp-json\/wp\/v2\/tags?post=7275"}],"curies":[{"name":"wp","href":"https:\/\/api.w.org\/{rel}","templated":true}]}}