{"id":7231,"date":"2020-10-06T06:21:12","date_gmt":"2020-10-06T06:21:12","guid":{"rendered":"http:\/\/atombroker.hu\/journal\/?p=7231"},"modified":"2020-10-03T16:25:15","modified_gmt":"2020-10-03T16:25:15","slug":"rencontre-langue-paris","status":"publish","type":"post","link":"https:\/\/atombroker.hu\/journal\/2020\/10\/06\/rencontre-langue-paris\/","title":{"rendered":"Rencontre Langue Paris"},"content":{"rendered":"<p>IVT, lieu phare de diffusion et de cr\u00e9ation pour le th\u00e9\u00e2tre bilingue, visuel et corporel. Le concept est int\u00e9ressant. Mais cest aussi du commerce consommation obligatoire.-_- JE NE BOIS PAS DALCOOL! Bonjour. Je vis \u00e0 Paris et travaille \u00e0 Sorbonne universit\u00e9. Je cherche un ami qui peut \u00eatre un partenaire d\u00e9change linguistique et qui peut passer du temps avec moi \u00e0 Paris. Si vous \u00eates int\u00e9ress\u00e9 par la culture japonaise, nh\u00e9sitez pas \u00e0 me contacter! Rencontre avec Jean-Paul Chagnollaud, professeur \u00e9m\u00e9rite des universit\u00e9s, pr\u00e9sident de liReMMO et directeur de la revue Confluences M\u00e9diterran\u00e9e et Hana Jaber, chercheure associ\u00e9e \u00e0 la chaire dHistoire du monde contemporain au Coll\u00e8ge de France. <img decoding=\"async\" src=\"http:\/\/neolatines.free.fr\/wp\/wp-content\/uploads\/Rencontre-Interlangues-14-octobre-2017.jpg\" alt=\"rencontre langue paris\" align=\"center\">  <img decoding=\"async\" src=\"http:\/\/polyglotclub.com\/UserFiles\/images\/anglais_small.jpg\" alt=\"rencontre langue paris\" align=\"right\"> Loriginalit\u00e9 de la formule de lassociation PARLE repose sur une double volont\u00e9, celle dinitier, de familiariser et de performer les apprenants dans leur pratique dune langue \u00e9trang\u00e8re, mais aussi de leur permettre dapprocher lhistoire, la culture, les traditions artistiques et culinaires des pays des intervenants. Conform\u00e9ment au R\u00e8glement G\u00e9n\u00e9ral Europ\u00e9en de Protection des Donn\u00e9es Personnelles RGDP, IVT sengage \u00e0 stocker vos donn\u00e9es de mani\u00e8re s\u00e9curis\u00e9es, elles ne sont en aucun cas c\u00e9d\u00e9es ou vendues. Vous pourrez vous d\u00e9sinscrire \u00e0 tous moments \u00e0 partir dun lien facilement visible, qui sera en bas de chacune de nos newsletters. Permanence : 3\u00e8me du vendredi de chaque mois de 18h \u00e0 20h Annexe centre danimation. Place Fran\u00e7oise Dorl\u00e9ac. 75018 Paris  Marie Rose MORO, Amalini SIMON, Laura RAKOTOMALALA, Malika BENNABI BENSEKHAR Alors que le touareg b\u00e9n\u00e9ficiait depuis les ind\u00e9pendances du statut de langue nationale au Niger et Mali, le berb\u00e8re est longtemps rest\u00e9 sans aucune reconnaissance institutionnelle en Alg\u00e9rie et au Maroc. Le statut du berb\u00e8re a connu cependant de sensibles am\u00e9liorations depuis quelques ann\u00e9es dans ces deux pays. En Alg\u00e9rie, le berb\u00e8re est depuis 2002 langue nationale et au Maroc, il est langue officielle depuis 2011. Il faudra de nombreuses ann\u00e9es pour que les effets de ces \u00e9volutions statutaires soient significatifs dautant que la variation dialectale ainsi que la multiplicit\u00e9 des parlers narrange rien. Dans tout le domaine berb\u00e9rophone, la majorit\u00e9 des vari\u00e9t\u00e9s sont en danger dans les pays o\u00f9 cette langue nest pas reconnue, en Mauritanie, en Tunisie et en Egypte en particulier, mais \u00e9galement en Alg\u00e9rie par exemple o\u00f9 plusieurs parlers sont en voie dextinction. Tarif r\u00e9duit \u00e9tudiants, parents denfants sourds, retrait\u00e9s Acqu\u00e9rir de la confiance en soi, sorganiser, savoir o\u00f9 placer ses priorit\u00e9s, etc.. \u00c0 travers chacune de ces vid\u00e9os, Marion nous guide pour \u00e9viter les \u00e9cueils de lapprentissage linguistique et r\u00e9ussir tous nos projets qui en d\u00e9coulent. Salle 216-centre Pantheon, 12 place du Panth\u00e9on, 75005 Paris Type : Colloque Journ\u00e9e d\u00e9tude Contact : Lieux : Maison de la Recherche-4 rue des Irlandais-75005 PARIS  Le salafisme entre mythes et r\u00e9alit\u00e9s, avec Mohamed-Ali Adraoui, chercheur \u00e0 la London School of Economics, L\u00e9vang\u00e9lisme sioniste et son influence sur la politique am\u00e9ricaine au Proche-Orient, avec Antoine Fleyfel, philosophe et th\u00e9ologien au Coll\u00e8ge des Bernardins et \u00e0 lUniversit\u00e9 Saint-Joseph de Beyrouth, Origines, histoire et \u00e9volution des formes juives de radicalisation religieuse, avec Jean-Christophe Attias, historien et philosophe, directeur d\u00e9tudes \u00e0 l\u00c9cole pratique des hautes \u00e9tudes EPHE. Tests et certifications en temps de crise sanitaire Trois s\u00e9ances de conversation en fran\u00e7ais, par groupes de 6 \u00e0 8 \u00e9tudiants, sont anim\u00e9es par des retrait\u00e9s b\u00e9n\u00e9voles, tous les jours du lundi au vendredi, de 10h \u00e0 12h, de 14h \u00e0 16h15 et de 16h30 \u00e0 18h30. L\u00e9tudiant peut venir tous les jours, \u00e0 une seule s\u00e9ance par jour. Les cinquante ambassadeurs en herbe, finalistes du tournoi de joutes oratoires mondial men\u00e9 pendant toute lann\u00e9e scolaire, et leurs enseignants accompagnateurs, Ser\u00e1 poss\u00edvel de se inscrever at\u00e9 o dia 22 de outubro meia-noite : hora de Paris <img decoding=\"async\" src=\"http:\/\/www.entretemps.asso.fr\/arabe\/rencontres_fichiers\/image004.jpg\" alt=\"rencontre langue paris\" align=\"left\"> Babil-Babel II, Langues de chevet et langues frontales, une journ\u00e9e pour penser ensemble et f\u00eater la deuxi\u00e8me ann\u00e9e du s\u00e9minaire Babil-Babel!<\/p>\n","protected":false},"excerpt":{"rendered":"<p>rencontre langue paris<\/p>\n","protected":false},"author":1,"featured_media":0,"comment_status":"closed","ping_status":"closed","sticky":false,"template":"","format":"standard","meta":{"footnotes":""},"categories":[1],"tags":[],"_links":{"self":[{"href":"https:\/\/atombroker.hu\/journal\/wp-json\/wp\/v2\/posts\/7231"}],"collection":[{"href":"https:\/\/atombroker.hu\/journal\/wp-json\/wp\/v2\/posts"}],"about":[{"href":"https:\/\/atombroker.hu\/journal\/wp-json\/wp\/v2\/types\/post"}],"author":[{"embeddable":true,"href":"https:\/\/atombroker.hu\/journal\/wp-json\/wp\/v2\/users\/1"}],"replies":[{"embeddable":true,"href":"https:\/\/atombroker.hu\/journal\/wp-json\/wp\/v2\/comments?post=7231"}],"version-history":[{"count":1,"href":"https:\/\/atombroker.hu\/journal\/wp-json\/wp\/v2\/posts\/7231\/revisions"}],"predecessor-version":[{"id":7232,"href":"https:\/\/atombroker.hu\/journal\/wp-json\/wp\/v2\/posts\/7231\/revisions\/7232"}],"wp:attachment":[{"href":"https:\/\/atombroker.hu\/journal\/wp-json\/wp\/v2\/media?parent=7231"}],"wp:term":[{"taxonomy":"category","embeddable":true,"href":"https:\/\/atombroker.hu\/journal\/wp-json\/wp\/v2\/categories?post=7231"},{"taxonomy":"post_tag","embeddable":true,"href":"https:\/\/atombroker.hu\/journal\/wp-json\/wp\/v2\/tags?post=7231"}],"curies":[{"name":"wp","href":"https:\/\/api.w.org\/{rel}","templated":true}]}}