{"id":7177,"date":"2020-10-05T06:43:21","date_gmt":"2020-10-05T06:43:21","guid":{"rendered":"http:\/\/atombroker.hu\/journal\/?p=7177"},"modified":"2020-10-03T13:59:41","modified_gmt":"2020-10-03T13:59:41","slug":"rencontres-francophones-zurich","status":"publish","type":"post","link":"https:\/\/atombroker.hu\/journal\/2020\/10\/05\/rencontres-francophones-zurich\/","title":{"rendered":"Rencontres Francophones Zurich"},"content":{"rendered":"<p>Error 522 Ray ID: 5a20d06d1bb0c948 2020-06-12 04:27:02 UTC Connection timed out Remise des informations d\u00e9finitives environ 8 jours jours avant le d\u00e9part, le voyageur sera tenu inform\u00e9 par voie postale etou num\u00e9rique :  Expatriation : les conseils dune Fran\u00e7aise de Zur..  En r\u00e9alit\u00e9, la saison nen contient que 24 : les \u00e9pisodes Partir sans un mot-Partie 1 et Partir sans un mot-Partie 2 ne sont quun seul et m\u00eame \u00e9pisode d1h30. Il a cependant \u00e9t\u00e9 coup\u00e9 en 2 parties pour des raisons de production mais a \u00e9t\u00e9 diffus\u00e9 en une seule fois aux \u00c9tats-Unis il a en revanche \u00e9t\u00e9 coup\u00e9 en deux en France. VF : : D r r\u00e9current saisons 6 \u00e0 11 et depuis la saison 15, principal saisons 12 \u00e0 14 au vu du grand nombre dacteurs r\u00e9currents et invit\u00e9s, seuls sont list\u00e9s les acteurs dont les personnages ont eu une importance significative <img decoding=\"async\" src=\"http:\/\/www.jepars.ch\/magazine\/wp-content\/gallery\/nomades-desert-marocain\/desert_04_0.jpg\" alt=\"rencontres francophones zurich\" align=\"left\"> Nouveau dictionnaire de g\u00e9ographie universelle.-Louis Vivien de Saint-Martin-Google Books Zurich: Journ\u00e9e de rencontre des \u00e9tudiants des facult\u00e9s de th\u00e9ologie Portail catholique suisse Zurich: Journ\u00e9e de rencontre des \u00e9tudiants des facult\u00e9s de th\u00e9ologie cath.ch Apr\u00e8s le grand succ\u00e8s remport\u00e9 en 2015 aupr\u00e8s des \u00e9l\u00e8ves de la maternelle, la compagnie th\u00e9\u00e2trale des mamans du Lyc\u00e9e Fran\u00e7ais Marie Curie de Zurich \u00e9tait cette ann\u00e9e encore au rendez-vous de la Semaine de la Langue Fran\u00e7aise et de la Francophonie pour un nouveau spectacle autour de dix mots francophones \u00e9dition 20161, issus cette fois-ci de r\u00e9gionalismes francophones. Des rencontres \u0153cum\u00e9niques. Nous partageons une c\u00e9l\u00e9bration \u0153cum\u00e9nique chaque ann\u00e9e \u00e0 tour de r\u00f4le \u00e0 la Mission ou \u00e0 la paroisse r\u00e9form\u00e9e fran\u00e7aise. Cest un moment de pri\u00e8re et de partage fort appr\u00e9ci\u00e9 pour t\u00e9moigner de la recherche dunit\u00e9 entre les Eglises. Les chiffres officiels indiquaient jusqu\u00e0 pr\u00e9sent que 1152 personnes \u00e9taient d\u00e9c\u00e9d\u00e9es en Russie du coronavirus en avril. Les autorit\u00e9s russes avaient pr\u00e9cis\u00e9 que ce bilan ne prenait en compte que les cas o\u00f9 le coronavirus \u00e9tait \u00e9tabli comme cause principale du d\u00e9c\u00e8s. Mais le minist\u00e8re russe de la Sant\u00e9 a annonc\u00e9 fin mai quil allait revoir ses m\u00e9thodes de comptage en suivant les recommandations de lOMS, qui plaide pour comptabilisation des causes annexes ou des cas suspects. Visites et excursions incluses dans le forfait de base ou optionnelles int\u00e9gr\u00e9es \u00e0 la r\u00e9servation : Le d\u00e9roulement de ce voyage est celui pr\u00e9vu \u00e0 la publication de ce voyage. Les conditions de r\u00e9alisation des prestations compl\u00e9mentaires soumises \u00e0 r\u00e9servation, non incluses dans le forfait de base, se d\u00e9roulent suivant descriptifs fournis par le voyagiste. Sauf cas de force majeure, lensemble des prestations pr\u00e9vues est respect\u00e9. Toutefois, son d\u00e9roulement est susceptible d\u00eatre modifi\u00e9 en raison dimp\u00e9ratifs techniques, pour des motifs li\u00e9s aux conditions m\u00e9t\u00e9orologiques et encore \u00e0 dautres al\u00e9as dorganisation tels que rotations a\u00e9riennes, jours de march\u00e9s, horaires de bateau, \u00e9tat des routes, vols int\u00e9rieurs, etc. Toute reproduction, distribution ou modification partielle ou compl\u00e8te de ce site internet et des documents sy aff\u00e9rant est formellement interdite. Ce site internet et tout son contenu sont prot\u00e9g\u00e9s par les lois sur la protection des droits dauteurs et de la propri\u00e9t\u00e9 intellectuelle pour tout pays. Lauteur se r\u00e9serve le droit de r\u00e9clamer des dommages et int\u00e9r\u00eats si ces termes ne sont pas respect\u00e9s. Capacit\u00e9 : 5, 7, 8, 9 ou 11 cabines 20 passagers environ <img decoding=\"async\" src=\"http:\/\/www.jeudis.ch\/images\/logos\/PNG\/logo_lj_rencontres_2015.png\" alt=\"rencontres francophones zurich\" align=\"center\"> Ouverture de la campagne de r\u00e9inscription pour lann\u00e9e scolaire 2020-2021 : 14 f\u00e9vrier 2020 Tr\u00e8s vite dautres groupes sont n\u00e9s comme, Singapour maman travaille, Singapour Mamans discussion \u00e9cole,m\u00eame Singapour nana cuisine!-La 24e Semaine de la langue fran\u00e7aise et de la Francophonie en Suisse SwissCovid offre un degr\u00e9 \u00e9lev\u00e9 de protection des donn\u00e9es Motif du d\u00e9part : apr\u00e8s avoir jou\u00e9 dans la s\u00e9rie durant 10 ans, Sara Ramirez a souhait\u00e9 prendre ses distances pour se consacrer \u00e0 dautres projets, et na donc pas renouvel\u00e9 son contrat. <img decoding=\"async\" src=\"http:\/\/www.spottedbylocals.com\/zurich\/files\/si-o-no-cafe-bar-zurich-by-ajuni.jpg\" alt=\"rencontres francophones zurich\" align=\"left\"> anibis.ch doit rester une place de march\u00e9 s\u00fbre. Dans de tels cas, nous demandons donc une br\u00e8ve confirmation avant dautoriser lacc\u00e8s. La pand\u00e9mie du nouveau coronavirus a fait au moins 425282 morts dans le monde selon un d\u00e9compte de lAFP samedi \u00e0 03h30 heures.  Elle pr\u00e9pare r\u00e9guli\u00e8rement des dizaines de candidats aux examens DELF et DALF. Les \u00e9pisodes 11 et 12 de la troisi\u00e8me saison, 17 de la quatri\u00e8me saison, 2 de la cinqui\u00e8me saison, 6 de la septi\u00e8me saison et 5 de la douzi\u00e8me saison, ne comportent pas de voix-off. VF : : D r Lauren Boswell, chirurgienne sp\u00e9cialis\u00e9e dans le domaine maxillofacial saison 9-3 \u00e9pisodes.<\/p>\n","protected":false},"excerpt":{"rendered":"<p>rencontres francophones zurich<\/p>\n","protected":false},"author":1,"featured_media":0,"comment_status":"closed","ping_status":"closed","sticky":false,"template":"","format":"standard","meta":{"footnotes":""},"categories":[1],"tags":[],"_links":{"self":[{"href":"https:\/\/atombroker.hu\/journal\/wp-json\/wp\/v2\/posts\/7177"}],"collection":[{"href":"https:\/\/atombroker.hu\/journal\/wp-json\/wp\/v2\/posts"}],"about":[{"href":"https:\/\/atombroker.hu\/journal\/wp-json\/wp\/v2\/types\/post"}],"author":[{"embeddable":true,"href":"https:\/\/atombroker.hu\/journal\/wp-json\/wp\/v2\/users\/1"}],"replies":[{"embeddable":true,"href":"https:\/\/atombroker.hu\/journal\/wp-json\/wp\/v2\/comments?post=7177"}],"version-history":[{"count":1,"href":"https:\/\/atombroker.hu\/journal\/wp-json\/wp\/v2\/posts\/7177\/revisions"}],"predecessor-version":[{"id":7178,"href":"https:\/\/atombroker.hu\/journal\/wp-json\/wp\/v2\/posts\/7177\/revisions\/7178"}],"wp:attachment":[{"href":"https:\/\/atombroker.hu\/journal\/wp-json\/wp\/v2\/media?parent=7177"}],"wp:term":[{"taxonomy":"category","embeddable":true,"href":"https:\/\/atombroker.hu\/journal\/wp-json\/wp\/v2\/categories?post=7177"},{"taxonomy":"post_tag","embeddable":true,"href":"https:\/\/atombroker.hu\/journal\/wp-json\/wp\/v2\/tags?post=7177"}],"curies":[{"name":"wp","href":"https:\/\/api.w.org\/{rel}","templated":true}]}}