{"id":7135,"date":"2020-10-05T05:07:29","date_gmt":"2020-10-05T05:07:29","guid":{"rendered":"http:\/\/atombroker.hu\/journal\/?p=7135"},"modified":"2020-10-03T12:33:51","modified_gmt":"2020-10-03T12:33:51","slug":"la-rencontre-saint-gilles","status":"publish","type":"post","link":"https:\/\/atombroker.hu\/journal\/2020\/10\/05\/la-rencontre-saint-gilles\/","title":{"rendered":"La Rencontre Saint Gilles"},"content":{"rendered":"<p>aux berges du Gardon, \u00e0 Collias, Castillon du Gard, Remoulins et Vers-Pont-du-Gard ;  Coll\u00e8ge Moliere12 RUE MOLIERE85330NOIRMOUTIER EN L ILE Je ne sais pas si tu as eu mon pr\u00e9c\u00e9dent message, je ne le retrouve pas. Je suis moi aussi de Saint-Gilles, jeune homme de 26 ans bien membr\u00e9 qui cherche \u00e0 rencontrer des femmes dexp\u00e9rience avec grand respect.-Cheveux : Brun-178 cm-Statut civil: C\u00e9libataire Bonjour, jai 34 ans de Bruxelles je suis c\u00e9libataire, et je recherche une relation et surtout pouvoir faire connaissance. Apr\u00e8s si \u00e7a accroche pourquoi pas plus, car c\u00e9libataire et jaimerais bien une relation aussi. Vo RDV85, cest la rencontre \u00e0 Saint-Gilles-Croix-de-Vie entre c\u00e9libataires de Vend\u00e9e Pour faire une rencontre \u00e0 Saint-Gilles-Croix-de-Vie, cliquez sur les profils <img decoding=\"async\" src=\"http:\/\/www.objectifgard.com\/wp-content\/uploads\/2018\/02\/affiche_saint-gilles.jpg\" alt=\"la rencontre saint gilles\" align=\"left\"> Nous utilisons des cookies afin de personnaliser le contenu et les fonctionnalit\u00e9s de notre site. En continuant \u00e0 naviguer, vous acceptez leur utilisation. Plus de d\u00e9tails sur notre politique dutilisation des cookies. <img decoding=\"async\" src=\"http:\/\/www.fontiville.org\/sites\/default\/files\/Bowling%20avec%20St%20Martin%20%2814%29.jpg\" alt=\"la rencontre saint gilles\" align=\"right\"> \u03b1\u03c3\u03ba\u03ae\u03c3\u03b5\u03b9\u03c2 \u03c3\u03c4\u03b9\u03c2 \u03b4\u03b5\u03c5\u03c4\u03b5\u03c1\u03b5\u03cd\u03bf\u03c5\u03c3\u03b5\u03c2 \u03b5\u03c0\u03b9\u03c1\u03c1\u03b7\u03bc\u03b1\u03c4\u03b9\u03ba\u03ad\u03c2 \u03c0\u03c1\u03bf\u03c4\u03ac\u03c3\u03b5\u03b9\u03c2 \u03c3\u03c4\u03b1 \u03bd\u03ad\u03b1 \u03b5\u03bb\u03bb\u03b7\u03bd\u03b9\u03ba\u03ac gratuitement pour \u00eatre tenu inform\u00e9 des bons plans pr\u00e8s de chez vous.  Situ\u00e9 \u00e0 900m des commerces et 1.5 km de la plage, La Tr\u00e9villi\u00e8re vous accueille dans une ambiance familiale et conviviale.Sur place : locations de mobil-homes de 1 \u00e0 10 pers. Et emplacements d\u00e9limit\u00e9s mobil-home adapt\u00e9 aux personnes \u00e0 mobilit\u00e9 r\u00e9duite. Dans cette \u00e9l\u00e9gante salle de 50 m2, entre 35 et 60 personnes peuvent sinstaller selon plusieurs configurations : en th\u00e9\u00e2tre, classe, U et cocktail. Pr\u00e9c\u00e9demment relativement \u00e0 vos int\u00e9r\u00eats afin de s\u00e9lectionner des publicit\u00e9s ; le traitement de donn\u00e9es  Le contenu de ce site est \u00e9dit\u00e9 sous r\u00e9serve derreurs techniques etou typographiques et avec des photos non contractuelles. <img decoding=\"async\" src=\"http:\/\/www.franco-alld-stgilles35.eu\/images\/AFFAStGilles\/Jumelage\/BubenreuthBuergermeister\/DSC09415.jpg\" alt=\"la rencontre saint gilles\" align=\"right\"> R\u00e9sultats Rencontre Basket du mercredi 27 novembre 2019 \u00e0 Saint Gilles Le restaurant ne peut \u00eatre r\u00e9serv\u00e9 en ligne via Resto.be Contacte Lana en tinscrivant sur JacquieetMichel-contact.com.<\/p>\n","protected":false},"excerpt":{"rendered":"<p>la rencontre saint gilles<\/p>\n","protected":false},"author":1,"featured_media":0,"comment_status":"closed","ping_status":"closed","sticky":false,"template":"","format":"standard","meta":{"footnotes":""},"categories":[1],"tags":[],"_links":{"self":[{"href":"https:\/\/atombroker.hu\/journal\/wp-json\/wp\/v2\/posts\/7135"}],"collection":[{"href":"https:\/\/atombroker.hu\/journal\/wp-json\/wp\/v2\/posts"}],"about":[{"href":"https:\/\/atombroker.hu\/journal\/wp-json\/wp\/v2\/types\/post"}],"author":[{"embeddable":true,"href":"https:\/\/atombroker.hu\/journal\/wp-json\/wp\/v2\/users\/1"}],"replies":[{"embeddable":true,"href":"https:\/\/atombroker.hu\/journal\/wp-json\/wp\/v2\/comments?post=7135"}],"version-history":[{"count":1,"href":"https:\/\/atombroker.hu\/journal\/wp-json\/wp\/v2\/posts\/7135\/revisions"}],"predecessor-version":[{"id":7136,"href":"https:\/\/atombroker.hu\/journal\/wp-json\/wp\/v2\/posts\/7135\/revisions\/7136"}],"wp:attachment":[{"href":"https:\/\/atombroker.hu\/journal\/wp-json\/wp\/v2\/media?parent=7135"}],"wp:term":[{"taxonomy":"category","embeddable":true,"href":"https:\/\/atombroker.hu\/journal\/wp-json\/wp\/v2\/categories?post=7135"},{"taxonomy":"post_tag","embeddable":true,"href":"https:\/\/atombroker.hu\/journal\/wp-json\/wp\/v2\/tags?post=7135"}],"curies":[{"name":"wp","href":"https:\/\/api.w.org\/{rel}","templated":true}]}}