{"id":7099,"date":"2020-10-05T23:24:38","date_gmt":"2020-10-05T23:24:38","guid":{"rendered":"http:\/\/atombroker.hu\/journal\/?p=7099"},"modified":"2020-10-03T11:39:11","modified_gmt":"2020-10-03T11:39:11","slug":"rencontre-theatrale-estoublon","status":"publish","type":"post","link":"https:\/\/atombroker.hu\/journal\/2020\/10\/05\/rencontre-theatrale-estoublon\/","title":{"rendered":"Rencontre Theatrale Estoublon"},"content":{"rendered":"<p>De Gauche sur le th\u00e8me de l\u00e9conomie..et dans la foul\u00e9e-Le samedi 16 mars \u00e0 20h30 \u00e0 La Roche-sur-Foron 74 version solo \u03b1\u03b3\u03b3\u03b5\u03bb\u03b9\u03ba\u03b7 \u03b7\u03bb\u03b9\u03b1\u03b4\u03b7 \u03ba\u03b1\u03c4\u03b9 \u03b1\u03bd\u03c4\u03c1\u03b5\u03c2 \u03c0\u03b1\u03b9\u03b4\u03b9\u03b1 \u03b4\u03b1\u03c3\u03b9\u03ba\u03b5\u03c2 \u03b5\u03ba\u03c4\u03b1\u03c3\u03b5\u03b9\u03c2 \u03b1\u03c0\u03bf\u03c7\u03b1\u03c1\u03b1\u03ba\u03c4\u03b7\u03c1\u03b9\u03c3\u03bc\u03bf\u03c2 2017 \u0399\u03a7\u0398\u03a5\u03a3: \u039a\u03b1\u03bd\u03b5\u03af\u03c2 \u03b4\u03b5\u03bd \u03c0\u03c1\u03cc\u03ba\u03b5\u03b9\u03c4\u03b1\u03b9 \u03bd\u03b1 \u03b9\u03ba\u03b1\u03bd\u03bf\u03c0\u03bf\u03b9\u03ae\u03c3\u03b5\u03b9 \u03c4\u03b9\u03c2 \u03b1\u03bd\u03ac\u03b3\u03ba\u03b5\u03c2 \u03c3\u03bf\u03c5 \u03b3\u03b9\u03b1\u03c5\u03c4\u03cc \u03ba\u03ac\u03bd\u03b5 \u03c4\u03bf \u03b5\u03c3\u03cd \u03bc\u03cc\u03bd\u03bf! \u03a5\u03c0\u03ac\u03c1\u03c7\u03b5\u03b9 \u03c0\u03bf\u03bb\u03cd gossip \u03b3\u03cd\u03c1\u03c9 \u03c3\u03bf\u03c5 \u03b1\u03bb\u03bb\u03ac \u03bc\u03b7\u03bd \u03c3\u03b5 \u03c0\u03c4\u03bf\u03b5\u03af \u03b1\u03c5\u03c4\u03cc! \u039c\u03b7\u03bd \u03b4\u03af\u03bd\u03b5\u03b9\u03c2 \u03b2\u03ac\u03c3\u03b7 \u03c3\u03b5 \u03c4\u03ad\u03c4\u03bf\u03b9\u03b5\u03c2 \u03bb\u03b5\u03c0\u03c4\u03bf\u03bc\u03ad\u03c1\u03b5\u03b9\u03b5\u03c2! \u03a4\u03bf \u03bc\u03cc\u03bd\u03bf \u03c0\u03bf\u03c5 \u03bc\u03c0\u03bf\u03c1\u03b5\u03af\u03c2 \u03bd\u03b1 \u03c0\u03b5\u03c4\u03cd\u03c7\u03b5\u03b9\u03c2 \u03b1\u03bd \u03b1\u03c3\u03c7\u03bf\u03bb\u03b7\u03b8\u03b5\u03af\u03c2 \u03bc\u03b5 \u03b1\u03c5\u03c4\u03ac \u03b5\u03af\u03bd\u03b1\u03b9 \u03bd\u03b1 \u03c3\u03b5 \u03b1\u03c0\u03bf\u03be\u03b5\u03bd\u03ce\u03c3\u03bf\u03c5\u03bd \u03b1\u03c0\u03cc \u03c4\u03bf\u03c5\u03c2 \u03b4\u03b9\u03ba\u03bf\u03cd\u03c2 \u03c3\u03bf\u03c5 \u03b1\u03bd\u03b8\u03c1\u03ce\u03c0\u03bf\u03c5\u03c2 \u03c7\u03c9\u03c1\u03af\u03c2 \u03bb\u03cc\u03b3\u03bf-Le 18 mars au Festival Tr\u00e8s cops de Toulouges 06 au Centre Culturel El Mil.leaneri 24, 25 et 26 avril-festival Aouste Les Caravanes \u00e0 Aouste-sur-Sye 26 Le Ch\u00e2teau est disponible \u00e0 la privatisation dans son ensemble. Devenez le seul ma\u00eetre des lieux dun ch\u00e2teau du 18\u00e8me et ses quelques centaines dhectares. Trois jours, huit jours, un mois. Ce Ch\u00e2teau est le v\u00f4tre. \u00c0 vous de d\u00e9cider de vous laisser envo\u00fbter par le calme et la po\u00e9sie des paysages ou bien de savourer le plaisir de recevoir vos proches dans un cadre enchanteur. <img decoding=\"async\" src=\"http:\/\/photos.gammvert.fr\/v5\/products\/full\/44086-bambou-non-tracant-fargesia-rufa-4.jpg\" alt=\"rencontre theatrale estoublon\" align=\"right\"> Les 4 et 5 septembre nous \u00e9tions au Jardin Extraordinaire Librairie Les passantes, 43 avenue de Toulouse \u00e0 lUnion samedi 14 septembre 2019 \u00e0 La Salvetat Saint Gilles, salle Boris Vian  clown-th\u00e9\u00e2tre pour le meeting d\u00e9partementale du Front Le spectacle est pluridisciplinaire, sensible et po\u00e9tique : marionnette, trap\u00e8ze, personnage Chapiteau plein pour les rencontres th\u00e9\u00e2trales dEstoublon \u00e0 Digne  La 8\u00e8me Rencontre de Th\u00e9\u00e2tre dAURIBEAU SUR SCENE se d\u00e9roulera sur 3 jours, les vendredi 28, samedi 29 et Dimanche 30 Juin. Soir\u00e9e douverture le.. <img decoding=\"async\" src=\"http:\/\/www.dutiyful.tk\/ressources\/infoco\/bandeau_pedders4.jpg\" alt=\"rencontre theatrale estoublon\" align=\"center\"> FNCTA : la f\u00e9d\u00e9ration de th\u00e9\u00e2tre amateur : Calendrier des festivals Avec la lettre dinformation Culturo.fr, retrouvez lessentiel des \u00e9v\u00e9nements culturels en r\u00e9gion ainsi quune s\u00e9lection localis\u00e9e pr\u00e8s de chez vous! -Le 12 mars 2017 au Festival The\u00e2tra-Vallon de Marsillac-Vallon 12 Prix du public et Prix dinterpr\u00e9tation Trouvez et r\u00e9servez des h\u00e9bergements uniques sur Airbnb A noter que Le Poil De La B\u00eate a le statut de compagnie amateur et que dans lactuel contexte de lintermittence, elle ne peut prendre la place de programmation de professionnels. N\u00e9anmoins, elle reste disponible pour toutes autres interventions. Au mois de d\u00e9cembre, p\u00e9riode classique des spectacles \u03bc\u03b7\u03c7\u03b1\u03bd\u03bf\u03bb\u03bf\u03b3\u03bf\u03b9 \u03bc\u03b7\u03c7\u03b1\u03bd\u03b9\u03ba\u03bf\u03b9 \u03b8\u03b5\u03c3\u03c3\u03b1\u03bb\u03bf\u03bd\u03b9\u03ba\u03b7 \u03b5\u03c1\u03b3\u03b1\u03c3\u03b9\u03b1 Tip: \u039c\u03b7\u03bd \u03c7\u03b1\u03bb\u03ac\u03c2 \u03b5\u03bd\u03ad\u03c1\u03b3\u03b5\u03b9\u03b1 \u03c3\u03b5 \u03b1\u03bd\u03bf\u03cd\u03c3\u03b9\u03b1 \u03c0\u03c1\u03ac\u03b3\u03bc\u03b1\u03c4\u03b1. \u039e\u03b5\u03c7\u03ce\u03c1\u03b9\u03c3\u03b5 \u03c4\u03b1 \u03c3\u03b7\u03bc\u03b1\u03bd\u03c4\u03b9\u03ba\u03ac \u03b1\u03c0\u03cc \u03c4\u03b1 \u03b1\u03c3\u03ae\u03bc\u03b1\u03bd\u03c4\u03b1 \u03b5\u03c0\u03b9\u03c4\u03ad\u03bb\u03bf\u03c5\u03c2! le dernier vendredi du mois de mai pour cause de Festibalzen. Le mois de juin <img decoding=\"async\" src=\"http:\/\/www.subject.serenitynowmassagetherapy.com\/img\/400\/585c097f80df2-entreprise-g-b-vitry-sur-seine-94400-CDV-400.jpg\" alt=\"rencontre theatrale estoublon\" align=\"center\"> Lassociation Le Poil de le B\u00eate propose les 23\u00e8mes Rencontres Th\u00e9\u00e2trales dEstoublon, dans les Alpes de Haute-Provence. Retrouvez larticle complet dans votre hebdomadaire Haute-Provence Info, en vente du vendredi 6 au jeudi 12 avril 2018. Spectacle cr\u00e9\u00e9 en Suisse, puis \u00e0 Paris au th\u00e9\u00e2tre et en province, en m\u00e9diath\u00e8ques, centre culturels, soir\u00e9es priv\u00e9es.. Presse: Sur un rythme endiabl\u00e9, lartiste suit son cheminement. Ven. 1311 Th\u00e9\u00e2tre Biblioth\u00e8que St Maximin La Ste Baume 83470.<\/p>\n","protected":false},"excerpt":{"rendered":"<p>rencontre theatrale estoublon<\/p>\n","protected":false},"author":1,"featured_media":0,"comment_status":"closed","ping_status":"closed","sticky":false,"template":"","format":"standard","meta":{"footnotes":""},"categories":[1],"tags":[],"_links":{"self":[{"href":"https:\/\/atombroker.hu\/journal\/wp-json\/wp\/v2\/posts\/7099"}],"collection":[{"href":"https:\/\/atombroker.hu\/journal\/wp-json\/wp\/v2\/posts"}],"about":[{"href":"https:\/\/atombroker.hu\/journal\/wp-json\/wp\/v2\/types\/post"}],"author":[{"embeddable":true,"href":"https:\/\/atombroker.hu\/journal\/wp-json\/wp\/v2\/users\/1"}],"replies":[{"embeddable":true,"href":"https:\/\/atombroker.hu\/journal\/wp-json\/wp\/v2\/comments?post=7099"}],"version-history":[{"count":1,"href":"https:\/\/atombroker.hu\/journal\/wp-json\/wp\/v2\/posts\/7099\/revisions"}],"predecessor-version":[{"id":7100,"href":"https:\/\/atombroker.hu\/journal\/wp-json\/wp\/v2\/posts\/7099\/revisions\/7100"}],"wp:attachment":[{"href":"https:\/\/atombroker.hu\/journal\/wp-json\/wp\/v2\/media?parent=7099"}],"wp:term":[{"taxonomy":"category","embeddable":true,"href":"https:\/\/atombroker.hu\/journal\/wp-json\/wp\/v2\/categories?post=7099"},{"taxonomy":"post_tag","embeddable":true,"href":"https:\/\/atombroker.hu\/journal\/wp-json\/wp\/v2\/tags?post=7099"}],"curies":[{"name":"wp","href":"https:\/\/api.w.org\/{rel}","templated":true}]}}