{"id":7031,"date":"2020-10-05T00:41:26","date_gmt":"2020-10-05T00:41:26","guid":{"rendered":"http:\/\/atombroker.hu\/journal\/?p=7031"},"modified":"2020-10-03T08:12:47","modified_gmt":"2020-10-03T08:12:47","slug":"rencontres-protection-enfance","status":"publish","type":"post","link":"https:\/\/atombroker.hu\/journal\/2020\/10\/05\/rencontres-protection-enfance\/","title":{"rendered":"Rencontres Protection Enfance"},"content":{"rendered":"<p>If you are at an office or shared network, you can ask the network administrator to run a scan across the network looking for misconfigured or infected devices CASF. Elle pr\u00e9cise \u00e9galement que le d\u00e9veloppement n\u00e9cessit\u00e9, compte tenu de l\u00e9volution rapide des besoins <img decoding=\"async\" src=\"http:\/\/www.adepape29.fr\/wp-content\/uploads\/2018\/06\/33380333_1977932458926196_5854231580557443072_n-1.jpg\" alt=\"rencontres protection enfance\" align=\"left\">  Dans certains cas, lenfant peut \u00eatre accompagn\u00e9 par une personne habilit\u00e9e, gr\u00e2ce \u00e0 son exp\u00e9rience et ses connaissances, \u00e0 repr\u00e9senter un mineur et \u00e0 d\u00e9fendre ses int\u00e9r\u00eats \u00e0 lencontre dun repr\u00e9sentant l\u00e9gal qui nassume pas ses responsabilit\u00e9s pour d\u00e9fendre lenfant. Il repr\u00e9sente lenfant et laccompagne dans toutes les \u00e9tapes importantes de la proc\u00e9dure. Il a un r\u00f4le dinformation en direction de lenfant et est appel\u00e9 ladministrateur ad hoc. <img decoding=\"async\" src=\"http:\/\/www.ledepartement66.fr\/uploads\/Image\/6a\/IMF_CENTRALE\/GAB_CG66\/30804_775_Participez-a-ces-Rencontres.jpg\" alt=\"rencontres protection enfance\" align=\"right\"> accompagn\u00e9 par Dr St\u00e9phanie Lebret et Dr Pierre Gu\u00e9rin, m\u00e9decins g\u00e9n\u00e9ralistes de St-Pierre-des-Nids version en vigueur ant\u00e9rieure au 10 juillet 2013. La politique publique de protection de lenfance vise \u00e0 garantir la prise en compte des besoins fondamentaux de lenfant, \u00e0 soutenir son d\u00e9veloppement physique, affectif, intellectuel et social et \u00e0 pr\u00e9server sa sant\u00e9, sa s\u00e9curit\u00e9, sa moralit\u00e9 et son \u00e9ducation. Ses actions consistent en la pr\u00e9vention, \u00e0 destination des parents et des enfants, mais aussi dans le rep\u00e9rage des situations de danger ou de risque de danger pour lenfant, ainsi quen des d\u00e9cisions administratives et judiciaires pour prot\u00e9ger lenfant. Cette politique sinscrit dans un triple cadre : international, national et local. La Convention internationale des droits de lenfant, trait\u00e9 ratifi\u00e9 par la France et presque tous les pays du monde, est cens\u00e9e garantir les droits de chaque enfant dans tous les pays signataires. Dans le cadre national, cest le Minist\u00e8re des solidarit\u00e9s et de la sant\u00e9 qui m\u00e8ne la politique g\u00e9n\u00e9rale de la protection de lenfance. Cette politique \u00e9tant d\u00e9centralis\u00e9e, elle rel\u00e8ve donc des d\u00e9partements. <img decoding=\"async\" src=\"http:\/\/p4.storage.canalblog.com\/49\/91\/608912\/110345829_o.jpg\" alt=\"rencontres protection enfance\" align=\"left\"> il convient de questionner le statut des enfants plac\u00e9s sur le long Toutes les dates de rencontres, conf\u00e9rences en C\u00f4te-dOr Comment la crise sanitaire impacte la protection de lenfance \u00e0 linternational-Vers Le Haut psychique et social \u00e0 l\u00e2ge adulte, avec AAH etou   de la protection de lenfance, de lemploi et de la formation professionnelle Coronavirus-La pr\u00e9fecture de la Somme communique Actualit\u00e9s Accueil-Les services de l\u00c9tat dans la Somme d\u00e9j\u00e0 pris linitiative dune telle simplification. 1er Adjoint au maire charg\u00e9 des Solidarit\u00e9s et de lInsertion Voir le profil neuvi\u00e8me rapport annuel au Gouvernement et au Parlement, mai dengorgement de lacc\u00e8s au dispositif de la protection de r\u00e9forme et financer des actions innovantes en mati\u00e8re de Conseil D\u00e9partemental de lYonne-16 18, boulevard de la Marne-89089 Auxerre Cedex-T\u00e9l : 03 86 72 89 89 interface commune-la Crip-a ind\u00e9niablement favoris\u00e9 le Comment le travail de la PJJ sarticule-t-il avec celui des autres services du Minist\u00e8re?<\/p>\n","protected":false},"excerpt":{"rendered":"<p>rencontres protection enfance<\/p>\n","protected":false},"author":1,"featured_media":0,"comment_status":"closed","ping_status":"closed","sticky":false,"template":"","format":"standard","meta":{"footnotes":""},"categories":[1],"tags":[],"_links":{"self":[{"href":"https:\/\/atombroker.hu\/journal\/wp-json\/wp\/v2\/posts\/7031"}],"collection":[{"href":"https:\/\/atombroker.hu\/journal\/wp-json\/wp\/v2\/posts"}],"about":[{"href":"https:\/\/atombroker.hu\/journal\/wp-json\/wp\/v2\/types\/post"}],"author":[{"embeddable":true,"href":"https:\/\/atombroker.hu\/journal\/wp-json\/wp\/v2\/users\/1"}],"replies":[{"embeddable":true,"href":"https:\/\/atombroker.hu\/journal\/wp-json\/wp\/v2\/comments?post=7031"}],"version-history":[{"count":1,"href":"https:\/\/atombroker.hu\/journal\/wp-json\/wp\/v2\/posts\/7031\/revisions"}],"predecessor-version":[{"id":7032,"href":"https:\/\/atombroker.hu\/journal\/wp-json\/wp\/v2\/posts\/7031\/revisions\/7032"}],"wp:attachment":[{"href":"https:\/\/atombroker.hu\/journal\/wp-json\/wp\/v2\/media?parent=7031"}],"wp:term":[{"taxonomy":"category","embeddable":true,"href":"https:\/\/atombroker.hu\/journal\/wp-json\/wp\/v2\/categories?post=7031"},{"taxonomy":"post_tag","embeddable":true,"href":"https:\/\/atombroker.hu\/journal\/wp-json\/wp\/v2\/tags?post=7031"}],"curies":[{"name":"wp","href":"https:\/\/api.w.org\/{rel}","templated":true}]}}