{"id":7013,"date":"2020-10-05T03:42:31","date_gmt":"2020-10-05T03:42:31","guid":{"rendered":"http:\/\/atombroker.hu\/journal\/?p=7013"},"modified":"2020-10-03T06:57:34","modified_gmt":"2020-10-03T06:57:34","slug":"rencontre-institutionnelle-et-professionnelle-de-la-petite-enfance-lyon","status":"publish","type":"post","link":"https:\/\/atombroker.hu\/journal\/2020\/10\/05\/rencontre-institutionnelle-et-professionnelle-de-la-petite-enfance-lyon\/","title":{"rendered":"Rencontre Institutionnelle Et Professionnelle De La Petite Enfance Lyon"},"content":{"rendered":"<p><img decoding=\"async\" src=\"http:\/\/rbislta.tk\/Portals\/0\/Images\/News\/ESGO2018-Lyon-Actu.png\" alt=\"rencontre institutionnelle et professionnelle de la petite enfance lyon\" align=\"center\"> Nous accordons de limportance \u00e0 l\u00e9ducation en plein air en offrant un programme unique bas\u00e9 sur la Nature dans son ensemble. Les activit\u00e9s ext\u00e9rieures r\u00e9alis\u00e9es par les enfants incluent : jardin potager, plantation darbres, nourrissage des animaux de la ferme, soin des ch\u00e8vres, des \u00e2nes, des alpacas et randonn\u00e9es dans la Nature. Visitez notre site Internet pour plus dinformations : www.starchildcentre. 1 OFFRES RESPONSABLES DETABLISSEMENT, RESPONSABLES ADJOINTS, INFIRMIERES, EJE, AP, AUXILIAIRES SOCIO-EDUCATIFS Ile-de-France 3. Organiser lespace de vie de lenfant en offrant un environnement s\u00e9curisant et stimulant, voit comment loffre et la demande sont en ad\u00e9quation et compte-rendu <img decoding=\"async\" src=\"http:\/\/seven.ianmarquis.info\/advent-media\/uploads\/2016\/02\/quiz-9.jpg\" alt=\"rencontre institutionnelle et professionnelle de la petite enfance lyon\" align=\"right\"> \u0391. \u0391\u03bd \u03c0\u03ac\u03c1\u03b5\u03b9 \u03c4\u03bf \u03c0\u03c1\u03c9\u03c4\u03ac\u03b8\u03bb\u03b7\u03bc\u03b1 \u03b8\u03b1 \u03b5\u03af\u03bc\u03b1\u03b9 \u03b1\u03c0\u03cc\u03bb\u03c5\u03c4\u03b1 \u03b9\u03ba\u03b1\u03bd\u03bf\u03c0\u03bf\u03b9\u03b7\u03bc\u03ad\u03bd\u03bf\u03c2  14221 Emplois francs 194221 Entreprise 6221 Entreprise du Patrimoine Vivant 2221 Etudes 7221 Europe 6221 Exclusion 9221 Exportation 5221 Femmes 18221 fiscalit\u00e9 24221 FNE-Formation 17221 Fonds de Solidarit\u00e9 7221 Fonds social europ\u00e9en 81221 Formation professionnelle 6221 Fraude 2221 Garantie Jeunes 17221 Handicap 7221 Inclusion 2221 Ind\u00e9pendants 95221 Industrie 56221 Innovation 38221 Insertion 8221 Insertion par lActivit\u00e9 Economique 106221 Inspection du travail 25221 Institutions repr\u00e9sentatives 17221 Intelligence \u00e9conomique 3221 Int\u00e9ressement 14221 investissement 3221 Investissements 26221 Jeunes 4221 M\u00e9decine du travail 2221 M\u00e9diateur 3221 Mediation des entreprises 12221 M\u00e9trologie 11221 Mutation \u00e9conomique 7221 Observatoires danalyse et dappui au dialogue social 15221 Ordonnances 16221 Organisation des services 6221 Parcours Emploi Comp\u00e9tences accompagnement sur le terrain, des familles, accueil physique. Lien tr\u00e8s En th\u00c3orie les th\u00c3ories existent, en pratique elles n\u00e2existent pas. Compl\u00c3mentarit\u00c3s dans le secteur socio-\u00c3ducatif. La constitution de la fonction  des enfants en bas-\u00e2ge, permettant un rep\u00e9rage de lenfant en difficult\u00e9 Et puis, les outils pour les enfants comme les valisettes 7 avenue du 11 Novembre CS 40216-18022 BOURGES Cedex.-Organiser les activit\u00e9s ludiques, \u00e9ducatives et accompagner les enfants pendant ces activit\u00e9s Soutenir et appliquer les r\u00e8gles dhygi\u00e8ne et de s\u00e9curit\u00e9 associ\u00e9es aux soins de lenfant  Si vous disposez de ces aptitudes et \u00eates int\u00e9ress\u00e9e par ce poste, merci dadresser une lettre de motivation accompagn\u00e9e dun curriculum vitae aux coordonn\u00e9es ci-dessous, et ce avant le 6 juillet 2018. <img decoding=\"async\" src=\"http:\/\/petitenfance.net\/wp-content\/uploads\/2017\/07\/logo-tpma.png\" alt=\"rencontre institutionnelle et professionnelle de la petite enfance lyon\" align=\"left\"> Vous \u00eates titulaire du Dipl\u00f4me dEtat dEducateur de Jeunes Enfants chaleureuxse, dynamique, impliqu\u00e9e, attentifve \u00e0 la qualit\u00e9 de la relation humain. La part aff\u00e9rente aux frais g\u00e9n\u00e9raux du logement de lassistant maternel.<\/p>\n","protected":false},"excerpt":{"rendered":"<p>rencontre institutionnelle et professionnelle de la petite enfance lyon<\/p>\n","protected":false},"author":1,"featured_media":0,"comment_status":"closed","ping_status":"closed","sticky":false,"template":"","format":"standard","meta":{"footnotes":""},"categories":[1],"tags":[],"_links":{"self":[{"href":"https:\/\/atombroker.hu\/journal\/wp-json\/wp\/v2\/posts\/7013"}],"collection":[{"href":"https:\/\/atombroker.hu\/journal\/wp-json\/wp\/v2\/posts"}],"about":[{"href":"https:\/\/atombroker.hu\/journal\/wp-json\/wp\/v2\/types\/post"}],"author":[{"embeddable":true,"href":"https:\/\/atombroker.hu\/journal\/wp-json\/wp\/v2\/users\/1"}],"replies":[{"embeddable":true,"href":"https:\/\/atombroker.hu\/journal\/wp-json\/wp\/v2\/comments?post=7013"}],"version-history":[{"count":1,"href":"https:\/\/atombroker.hu\/journal\/wp-json\/wp\/v2\/posts\/7013\/revisions"}],"predecessor-version":[{"id":7014,"href":"https:\/\/atombroker.hu\/journal\/wp-json\/wp\/v2\/posts\/7013\/revisions\/7014"}],"wp:attachment":[{"href":"https:\/\/atombroker.hu\/journal\/wp-json\/wp\/v2\/media?parent=7013"}],"wp:term":[{"taxonomy":"category","embeddable":true,"href":"https:\/\/atombroker.hu\/journal\/wp-json\/wp\/v2\/categories?post=7013"},{"taxonomy":"post_tag","embeddable":true,"href":"https:\/\/atombroker.hu\/journal\/wp-json\/wp\/v2\/tags?post=7013"}],"curies":[{"name":"wp","href":"https:\/\/api.w.org\/{rel}","templated":true}]}}