{"id":6995,"date":"2020-10-05T00:31:17","date_gmt":"2020-10-05T00:31:17","guid":{"rendered":"http:\/\/atombroker.hu\/journal\/?p=6995"},"modified":"2020-10-03T06:11:40","modified_gmt":"2020-10-03T06:11:40","slug":"rencontre-amicale-des-accordeonistes","status":"publish","type":"post","link":"https:\/\/atombroker.hu\/journal\/2020\/10\/05\/rencontre-amicale-des-accordeonistes\/","title":{"rendered":"Rencontre Amicale Des Accord\u00e9onistes"},"content":{"rendered":"<p>JOYEUSES P\u00c2QUES \u00c0 TOUS LES AMIS ES ACCORD\u00c9ONISTES  <img decoding=\"async\" src=\"http:\/\/www.saintfrancoisaix.net\/wp-content\/uploads\/2016\/01\/DSCN3000.jpg\" alt=\"rencontre amicale des accord\u00e9onistes\" align=\"center\"> \u03ba\u03b1\u03bb\u03cd\u03c4\u03b5\u03c1\u03b7 \u03b5\u03bd\u03c5\u03b4\u03b1\u03c4\u03b9\u03ba\u03ae \u03ba\u03c1\u03ad\u03bc\u03b1 \u03c0\u03c1\u03bf\u03c3\u03ce\u03c0\u03bf\u03c5 \u03c4\u03c1\u03b1\u03c7\u03b7\u03bb\u03bf\u03c2 \u03bc\u03b7\u03c4\u03c1\u03b1\u03c2 \u03bc\u03b7\u03ba\u03bf\u03c2 Jaccepte de recevoir des infos, des jeux et des offres privil\u00e8ges du site Le Di\u00e8se Onze Jazz Club se trouve au 4115-A St-Denis \u00e0 Montr\u00e9al pr\u00e8s de Rachel.accueil 18H-20H intervient trois ans plus tard quand Marcel tombe sur une r\u00e9p\u00e9tition de V.Marceau \u00e9tait r\u00e9put\u00e9 pour jouer les fondamentales, cest-\u00e0-dire les basses, de la main gauche, dune mani\u00e8re qui nappartenait qu\u00e0 lui, et contribua \u00e0 son succ\u00e8s. Vers la fin de sa vie, il favorisa laccord\u00e9on classique, et jouait b\u00e9n\u00e9volement pour des personnes \u00e2g\u00e9es, jusquen 1982. Cette ann\u00e9e-l\u00e0, pour ses 80 ans, la ville de Gournay avait r\u00e9uni Andr\u00e9 Astier, Bruno Lorenzoni, Marcel Azzola, Adolphe Deprince, Yvette Horner, Jo Rossi, Marcel Boniface et la famille Cavagnolo. Am\u00e9ricaine, notamment de jazz, pendant lOccupation. On baignait l\u00e0-dedans. Alors, r\u00e9v\u00e9lation. 1 Avec la fin de la guerre, le jazz devient lobjet dun engouement reD\u00e9couvrez la programmation de 2020 Digital Edition dans cette interview de pour France Bleu Ile de France. Rendez-vous du 12 au 21 juin pour une \u00e9dition 100 en ligne!  Marc et Danielle Bonnel lont bien connu. Lui accompagna Mistinguett \u00e0 lAlhambra de Paris, et surtout, pendant 18 ans, Edith Piaf. Danielle fut la secr\u00e9taire de la chanteuse jusqu\u00e0 son dernier jour V.Marceau \u00e9tait le t\u00e9moin du mari\u00e9 en 1950, tandis quEdith Piaf tenait ce r\u00f4le pour la mari\u00e9e. Marc connaissait Marceau depuis 1928.  Pour nous une occasion int\u00e9ressant, des rencontres merveilleuses entre les gens, les artistes et les amis es, Jaccepte de recevoir les offres sp\u00e9ciales des partenaires du site concern\u00e9s en ordre chronologique \u00e0 mon retour. Donc, le plus t\u00f4t vous \u00e9crivez, Du bagad de Lann-Bihou\u00e9, il d\u00e9couvre les premi\u00e8res tourn\u00e9es en France et \u00e0 l\u00e9tranger. Puis apr\u00e8s la mort de son ami Gilles Beuzet, il reforme un duo de chansons marin\u00e9es avec lautre membre du groupe shanga\u00efe, Nicolas le Rallic, avec lequel il fait la rencontre du com\u00e9dien G\u00e9rard Chambre, alors directeur artistique des festivals Agora du groupe h\u00f4telier Accor. Lamiti\u00e9 nait imm\u00e9diatement entre G\u00e9rard et Didier. De nombreux concert, pi\u00e8ces de th\u00e9\u00e2tre verront le jour, en France et \u00e0 l\u00e9tranger, souvent sous la production du c\u00e9l\u00e8bre couturier Pierre Cardin que Didier rencontre par le biais de G\u00e9rard Chambre et avec lequel ils iront jouer jusquen Chine, des spectacles comme Les amants de lamour, Brel et Piaf, Viole damour, La vie en rose, Lhomme de la mancha, Gouttes de chant.. JAM-IMPROVISATION Jaimerais inviter les accord\u00e9onistes et amis es \u00e0 la prochaine Rencontre Amicales Des Accord\u00e9onistes qui aura lieu, mardi prochain le 13 D\u00c9CEMBRE 2011-accueil 18h-SALLE DES ACCORD\u00c9ONISTES-5910 Chemin de Chambly, St-Hubert, pr\u00e8s de Longueuil Qc <img decoding=\"async\" src=\"http:\/\/cache.media.education.gouv.fr\/image\/journee_franco_allemande_lycee_bayen\/44\/0\/Lycee_BAYEN_journee_franco_allemande_4_530440.JPG\" alt=\"rencontre amicale des accord\u00e9onistes\" align=\"center\"> Projet durable pour la d\u00e9couverte du pays fougerais, lassembl\u00e9e du Prix Froger-Ferron regroupe chaque ann\u00e9e plusieurs centaines de musicien.ne.s traditionnel.le.s. Au c\u0153ur de la petite commune de Parc\u00e9, en Ille-et-Vilaine : Nous nous r\u00e9unissons pour vivre pleinement, au travers du conte, du chant, de la musique, de la danse traditionnelle et du savoir faire paysan, toutes ces valeurs qui constituent nos propres racines, affirment l\u00e9quipe organisatrice. Une rencontre amicale qui rend hommage \u00e0 Victor Froger et Francis Ferron. Originaires du Pays de foug\u00e8res et du Coglais, les deux accord\u00e9onistes ont anim\u00e9 de nombreux bals, travaux de ferme et heureux \u00e9v\u00e9nements. \u00c0 la retraite, ils ont su transmettre leur savoir aux jeunes musiciens, via lAFAP. Musicien multidimensionnel, Marcel Azzola d\u00e9roule ainsi, <img decoding=\"async\" src=\"http:\/\/www.mzandrehe.gq\/wp-content\/uploads\/2012\/06\/VIVE-LE-BETON-511.jpg\" alt=\"rencontre amicale des accord\u00e9onistes\" align=\"center\">.<\/p>\n","protected":false},"excerpt":{"rendered":"<p>rencontre amicale des accord\u00e9onistes<\/p>\n","protected":false},"author":1,"featured_media":0,"comment_status":"closed","ping_status":"closed","sticky":false,"template":"","format":"standard","meta":{"footnotes":""},"categories":[1],"tags":[],"_links":{"self":[{"href":"https:\/\/atombroker.hu\/journal\/wp-json\/wp\/v2\/posts\/6995"}],"collection":[{"href":"https:\/\/atombroker.hu\/journal\/wp-json\/wp\/v2\/posts"}],"about":[{"href":"https:\/\/atombroker.hu\/journal\/wp-json\/wp\/v2\/types\/post"}],"author":[{"embeddable":true,"href":"https:\/\/atombroker.hu\/journal\/wp-json\/wp\/v2\/users\/1"}],"replies":[{"embeddable":true,"href":"https:\/\/atombroker.hu\/journal\/wp-json\/wp\/v2\/comments?post=6995"}],"version-history":[{"count":1,"href":"https:\/\/atombroker.hu\/journal\/wp-json\/wp\/v2\/posts\/6995\/revisions"}],"predecessor-version":[{"id":6996,"href":"https:\/\/atombroker.hu\/journal\/wp-json\/wp\/v2\/posts\/6995\/revisions\/6996"}],"wp:attachment":[{"href":"https:\/\/atombroker.hu\/journal\/wp-json\/wp\/v2\/media?parent=6995"}],"wp:term":[{"taxonomy":"category","embeddable":true,"href":"https:\/\/atombroker.hu\/journal\/wp-json\/wp\/v2\/categories?post=6995"},{"taxonomy":"post_tag","embeddable":true,"href":"https:\/\/atombroker.hu\/journal\/wp-json\/wp\/v2\/tags?post=6995"}],"curies":[{"name":"wp","href":"https:\/\/api.w.org\/{rel}","templated":true}]}}