{"id":6887,"date":"2020-10-05T21:08:48","date_gmt":"2020-10-05T21:08:48","guid":{"rendered":"http:\/\/atombroker.hu\/journal\/?p=6887"},"modified":"2020-10-03T02:02:51","modified_gmt":"2020-10-03T02:02:51","slug":"rencontre-avec-suedoise","status":"publish","type":"post","link":"https:\/\/atombroker.hu\/journal\/2020\/10\/05\/rencontre-avec-suedoise\/","title":{"rendered":"Rencontre Avec Suedoise"},"content":{"rendered":"<p> <img decoding=\"async\" src=\"http:\/\/www.cndp.fr\/crdp-reims\/fileadmin\/Images\/cddp08\/PAG_Th\/Suzan_Osten1_300.jpg\" alt=\"rencontre avec suedoise\" align=\"right\"> Su\u00e8de: Greta Thunberg a rencontr\u00e9 le pape-Monde-lematin.ch  Dans le livre se melange tout autant les r\u00e9flexions des \u00e9trangers sur les conditions de vie dun su\u00e9dois, ce quil mange, ce quil \u00e9coute comme musique que cet aspect l\u00e0 du clandestin qui doit rester constamment dans lombre et ce m\u00e9lange entre ces deux axes qui ont retenu lattention dun certain nombre de lecteurs, su\u00e9dois ou non. En renseignant vos informations, vous avez pris connaissance de notre, vous acceptez de recevoir chaque jour, par email, une lettre dinformation personnalis\u00e9e des derniers articles publi\u00e9s sur actu.fr Oui en effet je comprends. Cependant si jallais vivre l\u00e0 bas je serais peut \u00eatre quand m\u00eame perdu. Apr\u00e8s jai pos\u00e9e une question enfin une demande, quen penses tu? Salut Marine, super article et super blog, tr\u00e8s dr\u00f4le et bien \u00e9crit! Je viens de d\u00e9couvrir ton blog et je me retrouve beaucoup dans tout ce que tu \u00e9cris, que ce soient les v\u00e9los, le copain su\u00e9dois, ou mon pr\u00e9f\u00e9r\u00e9! ou le top 20 des situations que tu vis quand tu apprends le su\u00e9dois \u00e7a me rassure et \u00e7a fait vraiment du bien de savoir que je ne suis pas seule! Je me suis arr\u00eat\u00e9e sur cet article en particulier car jemm\u00e9nage \u00e0 Malm\u00f6 tr\u00e8s prochainement, pour y rejoindre mon copain, et cest vrai quune de mes plus grosses angoisses est de ne pas me faire damis enfin, jentends par l\u00e0 mes PROPRES amis. Je ny pensais pas vraiment jusqu\u00e0 il y a quelques jours encore, mais \u00e0 moins dune semaine de mon arriv\u00e9e et apr\u00e8s tavoir lue, ca commence \u00e0 me hanter.! Les nuits se font en refuges payants dont lentretien est g\u00e9r\u00e9 par la R\u00e9gion. Le confort y est donc de 1\u00e8re classe, avec des matelas r\u00e9cents et propres, des petites cuisines et des commodit\u00e9s. Rustiques mais tr\u00e8s confortables!  Entre amis ou en famille, partez \u00e0 la rencontre de deux animaux embl\u00e9matiques du Grand Nord dans leur milieu naturel: le castor, au cours dun raid cano\u00eb, puis le renne, au cours dune superbe randonn\u00e9e de 3 jours au coeur des Alpes scandinaves. Accompagn\u00e9s de vos h\u00f4tes, vous d\u00e9couvrez des paysages grandioses et partagez avec eux des moments de convivialit\u00e9, h\u00e9berg\u00e9s en cabane de rondins, en refuge de montagne ou en tipi.. Sensations et ambiance trappeur garanties pour des vacances actives 100 nature et immersion! G\u00e9nial larticle mais je nai jamais eu un penchant pour les descendants de ces fameux vikings, qui sait peut-\u00eatre que ces suedoises ont un c\u00f4t\u00e9 viking,donc aiment bien faire couler du sang et je naimerais pas perdre ma vie \u00e0 cause du fait quune jolie scandinave ce ram\u00e8ne et minvite \u00e0 passer la nuit chez ell, et si cest une salope de psycho?just for rirecest d\u00e9j\u00e0 quoi rire en anglais,jai vraiment aim\u00e9 larticle et ce que jaimerais cest que tout soit aussi facile dans mon pays. Excellent, article! J suis daccord avec tout ce qui a \u00e9t\u00e9 dit ici, je ne saurais donner de meilleurs conseilsfeedbacks, mais je peux Lapr\u00e8s-midi nous devions prolonger cette d\u00e9couverte sami cette fois-ci avec Nutti S\u00e1mi Siida. Malheureusement nous navons pas \u00e9t\u00e9 convaincu. En ce qui concerne lactivit\u00e9, nous avons \u00e9t\u00e9 d\u00e9\u00e7us du caract\u00e8re trop mise en sc\u00e8ne. Nous faisions partie dun grand groupe de 12 touristes. Impossible d\u00e9j\u00e0 dimaginer une rencontre intime et personnelle. On vous fait alors essayer un traineau tir\u00e9 par un renne qui dure 2 minutes. Limage m\u00e9voque rien dautre quun man\u00e8ge. Tout le monde saffale alors autour des rennes pour les prendre en photo \u00e9clair\u00e9s par de gros spots. Rien de personnel ni dauthentique. Malgr\u00e9 la sympathie que jai eu pour nos accompagnateurs, je ne les recommande pas malheureusement et vous conseille plut\u00f4t de privil\u00e9gier la rencontre avec Ida. Si vous avez besoin dun visa, cela d\u00e9pend de votre pays de nationalit\u00e9. Les ressortissants des \u00e9tats membres de lUnion Europ\u00e9enne, de lIslande, Liechtenstein, Norv\u00e8ge et Suisse nont pas besoin de visa dans les pays de lUE. Cloudflare Ray ID: 5a28adda8925d18b Your IP: 222.252.144.91 Performance security by Nous avons dit : ce nest pas une solution. Cherchons o\u00f9 est le ch\u00f4mage et combattons le. Victor peut jouer \u00e0 diff\u00e9rents postes d\u00e9fensivement. En effet, ses entra\u00eeneurs peuvent profiter de sa polyvalence en cas de besoin puisquil peut jou\u00e9 DC,DD et MDC. Pernelle Carron a un joli palmar\u00e8s de patineuse sur glace en couple. Elle nous parle de sa carri\u00e8re et de la vie de sportive de haut niveau. Uniquement sur rendez-vous compte tenu des restrictions actuelles. Olof Palme, Fran\u00e7ois Mitterrand, Gaston Defferre et al. D\u00e9claration sur la coop\u00e9ration entre la France et la Su\u00e8de dans le domaine des affaires europ\u00e9ennes et modernisant le partenariat franco-su\u00e9dois sur linnovation et les solutions vertes Annul\u00e9 Offenbach, Jean Cras, The Beatles : bienvenue \u00e0 un voyage musical du baroque au rock avec 4 musiciens du.. Si vous navez pas la patience pour la p\u00eache, les sous-bois regorgent de baies myrtilles, airelles, framboises, baies arctiques. Qui ne demandent qu\u00e0 \u00eatre cueillies et transform\u00e9es en tartes, confitures ou coulis. <img decoding=\"async\" src=\"http:\/\/rampok.org\/img\/d18ef23915102e2619e08a06f7c8b734.jpg\" alt=\"rencontre avec suedoise\" align=\"right\"> <img decoding=\"async\" src=\"http:\/\/www.modzik.com\/wp-content\/uploads\/2017\/10\/COS-1.jpg\" alt=\"rencontre avec suedoise\" align=\"left\"> Et puis arrive le moment o\u00f9 je lance le blog. Comme jai rencontr\u00e9 quelques Fran\u00e7ais et francophones du coin, je sais que la communaut\u00e9 nest pas oufissime \u00e0 Malm\u00f6. En tout cas, elle nest pas comparable \u00e0 celle de Saigon. Je ne mattends donc pas \u00e0 des miracles. Avant de partir pour la Su\u00e8de, javais entendu toutes sortes de choses sur les Su\u00e9dois : quils \u00e9taient froids, distants, pas chaleureux, aimant dailleurs vivre dans la nature loin des gens, tr\u00e8s centr\u00e9s sur leur famille bref, \u00e7a ne faisait pas vraiment envie. Quen est-il aujourdhui apr\u00e8s deux mois en Su\u00e8de? Quelles sont mes premi\u00e8res impressions sur les Su\u00e9dois? Je parle bien ici de mes impressions personnelles et cela nengage donc que moi Joacim Rockl\u00f6v, professeur en \u00e9pid\u00e9miologie \u00e0 lUniversit\u00e9 dUme\u00e5, et Anders Jansson, m\u00e9decin \u00e0 lh\u00f4pital de Danderyd, ont aussi critiqu\u00e9 tr\u00e8s violemment le mod\u00e8le de leur pays. Ils ont \u00e9t\u00e9 rejoints par dix-neuf autres sp\u00e9cialistes qui ont sign\u00e9 avec eux une tribune parue dans le grand quotidien Dagens Nyheter et intitul\u00e9e Lagence de sant\u00e9 publique a failli \u00e0 sa t\u00e2che, il est temps que les responsables politiques agissent. Ajoutons \u00e0 cela que les vingt-deux signataires de la tribune ne sont que quelques-uns des plus de 2.000 universitaires qui ont sign\u00e9 une p\u00e9tition r\u00e9clamant un changement dapproche. Toutefois, ce groupe a \u00e9t\u00e9 tr\u00e8s largement ignor\u00e9 par les institutions qui font lopinion en Su\u00e8de. Depuis nous avons retrouv\u00e9 Viktor et Malin de passage dans les Alpes, au mois de juillet.<\/p>\n","protected":false},"excerpt":{"rendered":"<p>rencontre avec suedoise<\/p>\n","protected":false},"author":1,"featured_media":0,"comment_status":"closed","ping_status":"closed","sticky":false,"template":"","format":"standard","meta":{"footnotes":""},"categories":[1],"tags":[],"_links":{"self":[{"href":"https:\/\/atombroker.hu\/journal\/wp-json\/wp\/v2\/posts\/6887"}],"collection":[{"href":"https:\/\/atombroker.hu\/journal\/wp-json\/wp\/v2\/posts"}],"about":[{"href":"https:\/\/atombroker.hu\/journal\/wp-json\/wp\/v2\/types\/post"}],"author":[{"embeddable":true,"href":"https:\/\/atombroker.hu\/journal\/wp-json\/wp\/v2\/users\/1"}],"replies":[{"embeddable":true,"href":"https:\/\/atombroker.hu\/journal\/wp-json\/wp\/v2\/comments?post=6887"}],"version-history":[{"count":1,"href":"https:\/\/atombroker.hu\/journal\/wp-json\/wp\/v2\/posts\/6887\/revisions"}],"predecessor-version":[{"id":6888,"href":"https:\/\/atombroker.hu\/journal\/wp-json\/wp\/v2\/posts\/6887\/revisions\/6888"}],"wp:attachment":[{"href":"https:\/\/atombroker.hu\/journal\/wp-json\/wp\/v2\/media?parent=6887"}],"wp:term":[{"taxonomy":"category","embeddable":true,"href":"https:\/\/atombroker.hu\/journal\/wp-json\/wp\/v2\/categories?post=6887"},{"taxonomy":"post_tag","embeddable":true,"href":"https:\/\/atombroker.hu\/journal\/wp-json\/wp\/v2\/tags?post=6887"}],"curies":[{"name":"wp","href":"https:\/\/api.w.org\/{rel}","templated":true}]}}