{"id":6859,"date":"2020-10-05T02:25:21","date_gmt":"2020-10-05T02:25:21","guid":{"rendered":"http:\/\/atombroker.hu\/journal\/?p=6859"},"modified":"2020-10-03T00:34:10","modified_gmt":"2020-10-03T00:34:10","slug":"rencontre-photographique-de-vendome","status":"publish","type":"post","link":"https:\/\/atombroker.hu\/journal\/2020\/10\/05\/rencontre-photographique-de-vendome\/","title":{"rendered":"Rencontre Photographique De Vendome"},"content":{"rendered":"<p>Deux Rencontres Photographiques seront organis\u00e9es \u00e0 Saint-Brieuc avec Caroline Laurent Simon, grand reporter soci\u00e9t\u00e9 pendant la dur\u00e9e du Festival:  Le sujet est libre mais le travail pr\u00e9sent\u00e9 doit sinscrire dans la continuit\u00e9 des valeurs humanistes d\u00e9fendues par Albert Kahn : louverture au monde et le dialogue entre les cultures.  Concepteur et co-organisateur de Photographie Contemporaine en Bretagne 1989-1996 Mais peut-on parler dun support plus noble que lautre? Photographe, depuis 2005. Vit et travaille entre lEurope et lAfrique. <img decoding=\"async\" src=\"http:\/\/www.photogaspesie.ca\/wp-content\/uploads\/2014\/02\/Beatrix_von_Conta_Riviere-au-Renard_Gaspesie-1-300x237.jpg\" alt=\"rencontre photographique de vendome\" align=\"left\"> Le travail du Laur\u00e9at sera expos\u00e9 lors du festival Les Promenades Photographiques \u00e0 Vend\u00f4me du 22 juin au 2 septembre 2018. Lexposition sera offerte par le laboratoire Picto. Les travaux des finalistes seront \u00e9galement pr\u00e9sent\u00e9s au festival Les Promenades Photographiques \u00e0 Vend\u00f4me du 22 juin au 2 septembre 2018 sous forme de projections. Encore pour r\u00e9diger ensemble cette phrase photographique, SeptOff-Festival de la photographie M\u00e9diterran\u00e9enne 2016 18 Finaliste  <img decoding=\"async\" src=\"http:\/\/othoharmonie.t.o.f.unblog.fr\/files\/2015\/09\/images.jpg\" alt=\"rencontre photographique de vendome\" align=\"right\"> Concernant la jeune photographie, le festival propose plusieurs \u00e9v\u00e8nements: une exposition r\u00e9serv\u00e9e aux \u00e9tudiants en fin de cursus et couronn\u00e9e par le Prix Mark Grosset, et un campus photographique. Cest \u00e0 ce campus que jai pu participer, lors des deux semaines pr\u00e9c\u00e9dent louverture des Promenades, du 11 au 22 Juin 2018. A livre ouvert, exposition collective, La Place des Photographes Arles, Fr Open books, group show Pascal BEAUSSE Responsable de la collection photographie du Centre national des arts plastiques CNAP <img decoding=\"async\" src=\"http:\/\/loeildelaphotographie.com\/wp-content\/uploads\/2016\/07\/39d20fb8d5eed0154070a0d19f3e46ab.jpg\" alt=\"rencontre photographique de vendome\" align=\"center\"> Lectrices, lecteurs, cet article est \u00e9crit \u00e0 deux mains comme on joue du piano \u00e0 quatre mains, celles dHelen et de Germain. 2 r\u00e9sidences en Baie de Saint-Brieuc. Pour compl\u00e9ter la s\u00e9lection, le Directeur Artis tique, Ferit DUZYOL, et la Pr\u00e9sidente du comit\u00e9 de s\u00e9lection Magdalena HERRERA, ont choisi de s\u00e9lectio nner 2 photographes qui sont venus faire une r\u00e9 sidence de deux \u00e0 trois semaines en Baie de Saint-Brieuc et ont r\u00e9alis\u00e9 le sujet de leur choix. Commissaire de lexposition de photographies de Didier Pazery intitul\u00e9e 14, Visages Vestiges de la Grande Guerre, \u00e0 la Gare Paris-Est de juin \u00e0 novembre 2014 avec le label de la Mission du Centenaire. Loin de leffervescence arl\u00e9sienne o\u00f9 se presse tout le gotha de la photographie mondiale, surtout lors de la semaine douverture des Rencontres, la petite ville de Vend\u00f4me, sous-pr\u00e9fecture du Loir-et-Cher, semble bien calme. Une belle endormie charmante, paisiblement parcourue par ses 17 000 habitants, que r\u00e9veille Odile Andrieu, la fondatrice des Promenades photographiques, un festival qui monte en puissance dann\u00e9e en ann\u00e9e. Et cette nouvelle \u00e9dition ne d\u00e9roge pas \u00e0 la r\u00e8gle en nous proposant une programmation all\u00e9chante. Approche ludique et provocante.<\/p>\n","protected":false},"excerpt":{"rendered":"<p>rencontre photographique de vendome<\/p>\n","protected":false},"author":1,"featured_media":0,"comment_status":"closed","ping_status":"closed","sticky":false,"template":"","format":"standard","meta":{"footnotes":""},"categories":[1],"tags":[],"_links":{"self":[{"href":"https:\/\/atombroker.hu\/journal\/wp-json\/wp\/v2\/posts\/6859"}],"collection":[{"href":"https:\/\/atombroker.hu\/journal\/wp-json\/wp\/v2\/posts"}],"about":[{"href":"https:\/\/atombroker.hu\/journal\/wp-json\/wp\/v2\/types\/post"}],"author":[{"embeddable":true,"href":"https:\/\/atombroker.hu\/journal\/wp-json\/wp\/v2\/users\/1"}],"replies":[{"embeddable":true,"href":"https:\/\/atombroker.hu\/journal\/wp-json\/wp\/v2\/comments?post=6859"}],"version-history":[{"count":1,"href":"https:\/\/atombroker.hu\/journal\/wp-json\/wp\/v2\/posts\/6859\/revisions"}],"predecessor-version":[{"id":6860,"href":"https:\/\/atombroker.hu\/journal\/wp-json\/wp\/v2\/posts\/6859\/revisions\/6860"}],"wp:attachment":[{"href":"https:\/\/atombroker.hu\/journal\/wp-json\/wp\/v2\/media?parent=6859"}],"wp:term":[{"taxonomy":"category","embeddable":true,"href":"https:\/\/atombroker.hu\/journal\/wp-json\/wp\/v2\/categories?post=6859"},{"taxonomy":"post_tag","embeddable":true,"href":"https:\/\/atombroker.hu\/journal\/wp-json\/wp\/v2\/tags?post=6859"}],"curies":[{"name":"wp","href":"https:\/\/api.w.org\/{rel}","templated":true}]}}