{"id":6833,"date":"2020-10-05T11:28:22","date_gmt":"2020-10-05T11:28:22","guid":{"rendered":"http:\/\/atombroker.hu\/journal\/?p=6833"},"modified":"2020-10-02T23:24:13","modified_gmt":"2020-10-02T23:24:13","slug":"rencontres-rabat-photos","status":"publish","type":"post","link":"https:\/\/atombroker.hu\/journal\/2020\/10\/05\/rencontres-rabat-photos\/","title":{"rendered":"Rencontres Rabat Photos"},"content":{"rendered":"<p>Connectez-vous pour obtenir des mises \u00e0 jour sur les voyages et communiquer avec dautres voyageurs. Point de rencontre, Rabat-Avis restaurant, num\u00e9ro de t\u00e9l\u00e9phone et photos-Tripadvisor  <img decoding=\"async\" src=\"http:\/\/www.festivalsconnect.fr\/wp-content\/uploads\/2014\/02\/Rabat-Sal%C3%A9.jpg\" alt=\"rencontres rabat photos\" align=\"left\"> Je suis reconnaissant \u00e0 Sa Majest\u00e9 le Roi Mohammed VI pour son aimable invitation ainsi quaux Autorit\u00e9s marocaines pour leur collaboration attentionn\u00e9e. R\u00e9sultats significatifs dans la mise en \u0153uvre du Projet dappui \u00e0 la R\u00e9forme des Soins de Sant\u00e9 Primaires, pilot\u00e9 par le minist\u00e8re de la sant\u00e9 en part. Dans la mesure du possible, la c\u00e9l\u00e9bration de leucharistie est assur\u00e9e au cours de chaque journ\u00e9e de p\u00e8lerinage. Ce s\u00e9minaire, propos\u00e9 dans le cadre des activit\u00e9s du groupe Gouvernance et D\u00e9centralisation de lAIRF \u00e0 lissue du Conseil dadministration qui sest tenu le 8 juillet 2019 eut pour objectif de sensibiliser sur deux jours et demi du 08 au 10 juillet les \u00e9lus des R\u00e9gions membres de lAIRF \u00e0 la probl\u00e9matique de lattractivit\u00e9 des territoires et des enjeux de promotion de leurs potentialit\u00e9s \u00e9conomiques, universitaires, culturelles, touristiques. Europ\u00e9en 50 ans tr\u00e8s discret et sympa BI passif pas beaucoup dexp\u00e9rience cherche homme 50 ans arabe 100100 actif qui aime et \u00e0 envie de ce faire sucer r\u00e9gulierment. Je cherche uniquement homme arabe de 50 ans avec local discret \u00e0 Fez. La mise en \u0153uvre du guichet unique national PORTNET contribue \u00e0 lam\u00e9lioration du climat des affaires au Maroc et de ce fait au d\u00e9veloppement de la comp\u00e9titivit\u00e9 de l\u00e9conomie nationale, par la r\u00e9duction des co\u00fbts logistiques et des d\u00e9lais daccomplissement des formalit\u00e9s et des op\u00e9rations li\u00e9es \u00e0 limport et \u00e0 lexport des marchandises.  Voir les sous-sections pr\u00e9cedentes Voir les sous-sections suivantes 33 Dapr\u00e8s la m\u00eame Charte communale de 2002, la Ville de Rabat est consid\u00e9r\u00e9e Commune urbaine et, 33Parmi les articles de journaux et revues dont nous avons pu retrouver des copies, nous distinguons les articles dont les extraits figurent dans les encadr\u00e9s ci-apr\u00e8s. O Assises Africaines de lintelligence \u00e9conomique 2017, Casablanca Majest\u00e9, un selfie! Quand Momo rencontre son roi Mohammed VI-Le Point Abouhani A. Dir, 2000, Enjeux et acteurs locaux de la gestion urbaine. Redistribution des pouvoirs dans les villes marocaines, Dakar, Codesria, 290 p. <img decoding=\"async\" src=\"http:\/\/ekladata.com\/OkrGirMPvRDuTREDe5ls8J8CEJo.jpg\" alt=\"rencontres rabat photos\" align=\"left\"> 16 photographes marocains aux Rencontres photographiques de Rabat Le Bon G, 1995, Psychologie des foules, Paris, Quadrige-PUF \u00e9d. Originale : 1895. Site institutionnel du Haut-Commissariat au Plan du Royaume du Maroc \u00c9labor\u00e9e en 2000 et 2001 par lInstitut dAm\u00e9nagement et dUrbanisme de la R\u00e9gion \u00cele-de-France, cette \u00e9tude, qui a embrass\u00e9 plusieurs volets environnement, circulation, transport, na \u00e9galement pas eu de suite. <img decoding=\"async\" src=\"http:\/\/www.koulchi-maroc.ma\/images\/catalogue\/id_5\/images\/9237141_Screenshots_2017-03-23-09-35-34.png\" alt=\"rencontres rabat photos\" align=\"right\">  Encadr\u00e9 1. Destinataires des lettres de protestation du Comit\u00e9 de coordination Ce site cr\u00e9\u00e9 en 2001 est anim\u00e9 b\u00e9n\u00e9volement par des m\u00e9decins du travail et des pr\u00e9venteurs en sant\u00e9 au travail regroup\u00e9s en une association ind\u00e9pendante. Son objectif principal est de mettre en commun des fiches de m\u00e9tiers et des fiches de risques professionnels. Toutes les personnes qui se sentent concern\u00e9es par la sant\u00e9 et la s\u00e9curit\u00e9 au travail peuvent participer \u00e0 la vie du site par leurs remarques et suggestions.<\/p>\n","protected":false},"excerpt":{"rendered":"<p>rencontres rabat photos<\/p>\n","protected":false},"author":1,"featured_media":0,"comment_status":"closed","ping_status":"closed","sticky":false,"template":"","format":"standard","meta":{"footnotes":""},"categories":[1],"tags":[],"_links":{"self":[{"href":"https:\/\/atombroker.hu\/journal\/wp-json\/wp\/v2\/posts\/6833"}],"collection":[{"href":"https:\/\/atombroker.hu\/journal\/wp-json\/wp\/v2\/posts"}],"about":[{"href":"https:\/\/atombroker.hu\/journal\/wp-json\/wp\/v2\/types\/post"}],"author":[{"embeddable":true,"href":"https:\/\/atombroker.hu\/journal\/wp-json\/wp\/v2\/users\/1"}],"replies":[{"embeddable":true,"href":"https:\/\/atombroker.hu\/journal\/wp-json\/wp\/v2\/comments?post=6833"}],"version-history":[{"count":1,"href":"https:\/\/atombroker.hu\/journal\/wp-json\/wp\/v2\/posts\/6833\/revisions"}],"predecessor-version":[{"id":6834,"href":"https:\/\/atombroker.hu\/journal\/wp-json\/wp\/v2\/posts\/6833\/revisions\/6834"}],"wp:attachment":[{"href":"https:\/\/atombroker.hu\/journal\/wp-json\/wp\/v2\/media?parent=6833"}],"wp:term":[{"taxonomy":"category","embeddable":true,"href":"https:\/\/atombroker.hu\/journal\/wp-json\/wp\/v2\/categories?post=6833"},{"taxonomy":"post_tag","embeddable":true,"href":"https:\/\/atombroker.hu\/journal\/wp-json\/wp\/v2\/tags?post=6833"}],"curies":[{"name":"wp","href":"https:\/\/api.w.org\/{rel}","templated":true}]}}