{"id":6599,"date":"2020-10-04T06:41:29","date_gmt":"2020-10-04T06:41:29","guid":{"rendered":"http:\/\/atombroker.hu\/journal\/?p=6599"},"modified":"2020-10-02T13:18:18","modified_gmt":"2020-10-02T13:18:18","slug":"rencontres-internationales-monaco","status":"publish","type":"post","link":"https:\/\/atombroker.hu\/journal\/2020\/10\/04\/rencontres-internationales-monaco\/","title":{"rendered":"Rencontres Internationales Monaco"},"content":{"rendered":"<p>NEWSLETTER N52 XII\u00e8mes Rencontres Internationales Appartements et propri\u00e9t\u00e9s \u00e0 vendre ou \u00e0 louer \u00e0 Monaco Cloudflare Ray ID: 5a2671587d13ec36 Your IP: 38.82.64.48 Performance security by Sp\u00e9cialisez-vous dans les avec les programmes Bachelors, Masters et Cycles Certifiants de CREA Gen\u00e8ve. <img decoding=\"async\" src=\"http:\/\/monaco-shorinjikempo.com\/wp-content\/uploads\/2015\/02\/Frank-Baldet.jpg\" alt=\"rencontres internationales monaco\" align=\"right\"> 13 juin 2020 GARD \u00c9ric Duch\u00e8ne, lange gardien du tribunal dAl\u00e8s Copyright 2020-Le site sp\u00e9cialis\u00e9 de lEquipe Nationale de Football dAlg\u00e9rie.  <img decoding=\"async\" src=\"http:\/\/www.codesport.fr\/uploads\/picture\/file\/24890\/article_img_6974.jpg\" alt=\"rencontres internationales monaco\" align=\"left\"> R\u00e9servez en ligne des s\u00e9jours all inclusive dexception. Club Med vous pr\u00e9sente ses clubs vacances, qui vous accueillent toute lann\u00e9e. Circuits,Resorts, croisi\u00e8res trouvez en ligne les vacances tout compris qui vous ressemblent. Directeur de lICST-Universit\u00e9 de Zurich-Suisse Cr\u00e9\u00e9es par Elisabeth Br\u00e9aud, Pr\u00e9sidente et Directrice, elles o nt cette ann\u00e9e pour th\u00e8me, Demain la M\u00e9diterran\u00e9e. Comment habiter le monde autrement. Ouverture des X\u00e8mes Rencontres Internationales Monaco et la M\u00e9diterran\u00e9e RIMM D\u00e9jeuner Salle des Dominicains A la rencontre de la Jurade de Saint Emilion La visite a \u00e9galement \u00e9t\u00e9 marqu\u00e9e par la participation, dIrina Bokova, en qualit\u00e9 dinvit\u00e9e dhonneur, aux 7\u00e8mes Rencontres internationales Monaco et la M\u00e9diterran\u00e9e RIMM, au Mus\u00e9e oc\u00e9anographique de Monaco. Dates : du 21 au 23 octobre 2020. Lieu : plusieurs lieux dans Paris. Site : deeptechweek.com  Est-ce la ligne rouge du racisme qui a boug\u00e9, ou bien celle de la b\u00eatise? Celle-ci a pris derni\u00e8rement un vis.. Nous vous avons organis\u00e9 des Rencontres Internationales \u00e0 la hauteur de lEsprit Escoffier dont vos prestigieuses d\u00e9l\u00e9gations sont les garantes \u00e0 travers le monde. Elle a tr\u00e8s fr\u00e9quemment accompagn\u00e9 le Prince lors de d\u00e9placements visant \u00e0 soutenir des \u0153uvres caritatives-promouvoir des publications internationales et l\u00e9dition dune VIVA MEDIAPART Il y a 11 mois Le 02072019 \u00e0 16:49 Signaler un abus <img decoding=\"async\" src=\"http:\/\/www.experience.theartofthedemo.com\/sites\/default\/files\/node_images\/9826303415_5c610e634a-1.jpg\" alt=\"rencontres internationales monaco\" align=\"left\"> France Diplomatie-Minist\u00e8re de lEurope et des Affaires \u00e9trang\u00e8res Une partie de ce colloque sera r\u00e9serv\u00e9e \u00e0 la pr\u00e9sentation de r\u00e9alisations r\u00e9ussies et de projets audacieux inspir\u00e9s des traditions du pass\u00e9 et qui respectent les fondements du d\u00e9veloppement durable. ACCUEIL DES PARTICIPANTS ET ALLOCUTIONS DE BIENVENUE .<\/p>\n","protected":false},"excerpt":{"rendered":"<p>rencontres internationales monaco<\/p>\n","protected":false},"author":1,"featured_media":0,"comment_status":"closed","ping_status":"closed","sticky":false,"template":"","format":"standard","meta":{"footnotes":""},"categories":[1],"tags":[],"_links":{"self":[{"href":"https:\/\/atombroker.hu\/journal\/wp-json\/wp\/v2\/posts\/6599"}],"collection":[{"href":"https:\/\/atombroker.hu\/journal\/wp-json\/wp\/v2\/posts"}],"about":[{"href":"https:\/\/atombroker.hu\/journal\/wp-json\/wp\/v2\/types\/post"}],"author":[{"embeddable":true,"href":"https:\/\/atombroker.hu\/journal\/wp-json\/wp\/v2\/users\/1"}],"replies":[{"embeddable":true,"href":"https:\/\/atombroker.hu\/journal\/wp-json\/wp\/v2\/comments?post=6599"}],"version-history":[{"count":1,"href":"https:\/\/atombroker.hu\/journal\/wp-json\/wp\/v2\/posts\/6599\/revisions"}],"predecessor-version":[{"id":6600,"href":"https:\/\/atombroker.hu\/journal\/wp-json\/wp\/v2\/posts\/6599\/revisions\/6600"}],"wp:attachment":[{"href":"https:\/\/atombroker.hu\/journal\/wp-json\/wp\/v2\/media?parent=6599"}],"wp:term":[{"taxonomy":"category","embeddable":true,"href":"https:\/\/atombroker.hu\/journal\/wp-json\/wp\/v2\/categories?post=6599"},{"taxonomy":"post_tag","embeddable":true,"href":"https:\/\/atombroker.hu\/journal\/wp-json\/wp\/v2\/tags?post=6599"}],"curies":[{"name":"wp","href":"https:\/\/api.w.org\/{rel}","templated":true}]}}