{"id":4325,"date":"2020-09-28T14:46:45","date_gmt":"2020-09-28T14:46:45","guid":{"rendered":"http:\/\/atombroker.hu\/journal\/?p=4325"},"modified":"2020-09-25T09:23:29","modified_gmt":"2020-09-25T09:23:29","slug":"rencontre-manuel-valls","status":"publish","type":"post","link":"https:\/\/atombroker.hu\/journal\/2020\/09\/28\/rencontre-manuel-valls\/","title":{"rendered":"Rencontre Manuel Valls"},"content":{"rendered":"<p>Crescendo Magazine La r\u00e9f\u00e9rence en musique classique Le Conseil national des villes CNV, qui sest r\u00e9cemment montr\u00e9 critique sur la politique de pr\u00e9vention de la d\u00e9linquance men\u00e9e au cours des derni\u00e8res ann\u00e9es, a rencontr\u00e9 le 26 octobre le ministre de lInt\u00e9rieur. Un \u00e9change tr\u00e8s constructif au cours duquel Manuel Valls a favorablement accueilli les recommandations du CNV concernant la gouvernance Etat-collectivit\u00e9s dans les premi\u00e8res zones de s\u00e9curit\u00e9 prioritaire. Linterview dAur\u00e9lie, charg\u00e9e ding\u00e9nierie sociale \u00e0 lALJT Aur\u00e9lie, pourquoi tes-tu port\u00e9e volontaire  En cliquant sur je mabonne, jaccepte que les donn\u00e9es recueillies par Radio France soient destin\u00e9es \u00e0 lenvoi par courrier \u00e9lectronique de contenus et dinformations relatifs aux programmes. Ses passages dans la capitale sont parfois loccasion de discr\u00e8tes rencontres, au plus haut niveau. Ainsi lui arrive-t-il de sentretenir avec Emmanuel Macron, comme cet automne o\u00f9 il a \u00e9t\u00e9 aper\u00e7u sortant du bureau du chef de lEtat \u00e0 lElys\u00e9e. Durant le pr\u00e9c\u00e9dent quinquennat, la relation est pacifi\u00e9e. Loin des premiers mois du mandat du pr\u00e9sident, o\u00f9 ceux qui osaient lui souffler le nom de Valls sentendaient r\u00e9pondre un jamais! ferme et, semblait-il, d\u00e9finitif. Les Gilets jaunes et la la\u00efcit\u00e9 au c\u0153ur des discussions  Pour reportetre aussi, ces mesures sont inhumaines. Religion Jean Vanier, Manuel Valls : rencontre improbable \u00e0 Matignon <img decoding=\"async\" src=\"http:\/\/www.divergence-images.com\/wimages\/470-470\/1059316.jpg\" alt=\"rencontre manuel valls\" align=\"center\"> Jai grandi dans un petit village espagnol o\u00f9 il ne se passait pas grand-chose jusquau jour o\u00f9 est n\u00e9e lid\u00e9e de cr\u00e9er un orchestre dinstruments \u00e0 vent. Mes parents ont pens\u00e9 que ce serait une bonne occasion pour leur fils de faire quelque chose de significatif pendant son temps libre. Au d\u00e9but, je naimais pas \u00e7a, mais javais une certaine aisance et une perception musicale rapide. Le v\u00e9ritable int\u00e9r\u00eat-la passion-nest apparu quen 1998, quand jai d\u00e9m\u00e9nag\u00e9 au Luxembourg et que je my suis inscrit au conservatoire. Comme Bouygues, SFR demandera une compensation \u00e0 lEtat si ce dernier d\u00e9cide de barrer la route de la 5G au groupe chinois Huawei, qui \u00e9quipe la moiti\u00e9 des r\u00e9seaux 4G des deux op\u00e9rateurs, a expliqu\u00e9 le directeur g\u00e9n\u00e9ral de SFR Gr\u00e9gory Rabuel vendredi sur BFM Business. Trois semaines apr\u00e8s le d\u00e9mant\u00e8lement de la lande, le Premier ministre sest rendu ce lundi \u00e0 Croisilles pour en souligner le bien-fond\u00e9 et appuyer la r\u00e9ussite de lapr\u00e8s-Calais. Loccasion, aussi, dun message empreint dhumanit\u00e9 adress\u00e9 aux exil\u00e9s soudanais, dont trois se sont vus remettre leur statut de r\u00e9fugi\u00e9s.  <img decoding=\"async\" src=\"http:\/\/reveil-fm.com\/images\/Alibaba%205\/Alibaba%206\/alibaba%207\/Alibaba%208\/Alibaba%209\/000000Freddy%20Mulongo-Antiterroristes15.jpg\" alt=\"rencontre manuel valls\" align=\"left\"> TERRES DE JIM : Manuel Valls \u00e0 la rencontre des agriculteurs Il aimerait que les fouilles ne soient pas faites mais lintrusion de la jeune femme dans sa propri\u00e9t\u00e9 ne le d\u00e9range pas tant que \u00e7a. Il est attir\u00e9 par elle, la veut dans son lit. M\u00eame si Layla le nie et d\u00e9sire se concentrer sur ses fouilles, lattirance sexuelle est r\u00e9ciproque. On se demande quand elle flanchera et quel sera l\u00e9l\u00e9ment d\u00e9clencheur. Manuel Valls sest exprim\u00e9, mercredi 29 juin 2016, \u00e0 lissue des premi\u00e8res rencontres avec les partenaires sociaux, dans le cadre du projet de loi Travail. <img decoding=\"async\" src=\"http:\/\/www.divergence-images.com\/wimages\/470-470\/1059315.jpg\" alt=\"rencontre manuel valls\" align=\"center\"> Cet article darchive est payant ou r\u00e9serv\u00e9 \u00e0 nos abonn\u00e9s ayant un cr\u00e9dit suffisant relatives \u00e0 leur sort apr\u00e8s votre d\u00e9c\u00e8s. Pour en savoir plus et exercer vos droits, prenez connaissance de notre Lors de leur entrevue, les deux chefs de lex\u00e9cutif ont confirm\u00e9 la tenue dune XII\u00e8me rencontre de haut niveau entre les deux gouvernements. La pr\u00e9c\u00e9dente s\u00e9tait tenu \u00e0 Rabat fin 2012, Jean-Marc Ayrault \u00e9tait alors \u00e0 Matignon. Article publi\u00e9 le 15 janvier 2016. Derni\u00e8re modification le 29 mai 2017. Avant dinaugurer la 69\u00e8me Foire de Ch\u00e2lons-en-Champagne, Monsieur Manuel VALLS a souhait\u00e9 visiter un Centre de Formation et pouvoir \u00e9changer notamment sur le th\u00e8me de lemploi avec des Stagiaires et des Formateurs.<\/p>\n","protected":false},"excerpt":{"rendered":"<p>rencontre manuel valls<\/p>\n","protected":false},"author":1,"featured_media":0,"comment_status":"closed","ping_status":"closed","sticky":false,"template":"","format":"standard","meta":{"footnotes":""},"categories":[1],"tags":[],"_links":{"self":[{"href":"https:\/\/atombroker.hu\/journal\/wp-json\/wp\/v2\/posts\/4325"}],"collection":[{"href":"https:\/\/atombroker.hu\/journal\/wp-json\/wp\/v2\/posts"}],"about":[{"href":"https:\/\/atombroker.hu\/journal\/wp-json\/wp\/v2\/types\/post"}],"author":[{"embeddable":true,"href":"https:\/\/atombroker.hu\/journal\/wp-json\/wp\/v2\/users\/1"}],"replies":[{"embeddable":true,"href":"https:\/\/atombroker.hu\/journal\/wp-json\/wp\/v2\/comments?post=4325"}],"version-history":[{"count":1,"href":"https:\/\/atombroker.hu\/journal\/wp-json\/wp\/v2\/posts\/4325\/revisions"}],"predecessor-version":[{"id":4326,"href":"https:\/\/atombroker.hu\/journal\/wp-json\/wp\/v2\/posts\/4325\/revisions\/4326"}],"wp:attachment":[{"href":"https:\/\/atombroker.hu\/journal\/wp-json\/wp\/v2\/media?parent=4325"}],"wp:term":[{"taxonomy":"category","embeddable":true,"href":"https:\/\/atombroker.hu\/journal\/wp-json\/wp\/v2\/categories?post=4325"},{"taxonomy":"post_tag","embeddable":true,"href":"https:\/\/atombroker.hu\/journal\/wp-json\/wp\/v2\/tags?post=4325"}],"curies":[{"name":"wp","href":"https:\/\/api.w.org\/{rel}","templated":true}]}}