{"id":4227,"date":"2020-09-28T04:55:22","date_gmt":"2020-09-28T04:55:22","guid":{"rendered":"http:\/\/atombroker.hu\/journal\/?p=4227"},"modified":"2020-09-25T04:13:28","modified_gmt":"2020-09-25T04:13:28","slug":"rencontre-commande-publique-responsable","status":"publish","type":"post","link":"https:\/\/atombroker.hu\/journal\/2020\/09\/28\/rencontre-commande-publique-responsable\/","title":{"rendered":"Rencontre Commande Publique Responsable"},"content":{"rendered":"<p>\u00c0 la CCI Toulouse Haute-Garonne-2 rue dAlsace-Lorraine-31000 Toulouse Voici un extrait des profils membres du Village de la justice pour ce type de poste.. Ann\u00e9es dexp\u00e9rience. La Direction des affaires Juridiques a \u00e9dit\u00e9 en mai dernier un guide tr\u00e8s pratique pour accompagner les entreprises sur la d\u00e9mat\u00e9rialisation des march\u00e9s publics au 1er octobre 2018. La signature \u00e9lectronique, qui suscite beaucoup dinterrogations, y est largement trait\u00e9e. Zoom sur une s\u00e9lection non exhaustive de ces questions. Ma\u00eetriser lapproche concr\u00e8te du conseil juridique op\u00e9rationnel, apporter des solutions claires et pragmatiques aux questions pos\u00e9es en des termes accessibles \u00e0 des non juristes, approcher la n\u00e9gociation et la r\u00e9daction des contrats <img decoding=\"async\" src=\"http:\/\/echodusud.com\/wp-content\/uploads\/2018\/02\/prise-contact-CCI-Bobo-6.jpg\" alt=\"rencontre commande publique responsable\" align=\"center\">   Lentreprise familiale fait partie des entreprises qui d\u00e9montrent que comp\u00e9titivit\u00e9 et d\u00e9veloppement durable ne sont pas incompatibles Au nom de ses 560 membres dont les six D\u00e9partements de la r\u00e9gion Centre-Val-de-Loire, Approlys se r\u00e9jouit de cette distinction r\u00e9compensant le travail de mutualisation des achats men\u00e9 depuis 2013. Rapha\u00ebl Apelbaum Alain de Belenet LexCase le 18 mai 2020 En mati\u00e8re denvironnement, de plus en plus dorganisations se tournent vers une solution simple : ne plus produire de d\u00e9chets. Sur fond de r\u00e9glementation, de rar\u00e9faction des mati\u00e8res premi\u00e8res et dun int\u00e9r\u00eat citoyen grandissant, la r\u00e9duction des d\u00e9chets repr\u00e9sente \u00e9galement une source de gains financiers, et pour les entreprises la possibilit\u00e9 de d\u00e9velopper de nouveaux produits M. Jo\u00ebl Barre, d\u00e9l\u00e9gu\u00e9 g\u00e9n\u00e9ral pour larmement. Je vous remercie de mavoir invit\u00e9 \u00e0 faire un point de situation de lactivit\u00e9 armement dans cette crise in\u00e9dite que notre pays rencontre depuis d\u00e9j\u00e0 plusieurs semaines. Notre pays, pas uniquement, car cest le monde entier qui y fait face. Je vous propose de faire une petite introduction sur comment nous avons assur\u00e9 du mieux possible la continuit\u00e9 de nos op\u00e9rations darmement, comment nous voyons la situation et limpact de cette crise sur la base industrielle et technologique de D\u00e9fense, quelles sont les mesures que nous avons prises pour tenter dy rem\u00e9dier et quelle est la contribution que nous avons apport\u00e9e pour contribuer \u00e0 la lutte directe contre la pand\u00e9mie \u00e0 travers nos activit\u00e9s, en particulier dans notre centre de VertlePetit. Actu-Environnement 2003-2020 COGITERRA-CNIL N845317-ISSN N2107-6677 <img decoding=\"async\" src=\"http:\/\/admin.www.ville-thorigne-fouillard.fr\/upload\/espace\/1\/Vie_municipale\/Organigramme2017.jpg\" alt=\"rencontre commande publique responsable\" align=\"right\"> Ils sont arriv\u00e9s! Apr\u00e8s un l\u00e9ger retard d\u00fb \u00e0 un d\u00e9faut de livraison, les masques grand public, command\u00e9s par la communaut\u00e9 de communes sont enfin arriv\u00e9s \u00e0 Argel\u00e8s. Aussit\u00f4t, les \u00e9lus municipaux se sont mis au travail. Mardi, apr\u00e8s avoir mis sous enveloppe ces pr\u00e9cieux nouveaux s\u00e9sames de la vie sociale, en tissu, lavable et r\u00e9pondant aux normes Afnor Association fran\u00e7aise de normalisation, ils se sont charg\u00e9s de la premi\u00e8re distribution. R\u00e9serv\u00e9e aux quelque 3 200 Argel\u00e9siens \u00e2g\u00e9s de plus de 70 ans, cette mission de premi\u00e8re importance nest pas aussi simple quil y para\u00eet. Certaines personnes sont absentes et pire, nont pas de bo\u00eete aux lettres. Les \u00e9lus glissent alors un message sous la porte, pour inviter les int\u00e9ress\u00e9s \u00e0 prendre contact. Apr\u00e8s avoir \u00e9quip\u00e9 les a\u00een\u00e9s, la municipalit\u00e9 organisera le reste de la distribution, les modalit\u00e9s sont encore \u00e0 l\u00e9tude, mais aucun Argel\u00e9sien ou Argel\u00e9sienne ne sera oubli\u00e9.  <img decoding=\"async\" src=\"http:\/\/www.scwrie.gq\/upload\/podcasts\/photos\/first\/5b3f3b24bf48e0.45933924_mini.jpg\" alt=\"rencontre commande publique responsable\" align=\"right\"> Ma\u00eetriser lapproche concr\u00e8te du conseil juridique op\u00e9rationnel, apporter des solutions claires et pragmatiques aux questions pos\u00e9es en des termes accessibles \u00e0 des non juristes, approcher la n\u00e9gociation et la r\u00e9daction des contrats La raison d\u00eatre de S\u00e9ch\u00e9 Environnement repose sur Le climat anxiog\u00e8ne qui r\u00e8gne autour de la biodiversit\u00e9-extinction, impact du r\u00e9chauffement climatique-complique lappropriation du sujet par le grand public. L\u00e9dition 2020 reviendra \u00e9galement sur les op\u00e9rations dhygi\u00e8ne des \u00e9quipements de production avec dune part une table ronde consacr\u00e9e \u00e0 la validation des op\u00e9rations de nettoyage dans un contexte strictement cosm\u00e9tique, et dautre part un ensemble de conf\u00e9rences consacr\u00e9es \u00e0 la d\u00e9sinfection. Ce sera loccasion pour les participants de poser des questions en tout anonymat via une application smartphone, pour tenter de mieux cerner les limites acceptables de validation, sans adh\u00e9rer obligatoirement in extenso \u00e0 lapproche pharmaceutique. T\u00e9l\u00e9chargez laide-m\u00e9moire pour la reprise dactivit\u00e9 r\u00e9alis\u00e9 par lAssurance maladie et la Carsat.. Responsable du service Achats-Commande publique HF La Cali-LAgglo Rive Droite de Bordeaux Contrats de commande publique et activit\u00e9 accessoire-Benjamin Valette-Google Books Entreprises, sollicitez les \u00e9tudiants de lEcole Centrale de Nantes pour faire grandir vos projets! Cest \u00e0 Saint-Malo au printemps 2017 que ce premier navire \u00e0 lhydrog\u00e8ne sera mis \u00e0 leau pour un tour du monde en 6 ans.<\/p>\n","protected":false},"excerpt":{"rendered":"<p>rencontre commande publique responsable<\/p>\n","protected":false},"author":1,"featured_media":0,"comment_status":"closed","ping_status":"closed","sticky":false,"template":"","format":"standard","meta":{"footnotes":""},"categories":[1],"tags":[],"_links":{"self":[{"href":"https:\/\/atombroker.hu\/journal\/wp-json\/wp\/v2\/posts\/4227"}],"collection":[{"href":"https:\/\/atombroker.hu\/journal\/wp-json\/wp\/v2\/posts"}],"about":[{"href":"https:\/\/atombroker.hu\/journal\/wp-json\/wp\/v2\/types\/post"}],"author":[{"embeddable":true,"href":"https:\/\/atombroker.hu\/journal\/wp-json\/wp\/v2\/users\/1"}],"replies":[{"embeddable":true,"href":"https:\/\/atombroker.hu\/journal\/wp-json\/wp\/v2\/comments?post=4227"}],"version-history":[{"count":1,"href":"https:\/\/atombroker.hu\/journal\/wp-json\/wp\/v2\/posts\/4227\/revisions"}],"predecessor-version":[{"id":4228,"href":"https:\/\/atombroker.hu\/journal\/wp-json\/wp\/v2\/posts\/4227\/revisions\/4228"}],"wp:attachment":[{"href":"https:\/\/atombroker.hu\/journal\/wp-json\/wp\/v2\/media?parent=4227"}],"wp:term":[{"taxonomy":"category","embeddable":true,"href":"https:\/\/atombroker.hu\/journal\/wp-json\/wp\/v2\/categories?post=4227"},{"taxonomy":"post_tag","embeddable":true,"href":"https:\/\/atombroker.hu\/journal\/wp-json\/wp\/v2\/tags?post=4227"}],"curies":[{"name":"wp","href":"https:\/\/api.w.org\/{rel}","templated":true}]}}