{"id":3945,"date":"2020-09-27T06:30:52","date_gmt":"2020-09-27T06:30:52","guid":{"rendered":"http:\/\/atombroker.hu\/journal\/?p=3945"},"modified":"2020-09-24T12:00:35","modified_gmt":"2020-09-24T12:00:35","slug":"rencontre-ledergues","status":"publish","type":"post","link":"https:\/\/atombroker.hu\/journal\/2020\/09\/27\/rencontre-ledergues\/","title":{"rendered":"Rencontre Ledergues"},"content":{"rendered":"<p><img decoding=\"async\" src=\"http:\/\/www.today.uwhuskyfever.com\/wp-content\/uploads\/2015\/01\/dossier_lancement.jpg\" alt=\"rencontre ledergues\" align=\"right\"> apr\u00e8s avoir visit\u00e9 la ville, le ventre creux, nous flashons sur la petite deventure du restaurant, \u00e7a promet! Et on nest pas d\u00e9\u00e7us, service tr\u00e8s agr\u00e9able, de belles et bonne cr\u00eapes avec une ratatouille maison d\u00e9licieuse, tr\u00e8s copieux!une super adresse o\u00f9 on reviendra! Source: Minist\u00e8re de la Culture et de la Communicationhttp:journeesdupatrimoine.fr Gratuit  Les journ\u00e9es du patrimoine ont lieu chaque ann\u00e9e le troisi\u00e8me week-end de septembre depuis 1984. Ces journ\u00e9es sont loccasion pour tous de d\u00e9couvrir des \u00e9difices publics le Palais de l\u00c9lys\u00e9e, le S\u00e9nat, des minist\u00e8res, des ambassades, des pr\u00e9fectures, des mairies, mais aussi des th\u00e9\u00e2tres, des h\u00f4pitaux, des \u00e9coles, des gymnases et priv\u00e9s villas, ch\u00e2teaux, usines qui ouvrent exceptionnellement leurs portes, d\u00e9voilant souvent leurs coulisses ou des collections rares. Lensemble de ces monuments, proposent aussi pour l\u00e9v\u00e9nement des visites guid\u00e9es, d\u00e9monstrations de savoir-faire, concerts, repr\u00e9sentations th\u00e9\u00e2trales, circuits \u00e0 th\u00e8me Cette ann\u00e9e en 2016, ce sont plus de 12 millions de visiteurs qui sont attendus dans 17000 sites et pr\u00e8s de 26000 animations. Source: Minist\u00e8re de la Culture et de la Communicationhttp:journeesdupatrimoine.fr Lop\u00e9ration jardin\u00e2ge qui a occup\u00e9 quelques seniors du R\u00e9quistanais durant la p\u00e9riode hivernale, touche \u00e0 sa fin avec larriv\u00e9e du printemps. En effet, le Point info s\u00e9niors de la Clauze et..  Initiation et d\u00e9monstration du travail du forgeron Ouvert \u00e0 tout public, acc\u00e8s handicap\u00e9 Des bois, de leau, des points de vue, de vieilles pierres sont ici pour le plaisir des yeux. <img decoding=\"async\" src=\"http:\/\/static.partenaire-europeen.fr\/var\/lpe\/storage\/images\/annonces-immobilieres\/france\/midi-pyrenees\/aveyron\/vente-maison-villa-f5-ledergues-795544\/maison-f5-ledergues-852066\/20049029-1-fre-FR\/maison-f5-ledergues-852066_rwd_slide.jpg\" alt=\"rencontre ledergues\" align=\"left\"> Comment la citoyennet\u00e9 culturelle peut-elle se vivre au mus\u00e9e? Acc\u00e8s : Deux possibilit\u00e9s:-A partir de la RN88 en provenance dAlbi-Carmaux, 3kms avant darriver \u00e0 Tanus tourner \u00e0 gauche, panneau indiquant Fournials-En revenant du parking de la plaine menant \u00e0 la chapelle romane Las Planques, suivre les panneaux indiquant la direction Fournials. Acc\u00e8s : Arr\u00eat de bus \u00e0 150 m\u00e8tres ligne du Bassin, Cransac, Aubin, Viviez, Decazeville, Firmi.. Et inversement. A Aubin direction Cransac puis \u00e0 gauche direction ND du Gua, Combes. Carnaval dAlbi : d\u00e9couverte des ateliers de fabrication Cette \u00e9glise poss\u00e8de des peintures murales du XVII\u00e8me si\u00e8cle qui couvrent la totalit\u00e9 de la nef ainsi que des chapelles adjacentes, ce qui rend cet \u00e9difice exceptionnel dans le Sud Aveyron. Ces d\u00e9cors sont aujourdhui en grande partie masqu\u00e9s par un enduit \u00e0 la chaux. En 2015, une premi\u00e8re tranche de travaux a permis de mettre au jour le triple bouquet de larc triomphal que nous vous invitons \u00e0 venir d\u00e9couvrir le dimanche 18 septembre. C\u00e9libataire et lib\u00e9r\u00e9e jai enfin trouv\u00e9 un site pour mamuser sans prise de t\u00eate Jadore.  Merci de patientez, les annonces correspondantes \u00e0 votre recherche Source: Minist\u00e8re de la Culture et de la Communicationhttp:journeesdupatrimoine.fr Sans inscription Gratuit Saint-Ju\u00e9ry-Mus\u00e9e du Saut du Tarn Pendant 1h30 environ, accompagn\u00e9 dune guide-conf\u00e9renci\u00e8re, vous partirez pour un voyage dans le temps. Depuis la place du Faubourg, vous suivrez lunique rue qui serpente sur lar\u00eate rocheuse. Des maisons \u00e0 pans de bois perch\u00e9es sur des piliers de gr\u00e8s rose jusqu\u00e0 limposante \u00c9glise Saint-Jean, vous serez plong\u00e9 au c\u0153ur du Moyen-\u00e2ge.. <img decoding=\"async\" src=\"http:\/\/cdn2.allday.fr\/21-medium_default\/peach-tea-tobacco.jpg\" alt=\"rencontre ledergues\" align=\"left\"> Source: Minist\u00e8re de la Culture et de la Communicationhttp:journeesdupatrimoine.fr Aubin-\u00c9glise Notre-Dame dAubin.<\/p>\n","protected":false},"excerpt":{"rendered":"<p>rencontre ledergues<\/p>\n","protected":false},"author":1,"featured_media":0,"comment_status":"closed","ping_status":"closed","sticky":false,"template":"","format":"standard","meta":{"footnotes":""},"categories":[1],"tags":[],"_links":{"self":[{"href":"https:\/\/atombroker.hu\/journal\/wp-json\/wp\/v2\/posts\/3945"}],"collection":[{"href":"https:\/\/atombroker.hu\/journal\/wp-json\/wp\/v2\/posts"}],"about":[{"href":"https:\/\/atombroker.hu\/journal\/wp-json\/wp\/v2\/types\/post"}],"author":[{"embeddable":true,"href":"https:\/\/atombroker.hu\/journal\/wp-json\/wp\/v2\/users\/1"}],"replies":[{"embeddable":true,"href":"https:\/\/atombroker.hu\/journal\/wp-json\/wp\/v2\/comments?post=3945"}],"version-history":[{"count":1,"href":"https:\/\/atombroker.hu\/journal\/wp-json\/wp\/v2\/posts\/3945\/revisions"}],"predecessor-version":[{"id":3946,"href":"https:\/\/atombroker.hu\/journal\/wp-json\/wp\/v2\/posts\/3945\/revisions\/3946"}],"wp:attachment":[{"href":"https:\/\/atombroker.hu\/journal\/wp-json\/wp\/v2\/media?parent=3945"}],"wp:term":[{"taxonomy":"category","embeddable":true,"href":"https:\/\/atombroker.hu\/journal\/wp-json\/wp\/v2\/categories?post=3945"},{"taxonomy":"post_tag","embeddable":true,"href":"https:\/\/atombroker.hu\/journal\/wp-json\/wp\/v2\/tags?post=3945"}],"curies":[{"name":"wp","href":"https:\/\/api.w.org\/{rel}","templated":true}]}}