{"id":3939,"date":"2020-09-27T00:06:12","date_gmt":"2020-09-27T00:06:12","guid":{"rendered":"http:\/\/atombroker.hu\/journal\/?p=3939"},"modified":"2020-09-24T11:43:19","modified_gmt":"2020-09-24T11:43:19","slug":"rencontre-inattendue-frederic-lopez","status":"publish","type":"post","link":"https:\/\/atombroker.hu\/journal\/2020\/09\/27\/rencontre-inattendue-frederic-lopez\/","title":{"rendered":"Rencontre Inattendue Frederic Lopez"},"content":{"rendered":"<p> La Parenth\u00e8se inattendue : un record tardif pour Fr\u00e9d\u00e9ric Lopez, avec Marine Delterme Toutelatele <img decoding=\"async\" src=\"http:\/\/jcn54.unblog.fr\/files\/2014\/01\/parenthese23.jpg\" alt=\"rencontre inattendue frederic lopez\" align=\"center\"> Ajoutez cet article \u00e0 vos favoris en cliquant sur ce bouton! Jai compris! Ce mardi 2 d\u00e9cembre, \u00e0 20h45 sur France 2, un nouveau num\u00e9ro de Rendez.. Jai habit\u00e9 cette maison du Moulin de Moucheny, avant quon ne la transforme en d\u00e9cor bourgeois bien charg\u00e9, pour cette \u00e9mission plut\u00f4t sympaNous \u00e9tions plusieurs artistes peintres, sculpteurs musiciens mais alors ce n\u00e9tait pas cette ambiance feutr\u00e9e qui pr\u00e9valait, mais lesprit dartistes dans ce lieu isol\u00e9 au bord de la rivi\u00e8re,et qui vivait au rythme de cr\u00e9ations et de f\u00eates quasi permanentes et ouvertes \u00e0 tous! un beau souvenir! enter your email address and well send you a link to reset your password. Un lien pour cr\u00e9er votre mot de passe vous sera envoy\u00e9 par email.  <img decoding=\"async\" src=\"http:\/\/infos-tele.fr\/photos\/Fr%C3%A9d%C3%A9rc-Lopez-et-les-trois-premiers-invit%C3%A9s-de-La-parenth%C3%A8se-inattendue.jpg\" alt=\"rencontre inattendue frederic lopez\" align=\"left\"> Votre adresse de messagerie est uniquement utilis\u00e9e pour vous envoyer notre newsletter. Ce jeudi 17 octobre, \u00e9tait linvit\u00e9 de Yann Barth\u00e8s dans Quotidien, loccasion pour lui d\u00e9voquer sa nouvelle vie. En d\u00e9cembre 2018, il cr\u00e9ait la surprise en annon\u00e7ant qu et depuis? Loin du petit milieu de la t\u00e9l\u00e9vision, m\u00eame sil a fait une rapide apparition dans de Nagui et Anne-Elisabeth Lemoine ce 15 octobre, Fr\u00e9d\u00e9ric Lopez revit! <img decoding=\"async\" src=\"http:\/\/cdn.programme-television.org\/var\/premiere\/storage\/images\/tele-7-jours\/news-tv\/video-c-a-vous-france-5-frederic-lopez-ne-continuera-pas-mille-et-une-vies-france-2-4460045\/89852537-1-fre-FR\/VIDEO-C-a-vous-France-5-Frederic-Lopez-ne-continuera-pas-Mille-et-une-vies-France-2_news_full.jpg\" alt=\"rencontre inattendue frederic lopez\" align=\"center\">  Vous avez un fils adolescent. Quel regard porte-t-il sur son p\u00e8re? Ce t\u00e9moignage aurait particuli\u00e8rement touch\u00e9 le pr\u00e9sentateur. Fr\u00e9d\u00e9ric Lopez, lui-m\u00eame papa de Victor, 19 ans, sest senti l\u00e9gitime pour \u00e9voquer son cas personnel, mais il ne s\u00e9tendra pas davantage, a indiqu\u00e9 une personne pr\u00e9sente sur le tournage de l\u00e9mission au Parisien. Lanimateur na jamais aim\u00e9 parler de lui. Rare en interview, Lopez sest tr\u00e8s peu exprim\u00e9 sur son parcours ou sa vie en dehors des plateaux de t\u00e9l\u00e9. La main de fer By Eug\u00e8ne Scribe, Bayard M, Jean-Fran\u00e7ois-Alfred, Henry Boisseaux, Jean Nicolas Bouilly, Dupin M, Henri, Castil-Blaze, Fr\u00e9d\u00e9ric Courcy, Gabriel M, Germain Delavigne, Charles-Gaspard Delestre-Poirson, Adolphe de Leuven, Paul Duport, M\u00e9lesville M, Charles Duveyrier, \u00c9mile de Najac, Henri Saint-Georges, Gustave Lemoine, Xavier M, Xavier-Boniface de Saintine, Bernard Lopez, Maz\u00e8res M, Edouard, Hippolyte Romand, Gustave Va\u00ebz Fr\u00e9d\u00e9ric Lopez: Ne subissez pas votre vie!-La Libre Les invit\u00e9s ont de toute \u00e9vidence \u00e9galement leur part de responsabilit\u00e9 dans le succ\u00e8s de cette Parenth\u00e8se inattendue.. Merci pour cette authenticit\u00e9, d\u00e9clare, Quel bon moment. Un plaisir de regarder cette nouvelle \u00e9mission, dit-elle. Et senthousiasme d\u00e9j\u00e0: eh mais cest TOUS les mercredis? \u00d4 Joie, bonheur! Et la semaine prochaine avec Alain Bernard!. Faire revenir une personnalit\u00e9 sur son parcours, lui rendre hommage, le faire parler de son enfance, des moments cl\u00e9s de sa vie, le faire parler au pr\u00e9sent du pass\u00e9 alors, Adriana, tu es \u00e0 Prague, et l\u00e0, on te propose daller \u00e0 Paris, l\u00e9mission fait penser \u00e0 un nouveau Fr\u00e9quenstar, mais qui se joue \u00e0 plusieurs. Le ton est assez semblable \u00e0 l\u00e9mission de Laurent Boyer, qui a fait les beaux jours dM6 lendroit est tr\u00e8s bien choisi,ce quon nous montre est tr\u00e8s apaisant le moulin et le Fusain font bien leur boulot!!<\/p>\n","protected":false},"excerpt":{"rendered":"<p>rencontre inattendue frederic lopez<\/p>\n","protected":false},"author":1,"featured_media":0,"comment_status":"closed","ping_status":"closed","sticky":false,"template":"","format":"standard","meta":{"footnotes":""},"categories":[1],"tags":[],"_links":{"self":[{"href":"https:\/\/atombroker.hu\/journal\/wp-json\/wp\/v2\/posts\/3939"}],"collection":[{"href":"https:\/\/atombroker.hu\/journal\/wp-json\/wp\/v2\/posts"}],"about":[{"href":"https:\/\/atombroker.hu\/journal\/wp-json\/wp\/v2\/types\/post"}],"author":[{"embeddable":true,"href":"https:\/\/atombroker.hu\/journal\/wp-json\/wp\/v2\/users\/1"}],"replies":[{"embeddable":true,"href":"https:\/\/atombroker.hu\/journal\/wp-json\/wp\/v2\/comments?post=3939"}],"version-history":[{"count":1,"href":"https:\/\/atombroker.hu\/journal\/wp-json\/wp\/v2\/posts\/3939\/revisions"}],"predecessor-version":[{"id":3940,"href":"https:\/\/atombroker.hu\/journal\/wp-json\/wp\/v2\/posts\/3939\/revisions\/3940"}],"wp:attachment":[{"href":"https:\/\/atombroker.hu\/journal\/wp-json\/wp\/v2\/media?parent=3939"}],"wp:term":[{"taxonomy":"category","embeddable":true,"href":"https:\/\/atombroker.hu\/journal\/wp-json\/wp\/v2\/categories?post=3939"},{"taxonomy":"post_tag","embeddable":true,"href":"https:\/\/atombroker.hu\/journal\/wp-json\/wp\/v2\/tags?post=3939"}],"curies":[{"name":"wp","href":"https:\/\/api.w.org\/{rel}","templated":true}]}}