{"id":3861,"date":"2020-09-27T02:05:10","date_gmt":"2020-09-27T02:05:10","guid":{"rendered":"http:\/\/atombroker.hu\/journal\/?p=3861"},"modified":"2020-09-24T07:42:04","modified_gmt":"2020-09-24T07:42:04","slug":"rencontre-au-vigan","status":"publish","type":"post","link":"https:\/\/atombroker.hu\/journal\/2020\/09\/27\/rencontre-au-vigan\/","title":{"rendered":"Rencontre Au Vigan"},"content":{"rendered":"<p>Lann\u00e9e 2020 aurait d\u00fb \u00eatre un grand moment festif, celui de lann\u00e9e de la Bretagne et du 50e anniversaire du FIL. \u00c0 cause de l\u00e9pid\u00e9mie du COVID-19, il nen sera rien. Le FIL f\u00eatera donc lann\u00e9e de la Bretagne et ses 50 ans du 6 au 15 ao\u00fbt 2021. Pauline est infirmi\u00e8re en r\u00e9animation \u00e0 Paris. Thibault est infirmier dans un village de Moselle. Yacine est m\u00e9decin r\u00e9animateur \u00e0 Avicenne, en Seine Saint.. Pour cette ann\u00e9e scolaire, 273 coll\u00e9giens sont impliqu\u00e9s dans cette aventure litt\u00e9raire. Ils sont issus de coll\u00e8ges r\u00e9partis sur lensemble du territoire : <img decoding=\"async\" src=\"http:\/\/cdn.gamingcloud.com\/img\/general\/games\/screen\/5290.jpg\" alt=\"rencontre au vigan\" align=\"center\"> Connectez-vous pour profiter de services suppl\u00e9mentaires!  Delphine De Vigan accompagn\u00e9e par Karina Hocine, directeur litt\u00e9raire des \u00e9ditions JC Latt\u00e8s ont \u00e9t\u00e9 accueillis vers midi au lyc\u00e9e Guy Chauvet par Philippe Rigault proviseur du lyc\u00e9e, pour une pr\u00e9sentation officielle des diff\u00e9rents participants et des onze repr\u00e9sentants lyc\u00e9ens. <img decoding=\"async\" src=\"http:\/\/www.meniiscus.ga\/fileadmin\/_processed_\/csm_choeur_du_monde_bac60ebe38.jpg\" alt=\"rencontre au vigan\" align=\"left\"> si nous ne r\u00e9pondons pas, merci de laisser votre pr\u00e9nom et votre num\u00e9ro de t\u00e9l\u00e9phone en articulant bien, nous sommes souvent dehors Lorsque vous \u00e9crivez : Jaime chez lAutre et chez les femmes souvent cette capacit\u00e9 \u00e0 \u00e9voquer lintime sans pour autant \u00eatre impudique, est-ce \u00e0 dire que lamiti\u00e9 se joue \u00e0 ce niveau essentiel selon vous? La semaine derni\u00e8re, Delphine de Vigan \u00e9tait \u00e0 Strasbourg, afin de pr\u00e9senter son roman Les Gratitudes \u00e0 la Librairie Kl\u00e9ber. Nous lavons rencontr\u00e9 au lendemain de sa s\u00e9ance de d\u00e9dicaces, dans le petit salon de lh\u00f4tel Cath\u00e9drale, pour une interview \u00e0 b\u00e2tons rompus. Elle nous a parl\u00e9 de son sublime dernier ouvrage mais aussi de sa carri\u00e8re, de ses projets et de sa fa\u00e7on de concevoir ce m\u00e9tier. Avec tous les contrats dassurance que jai mis en place, ne suis-je pas couvert deux fois pour la m\u00eame chose? Ne puis-je pas en faire l\u00e9conomie?  En cliquant sur je mabonne, jaccepte que les donn\u00e9es recueillies par Radio France soient destin\u00e9es \u00e0 lenvoi par courrier \u00e9lectronique de contenus et dinformations relatifs aux programmes. Le buzz enfle sur Internet depuis que Charlie Hebdo et Lib\u00e9ration ont lanc\u00e9 laffaire. Le 15 septembre, dans son \u00e9mission la Grande Librairie sur France 5, le journaliste Fran\u00e7ois Busnel a re\u00e7u sa compagne, Delphine de Vigan, sans le pr\u00e9ciser \u00e0 ses 209 000 t\u00e9l\u00e9spectateurs, sauf \u00e0 glisser en fin d\u00e9mission livre que jai particuli\u00e8rement aim\u00e9\u00e2? pas que le livre dailleurs. Le journaliste invitait sa belle \u00e0 parler de Rien ne soppose \u00e0 la nuit, son sixi\u00e8me roman, pr\u00e9s\u00e9lectionn\u00e9 pour les principaux prix litt\u00e9raires, o\u00f9 elle parle du suicide de sa m\u00e8re. Fran\u00e7ois Busnel la vouvoy\u00e9e. Couple ou pas couple, cest de toute fa\u00e7on une tradition dans laudiovisuel, m\u00eame quand on se tutoie en priv\u00e9. Lauteure a \u00e9t\u00e9 trait\u00e9e comme les autres invit\u00e9s, avec au passage des compliments, au m\u00eame titre que certains autres \u00e9crivains : un livre absolument extraordinaire qui sort totalement du lot. Bonjour comment on fait quand on a de la famille dans le sud et qu on a pas vu depuis 5 mois alors que nous on est dans le centre l allier Des d\u00e9cisions difficilement compr\u00e9hensibles Lassociation Rugby Aulnay Club dont le.. Vous ne pouvez apparement pas effectuer cette action.. <img decoding=\"async\" src=\"http:\/\/cdn.sandals.com\/sandals\/v11\/media\/seb\/accommodations\/medium\/seb-290-medium.jpg\" alt=\"rencontre au vigan\" align=\"left\">  Depuis le 26 Janvier 2016 le camping Isis \u00e0 eu lhonneur d\u00eatre le premier camping class\u00e9 tourisme \u00e0 obtenir la marque Esprit parc cest \u00e0 ce titre quil est recommand\u00e9 par le parc National des C\u00e9vennes. Je cherche \u00e0 faire des rencontres voluptueuses,\u00e9rotiques et sensuelles avec des femmes.<\/p>\n","protected":false},"excerpt":{"rendered":"<p>rencontre au vigan<\/p>\n","protected":false},"author":1,"featured_media":0,"comment_status":"closed","ping_status":"closed","sticky":false,"template":"","format":"standard","meta":{"footnotes":""},"categories":[1],"tags":[],"_links":{"self":[{"href":"https:\/\/atombroker.hu\/journal\/wp-json\/wp\/v2\/posts\/3861"}],"collection":[{"href":"https:\/\/atombroker.hu\/journal\/wp-json\/wp\/v2\/posts"}],"about":[{"href":"https:\/\/atombroker.hu\/journal\/wp-json\/wp\/v2\/types\/post"}],"author":[{"embeddable":true,"href":"https:\/\/atombroker.hu\/journal\/wp-json\/wp\/v2\/users\/1"}],"replies":[{"embeddable":true,"href":"https:\/\/atombroker.hu\/journal\/wp-json\/wp\/v2\/comments?post=3861"}],"version-history":[{"count":1,"href":"https:\/\/atombroker.hu\/journal\/wp-json\/wp\/v2\/posts\/3861\/revisions"}],"predecessor-version":[{"id":3862,"href":"https:\/\/atombroker.hu\/journal\/wp-json\/wp\/v2\/posts\/3861\/revisions\/3862"}],"wp:attachment":[{"href":"https:\/\/atombroker.hu\/journal\/wp-json\/wp\/v2\/media?parent=3861"}],"wp:term":[{"taxonomy":"category","embeddable":true,"href":"https:\/\/atombroker.hu\/journal\/wp-json\/wp\/v2\/categories?post=3861"},{"taxonomy":"post_tag","embeddable":true,"href":"https:\/\/atombroker.hu\/journal\/wp-json\/wp\/v2\/tags?post=3861"}],"curies":[{"name":"wp","href":"https:\/\/api.w.org\/{rel}","templated":true}]}}