{"id":3843,"date":"2020-09-27T06:50:39","date_gmt":"2020-09-27T06:50:39","guid":{"rendered":"http:\/\/atombroker.hu\/journal\/?p=3843"},"modified":"2020-09-24T06:20:08","modified_gmt":"2020-09-24T06:20:08","slug":"rencontre-intergenerationnelle-en-creche","status":"publish","type":"post","link":"https:\/\/atombroker.hu\/journal\/2020\/09\/27\/rencontre-intergenerationnelle-en-creche\/","title":{"rendered":"Rencontre Interg\u00e9n\u00e9rationnelle En Cr\u00e8che"},"content":{"rendered":"<p>Ils nous invitent \u00e0 lire et partager les tranches de vie accessibles sur leur site internet. La solidarit\u00e9 interg\u00e9n\u00e9rationnelle a le vent en poupe et cest tant mieux. En effet, ces \u00e9changes particuli\u00e8res sont autant b\u00e9n\u00e9fiques pour les enfants, qui ont tout \u00e0 apprendre des exp\u00e9riences de vie de leurs a\u00een\u00e9s, que pour les retrait\u00e9s, qui se sentent moins isol\u00e9s au contact de l\u00e9nergie si porteuse de lenfance. Vos actions ont de limpact, et, cumul\u00e9es, elles ont le pouvoir de changer le monde.  Alors que lInstitut Montaigne publie ce mercredi 27 mai un rapport sur lEmploi et linsertion en Seine-Saint-Denis, St\u00e9phane Troussel, Pr\u00e9sident du D\u00e9partement de la Seine-Saint-Denis, tient \u00e0 rappeler que la question de la gouvernance des dispositifs ne saurait servir \u00e0 \u00e9vacuer \u00e0 peu de frais la question du manque de moyens. Dans le groupe de contr\u00f4le, les personnes \u00e2g\u00e9es se sont rencontr\u00e9es 8 fois avec un animateur pour aborder la question du vieillissement r\u00e9ussi pour un total denviron 12 heures. <img decoding=\"async\" src=\"http:\/\/www.mairie-saintpaul.re\/wp-content\/uploads\/2017\/12\/IMG_1613.jpg\" alt=\"rencontre interg\u00e9n\u00e9rationnelle en cr\u00e8che\" align=\"left\"> Cette complexification de la mission est loin d\u00eatre anodine, car le secteur de la petite enfance se voit d\u00e9sormais responsable du lien avec lext\u00e9rieur, alors que jusque-l\u00e0, la situation de monopole-dont il b\u00e9n\u00e9ficie toutefois encore-lui permettait de laisser cette responsabilit\u00e9 hors de sa mission. Il faut signaler que les enfants ne sont pas tenus de participer \u00e0 ces activit\u00e9s interg\u00e9n\u00e9rationnelles. Par ailleurs, il ny a jamais eu de probl\u00e8mes ou dinqui\u00e9tudes, mentionn\u00e9s par les parents ou les enfants eux-m\u00eames, en lien avec ces activit\u00e9s. Black rel\u00e8ve \u00e9galement en quoi il importe de d\u00e9terminer de fa\u00e7on pr\u00e9cise la dur\u00e9e optimale des activit\u00e9s afin de permettre une implication maximale des personnes \u00e2g\u00e9es et des enfants. Enfin, elle observe que, m\u00eame si la majorit\u00e9 des personnes \u00e2g\u00e9es attendent avec impatience les activit\u00e9s interg\u00e9n\u00e9rationnelles, certaines pr\u00e9f\u00e8rent ne pas y participer. Le but \u00e9tait de voir si le niveau dempathie des fr\u00e8res et s\u0153urs enregistr\u00e9 au d\u00e9but de lexp\u00e9rience pouvait avoir un impact sur lautre fr\u00e8re ou s\u0153ur au terme de la p\u00e9riode dobservation. 13, rue Gustave Geffroy multi-accueil-01 53 55 09 01 La cr\u00e8che familiale favorise laccueil des enfants de 2 mois \u00e0 4 ans pendant les heures de travail ou de formation des parents. Cet accueil permet \u00e0 lenfant de s\u00e9panouir dans un contexte privil\u00e9gi\u00e9 \u00e0 petit effectif, proche de lunivers familial. La facturation seffectue en fonction des revenus imposables et du nombre denfants \u00e0 charge. Cet accueil r\u00e9pond \u00e0 un mode de garde r\u00e9gulier. Ce contact apporte de la joie et des souvenirs aux r\u00e9sidents.  Table r\u00e9gionale de concertation des personnes a\u00een\u00e9es est fi\u00e8rement propuls\u00e9 par Lassociation ACPPA a pris linitiative douvrir une cr\u00e8che au coeur dune maison de retraite lyonnaise d\u00e8s 1991. Lid\u00e9e a germ\u00e9 en 2003 de souvrir \u00e0 la ville en cr\u00e9ant une cr\u00e8che associative \u00e0 lint\u00e9rieur de lEHPAD P\u00e9an. Les rencontres et ateliers organis\u00e9s avec la cr\u00e8che BoutChou ont fait m\u00fbrir le projet dactivit\u00e9s r\u00e9unissant personnes \u00e2g\u00e9es et petits enfants.  Vieillir est une aventure. Aventure in\u00e9dite pour chacun dentre nous car, sil est habituel de parler de la vieillesse comme du temps de lexp\u00e9rience, aucun vieux na lexp\u00e9rience du vieillir qui se d\u00e9couvre \u00e0 lui chaque jour et loblige \u00e0 d\u00e9fricher, innover.. <img decoding=\"async\" src=\"http:\/\/www.mairie-saintpaul.re\/wp-content\/uploads\/2017\/12\/DSCN2903.jpg\" alt=\"rencontre interg\u00e9n\u00e9rationnelle en cr\u00e8che\" align=\"center\"> Le th\u00e9\u00e2tre est un art de la relation : relation \u00e0 soi, aux autres, partenaires et publics Cet espace est d\u00e9di\u00e9 aux personnels de l\u00e9ducation Linterg\u00e9n\u00e9rationnel : un vecteur de coh\u00e9sion sociale 1 D\u00e8s le 6\u00e8me mois de grossesse date ne naissance pr\u00e9vue moins 3 mois, les parents peuvent proc\u00e9der \u00e0 une inscription directement au guichet du Service de lEnfance Relais Informations Familles de la Mairie du 13\u00e8me arrondissement, aile B, 1er \u00e9tage, tous les jours sans rendez-vous du lundi au vendredi de 8h30 \u00e0 16h45, sur rendez-vous les jeudis soirs de 17h00 \u00e0 19h30. Pour avoir la liste des pi\u00e8ces justificatives, les parents doivent sadresser au service de lenfance au 01 44 08 14 10 ou consulter en ligne Mairie du 13\u00e8me mes d\u00e9marches Famille \u00e9ducation Petite enfance Les modalit\u00e9s dinscription. <img decoding=\"async\" src=\"http:\/\/s-www.bienpublic.com\/images\/02A46D3C-834C-4F39-9789-0E896553D3F3\/LBP_12\/pauline-explique-les-deux-ateliers-marie-helene-gillot-pauline-explique-les-deux-atelier-photo-marie-helene-gillot.jpg\" alt=\"rencontre interg\u00e9n\u00e9rationnelle en cr\u00e8che\" align=\"left\"> Lancement de la campagne Penser plus t\u00f4t \u00e0 plus tard-50 A vos projets! Laissez un commentaire Vous pouvez r\u00e9agir \u00e0 cet article en laissant un commentaire.<\/p>\n","protected":false},"excerpt":{"rendered":"<p>rencontre interg\u00e9n\u00e9rationnelle en cr\u00e8che<\/p>\n","protected":false},"author":1,"featured_media":0,"comment_status":"closed","ping_status":"closed","sticky":false,"template":"","format":"standard","meta":{"footnotes":""},"categories":[1],"tags":[],"_links":{"self":[{"href":"https:\/\/atombroker.hu\/journal\/wp-json\/wp\/v2\/posts\/3843"}],"collection":[{"href":"https:\/\/atombroker.hu\/journal\/wp-json\/wp\/v2\/posts"}],"about":[{"href":"https:\/\/atombroker.hu\/journal\/wp-json\/wp\/v2\/types\/post"}],"author":[{"embeddable":true,"href":"https:\/\/atombroker.hu\/journal\/wp-json\/wp\/v2\/users\/1"}],"replies":[{"embeddable":true,"href":"https:\/\/atombroker.hu\/journal\/wp-json\/wp\/v2\/comments?post=3843"}],"version-history":[{"count":1,"href":"https:\/\/atombroker.hu\/journal\/wp-json\/wp\/v2\/posts\/3843\/revisions"}],"predecessor-version":[{"id":3844,"href":"https:\/\/atombroker.hu\/journal\/wp-json\/wp\/v2\/posts\/3843\/revisions\/3844"}],"wp:attachment":[{"href":"https:\/\/atombroker.hu\/journal\/wp-json\/wp\/v2\/media?parent=3843"}],"wp:term":[{"taxonomy":"category","embeddable":true,"href":"https:\/\/atombroker.hu\/journal\/wp-json\/wp\/v2\/categories?post=3843"},{"taxonomy":"post_tag","embeddable":true,"href":"https:\/\/atombroker.hu\/journal\/wp-json\/wp\/v2\/tags?post=3843"}],"curies":[{"name":"wp","href":"https:\/\/api.w.org\/{rel}","templated":true}]}}