{"id":3657,"date":"2020-09-27T14:18:44","date_gmt":"2020-09-27T14:18:44","guid":{"rendered":"http:\/\/atombroker.hu\/journal\/?p=3657"},"modified":"2020-09-23T20:16:12","modified_gmt":"2020-09-23T20:16:12","slug":"rencontre-tiznit","status":"publish","type":"post","link":"https:\/\/atombroker.hu\/journal\/2020\/09\/27\/rencontre-tiznit\/","title":{"rendered":"Rencontre Tiznit"},"content":{"rendered":"<p>Facebook a r\u00e9cemment introduit une nouvelle fonctionnalit\u00e9 qui permettra aux utilisateurs de supprimer les anciennes publications plus facilement. Une soci\u00e9t\u00e9 fran\u00e7aise a mis au point une solution qui permet d\u00e9liminer 99,99 des bact\u00e9ries dans les chambres dh\u00f4tels et ce gr\u00e2ce aux rayons UV-C.. Poursuivez votre visite sur Le Monde du Camping-Car Nous rencontrerons Nicole 07 avec qui nous bavarderons quelques instants. Les participants des pays proches se d\u00e9placent \u00e0 leur frais. Si ceux des pays moyennement \u00e9loign\u00e9s se d\u00e9placent en bus, le voyage leur sera partiellement rembours\u00e9 et nous les remercions de choisir ce mode de d\u00e9placement \u00e9conomique qui facilitera larriv\u00e9e de coll\u00e8gues suppl\u00e9mentaires. Loral de Fran\u00e7ais est maintenu et est pr\u00e9vu pour fin juin d\u00e9but juillet. Le programme est en revanche all\u00e9g\u00e9 : 15 textes pour ceux en s\u00e9rie g\u00e9n\u00e9rale et 12 pour pour ceux en s\u00e9rie technologique. Lepreuve \u00e9crite sera elle remplac\u00e9e par une note de contr\u00f4le continu, cest \u00e0 dire la moyenne de toutes les notes hors confinement obtenues durant lann\u00e9e.  Le beau temps semble sinstaller, frais matin et soir et journ\u00e9e super. <img decoding=\"async\" src=\"http:\/\/images.niooz.fr\/safe_image.php?clean=1&#038;width=600&#038;i=\/cache\/mediaid\/2\/5\/4\/5\/9\/2\/25459250.jpg\" alt=\"rencontre tiznit\" align=\"right\"> Emotif, impulsif, mais sinc\u00e8re et consciencieux, Dr Mehdi Echafi est un personnage atypique. <img decoding=\"async\" src=\"http:\/\/www.azifo.com\/photos\/19028.jpg\" alt=\"rencontre tiznit\" align=\"left\"> Pour voir lannonce de la rencontre dinfrmation pr\u00e9vue \u00e0 Tiznit, allez \u00e0 Morale de lhistoire.gardons le moral et soyons prudents m\u00eame si cela peut \u00eatre p\u00e9nible. <img decoding=\"async\" src=\"http:\/\/fr.zooverresources.com\/images\/E159080L1B1372895D0W245H245RT2\/Municipal-Tiznit.jpg\" alt=\"rencontre tiznit\" align=\"left\"> Publicit\u00e9 cibl\u00e9e Afin dam\u00e9liorer votre exp\u00e9rience, nous utilisons des cookies pour vous proposer des contenus, des services et des publicit\u00e9s adapt\u00e9s \u00e0 vos centres dint\u00e9r\u00eat. S\u00e9lectionnez votre choix puis cliquez sur OK pour valider vos choix. Vous pourrez les modifier \u00e0 tout moment \u00e0 partir de la page de Gestion des cookies. Cookies utilis\u00e9s: Google Adsense Cette rencontre organis\u00e9e par la Chambre de Commerce, dIndustrie et de Services de Souss Massa, le Conseil R\u00e9gional de Souss Massa, la Province et le Conseil Provincial de Tiznit, a \u00e9t\u00e9 une occasion pour d\u00e9battre des actions susceptibles de dynamiser l\u00e9conomie de la province, et mettre en relief les grands projets en cours et les opportunit\u00e9s d investissements quoffre ce territoire. Malgr\u00e9 nos appels, les mouvements nont pas manifest\u00e9 dint\u00e9r\u00eat pour la cr\u00e9ation de la brochure propos\u00e9e en AG. Nous y avons donc renonc\u00e9 pour le moment. On avait propos\u00e9 comme alternative de publier un manifeste sur les droits des enfants, en recueillant des exp\u00e9riences dans les \u00e9coles. En raison du silence des mouvements, on questionnera les groupes de langues et on organisera peut-\u00eatre un atelier bref \u00e0 la RIDEF. Cest ainsi que le CA a fait appel \u00e0 diff\u00e9rentes personnes et Sylviane AMIET du mouvement Suisse a r\u00e9pondu positivement \u00e0 notre appel. Mandataire au B\u00e9nin en 2014, elle a bien voulu int\u00e9grer linstance pour soutenir le travail de la FIMEM et de la Ridef. Nous la remercions pour son militantisme et son engagement \u00e0 nos c\u00f4t\u00e9s. Toutefois irons passer la journ\u00e9e \u00e0 Aglou, un belle journ\u00e9e ensoleill\u00e9e mais un peu fra\u00eeche en bord de mer. Et cest dailleurs plut\u00f4t l\u0153uvre de Coluche, que nous admirons tant, qui offre le sourire \u00e0 RMIZ. Entre associations aux pr\u00e9occupations proches, lentraide est n\u00e9cessaire. Cest le ciment altruiste, plut\u00f4t le moteur du b\u00e9n\u00e9volat et de la bonne action. Depuis sa cr\u00e9ation, la situation na fait que se d\u00e9t\u00e9riorer et Coluche a d\u00e9montr\u00e9 que du C\u0152UR est absolument utile pour combattre les maux que connait notre soci\u00e9t\u00e9 malade et d\u00e9shumanis\u00e9e. Alors, en rangs serr\u00e9s, communiquons, donnons, sourions au plus d\u00e9munis et d\u00e9sempar\u00e9s. Cette visibilit\u00e9 se voudra progressive, banni\u00e8res publi\u00e9es au fur et \u00e0 mesure de notre avanc\u00e9e, entretiens avec des responsables, des b\u00e9n\u00e9voles pour illustrer laction telle quelle se d\u00e9finie au pr\u00e9sent pour ne pas rester ni passifs, ni pass\u00e9istes. R\u00e9pondons aux besoins du temps pr\u00e9sent. En avant, tous ensemble.  On ne saurait terminer sans faire remarquer qu\u00e0 50 ann\u00e9es de la mort de Freinet, on a besoin de sinterroger sur nos possibilit\u00e9s concr\u00e8tes d\u00e9ducation \u00e0 la paix, \u00e0 la coop\u00e9ration, au d\u00e9sir dun futur meilleur. Comme la si bien dit Malala dans son discours \u00e0 lONU : .<\/p>\n","protected":false},"excerpt":{"rendered":"<p>rencontre tiznit<\/p>\n","protected":false},"author":1,"featured_media":0,"comment_status":"closed","ping_status":"closed","sticky":false,"template":"","format":"standard","meta":{"footnotes":""},"categories":[1],"tags":[],"_links":{"self":[{"href":"https:\/\/atombroker.hu\/journal\/wp-json\/wp\/v2\/posts\/3657"}],"collection":[{"href":"https:\/\/atombroker.hu\/journal\/wp-json\/wp\/v2\/posts"}],"about":[{"href":"https:\/\/atombroker.hu\/journal\/wp-json\/wp\/v2\/types\/post"}],"author":[{"embeddable":true,"href":"https:\/\/atombroker.hu\/journal\/wp-json\/wp\/v2\/users\/1"}],"replies":[{"embeddable":true,"href":"https:\/\/atombroker.hu\/journal\/wp-json\/wp\/v2\/comments?post=3657"}],"version-history":[{"count":1,"href":"https:\/\/atombroker.hu\/journal\/wp-json\/wp\/v2\/posts\/3657\/revisions"}],"predecessor-version":[{"id":3658,"href":"https:\/\/atombroker.hu\/journal\/wp-json\/wp\/v2\/posts\/3657\/revisions\/3658"}],"wp:attachment":[{"href":"https:\/\/atombroker.hu\/journal\/wp-json\/wp\/v2\/media?parent=3657"}],"wp:term":[{"taxonomy":"category","embeddable":true,"href":"https:\/\/atombroker.hu\/journal\/wp-json\/wp\/v2\/categories?post=3657"},{"taxonomy":"post_tag","embeddable":true,"href":"https:\/\/atombroker.hu\/journal\/wp-json\/wp\/v2\/tags?post=3657"}],"curies":[{"name":"wp","href":"https:\/\/api.w.org\/{rel}","templated":true}]}}