{"id":3523,"date":"2020-09-26T17:12:56","date_gmt":"2020-09-26T17:12:56","guid":{"rendered":"http:\/\/atombroker.hu\/journal\/?p=3523"},"modified":"2020-09-23T15:28:02","modified_gmt":"2020-09-23T15:28:02","slug":"rencontres-juridiques-lille","status":"publish","type":"post","link":"https:\/\/atombroker.hu\/journal\/2020\/09\/26\/rencontres-juridiques-lille\/","title":{"rendered":"Rencontres Juridiques Lille"},"content":{"rendered":"<p>2e Rencontre du droit social LEREDSIST organis\u00e9e par Bernard Bossu et Jean-Philippe Tricoit.  Conf\u00e9rence organis\u00e9e par lassociation La Ruche de Sciences Po Lille Anne-Claire Courchinoux, dipl\u00f4m\u00e9e de la promotion Charlie Chaplin 2018, charg\u00e9e dappui p\u00f4le Asie chez M\u00e9decins du Monde, Paris Rencontres Juridiques Afnic le 10 octobre 2019 : Noms de domaine, faire face aux abus Toujours plus \u00e0 l\u00e9coute de ses clients, Gerflor met en avant sa gamme TARABUS DESIGN, un concept innovant dimpression num\u00e9rique offrant des possibilit\u00e9s infinies de personnalisation pour mettre en valeur leur marque et leur univers. <img decoding=\"async\" src=\"http:\/\/crdp.univ-lille2.fr\/typo3temp\/pics\/78adc6a954.png\" alt=\"rencontres juridiques lille\" align=\"left\"> Le nouveau logiciel de gestion de lOrdre des Avocats au Barreau de Lille est pr\u00eat \u00e0 faciliter les relations, \u00e0 am\u00e9liorer lequotidien, \u00e0 simplifier les d\u00e9marches des avocats Adresse : 194 rue Nationale BP 1213 59013 Lille Cedex De fa\u00e7on int\u00e9gr\u00e9e ou modulaire, GESCAR permet de r\u00e9pondre aux exigences des transporteurs Interurbains et Urbains, tant sur site quen mobilit\u00e9 gr\u00e2ce \u00e0 notre gamme Online. <img decoding=\"async\" src=\"http:\/\/www.uoif-online.com\/wp-content\/uploads\/2017\/02\/16387117_1201142283337312_5212091717912931476_n-224x180.jpg\" alt=\"rencontres juridiques lille\" align=\"center\"> Il ny a pas de meilleur moment pour vous remercier de la confiance que vous nous avez t\u00e9moign\u00e9e tout au long de lann\u00e9e 2018. La formation ma permis de vivre la cr\u00e9ation dentreprise avec des personnes de divers horizons et de sortir le meilleur de moi-m\u00eame dans un projet \u00e0 courte \u00e9ch\u00e9ance. Tr\u00e8s belle exp\u00e9rience! Feuille de match, sur lfp.fr consult\u00e9 le 27 mars 2011. Le centre de recherche LegalEDHEC d\u00e9voile les premiers r\u00e9sultats de son \u00e9tude sur les comp\u00e9tences cl\u00e9s du juriste augment\u00e9 men\u00e9e aupr\u00e8s de 100 Leaders du Droit. La r\u00e9ponse \u00e0 cette question vous a-t-elle \u00e9t\u00e9 utile?  Luc Jarry-Lacombe, Pr\u00e9sident fondateur de BC DIPLOMA une marque de BLOCKCHAIN CERTIFIED DATA SAS  La mobilit\u00e9, enjeu majeur de nos territoires, n\u00e9cessite la conception dinfrastructures modernes de haute technicit\u00e9. Bouygues Energies Services et Bouygues Travaux Publics R\u00e9gions France vous accompagnent sur vos projets gr\u00e2ce \u00e0 une large gamme de comp\u00e9tences dans les domaines urbain et routier. <img decoding=\"async\" src=\"http:\/\/www.lille.fr\/var\/www\/storage\/images\/mediatheque\/mairie-de-lille\/agenda-evenements\/divers\/lhybridesdf\/2215439-1-fre-FR\/lhybridesdf_news_image_top.jpg\" alt=\"rencontres juridiques lille\" align=\"left\"> Il re\u00e7oit les jeunes sur rendez-vous, dans le cadre dun partenariat avec le Comit\u00e9 D\u00e9partemental dAcc\u00e8s au Droit, pour toutes questions dordre juridique. Abonnez-vous aux newsletters pour recevoir tous les mois lactualit\u00e9 de votre territoire. Conf\u00e9rence organis\u00e9e \u00e0 loccasion de la journ\u00e9e mondiale du droit \u00e0 lavortement le 28 septembre, par lassociation \u00e9tudiante Bon Chic Bon Genre.<\/p>\n","protected":false},"excerpt":{"rendered":"<p>rencontres juridiques lille<\/p>\n","protected":false},"author":1,"featured_media":0,"comment_status":"closed","ping_status":"closed","sticky":false,"template":"","format":"standard","meta":{"footnotes":""},"categories":[1],"tags":[],"_links":{"self":[{"href":"https:\/\/atombroker.hu\/journal\/wp-json\/wp\/v2\/posts\/3523"}],"collection":[{"href":"https:\/\/atombroker.hu\/journal\/wp-json\/wp\/v2\/posts"}],"about":[{"href":"https:\/\/atombroker.hu\/journal\/wp-json\/wp\/v2\/types\/post"}],"author":[{"embeddable":true,"href":"https:\/\/atombroker.hu\/journal\/wp-json\/wp\/v2\/users\/1"}],"replies":[{"embeddable":true,"href":"https:\/\/atombroker.hu\/journal\/wp-json\/wp\/v2\/comments?post=3523"}],"version-history":[{"count":1,"href":"https:\/\/atombroker.hu\/journal\/wp-json\/wp\/v2\/posts\/3523\/revisions"}],"predecessor-version":[{"id":3524,"href":"https:\/\/atombroker.hu\/journal\/wp-json\/wp\/v2\/posts\/3523\/revisions\/3524"}],"wp:attachment":[{"href":"https:\/\/atombroker.hu\/journal\/wp-json\/wp\/v2\/media?parent=3523"}],"wp:term":[{"taxonomy":"category","embeddable":true,"href":"https:\/\/atombroker.hu\/journal\/wp-json\/wp\/v2\/categories?post=3523"},{"taxonomy":"post_tag","embeddable":true,"href":"https:\/\/atombroker.hu\/journal\/wp-json\/wp\/v2\/tags?post=3523"}],"curies":[{"name":"wp","href":"https:\/\/api.w.org\/{rel}","templated":true}]}}