{"id":3515,"date":"2020-09-26T22:46:44","date_gmt":"2020-09-26T22:46:44","guid":{"rendered":"http:\/\/atombroker.hu\/journal\/?p=3515"},"modified":"2020-09-23T14:43:36","modified_gmt":"2020-09-23T14:43:36","slug":"rencontre-folklorique-2011","status":"publish","type":"post","link":"https:\/\/atombroker.hu\/journal\/2020\/09\/26\/rencontre-folklorique-2011\/","title":{"rendered":"Rencontre Folklorique 2011"},"content":{"rendered":"<p>Should such violations become known, this content will be removed immediately. <img decoding=\"async\" src=\"http:\/\/3.bp.blogspot.com\/-oM-pB9VC0yk\/TgWLpETyMnI\/AAAAAAAAApI\/nt5h8B3B2MI\/s640\/Munich+CSD+2010+042.jpg\" alt=\"rencontre folklorique 2011\" align=\"center\"> <img decoding=\"async\" src=\"http:\/\/www.lafrancolatina.com\/IMG\/jpg\/fidelraul.jpg\" alt=\"rencontre folklorique 2011\" align=\"right\"> Le 29 juillet de la m\u00eame ann\u00e9e, les deux parties paraphaient voir photo en Une la d\u00e9claration solennelle scellant la naissance de la coalition. On apprenait que sur les 65 membres du gouvernement \u00e0 composer, la mouvance kabiliste dont l\u00e9chec est patent se r\u00e9servait 42 postes. Le CACH sest content\u00e9 de 23.  Dirig\u00e9s par deux anciens danseurs solistes, Mme Liubov Nikolaeva et M. Yuri Nikolaev, les danseurs \u00e9voluent au son d instruments traditionnels et de chants folkloriques. Cinq musiciens \u00e0 la dext\u00e9rit\u00e9 impressionnante ont stup\u00e9fait les spectateurs, notamment lors de morceaux tr\u00e8s rapides au sein desquels la balala\u00efka occupe une place importante.  Lapprentissage de la diff\u00e9rence fut rude pour le petit Pascal. Petit, j\u00e9tais isol\u00e9. Dans la cour d\u00e9cole, on me crachait dessus, on brulait mes v\u00eatements. On me battait. Et quand, je rentrais \u00e0 la maison, j\u00e9tais triste. Je ne comprenais pas. Mon p\u00e8re ma dit : Travaille! Ta couleur de peau te permettra de voir ceux qui taiment vraiment. Cela sest heureusement r\u00e9v\u00e9l\u00e9 vrai. A ladolescence dans les ann\u00e9es 60-70, lunion caucase-cocottier selon son expression d\u00e9tonne, car personne ne le situe. \u00c0 l\u00e9poque, avec mon fr\u00e8re, on \u00e9tait presque \u00e0 mettre sous cloche. Jai v\u00e9cu des situations assez croustillantes. On me prenait pour un Arabe, un Alg\u00e9rien ou m\u00eame un Br\u00e9silien. Mais jamais pour un Fran\u00e7ais dorigine antillaise. Faire d\u00e9courvir le folklore western qui comprend lhabillement, la danse et la musique country Normande de naissance, je me suis tout de suite sentie adopt\u00e9e par cette grande famille qui porte la joie, les couleurs et le soleil de Nice de village en village, de ville en ville et dans le monde entier. Vive Nice La Belle. Claudie <img decoding=\"async\" src=\"http:\/\/www.pyulpy.cf\/wp-content\/uploads\/2017\/10\/1001sentiers-1001-enduro-kid-tour-2017_P1170101.jpg\" alt=\"rencontre folklorique 2011\" align=\"center\"> VILNETZ Espagne : Keshenever Bulgar Bulgare de Chi\u015fin\u0103u  Pour moi, Nice la Belle a \u00e9t\u00e9 une histoire de famille qui remonte \u00e0 mon grand-p\u00e8re, ami denfance de Francis Gag. Des parents qui se sont connus au th\u00e9\u00e2tre et la rencontre avec Christian, mon mari. 3 o KHOURY JORDANIE : Bid\u016bn raqs Sans danse ne saura de la vie que les mauvais bruits, les bruits durs? Il naura pas sous sa t\u00eate ces chansons de la Confidentialit\u00e9 Cookies : Ce site utilise des cookies. En continuant \u00e0 utiliser ce site, vous acceptez leur utilisation. Comme chaque ann\u00e9e, Les Villageois ont propos\u00e9 un nouveau spectacle.. Je raconte une histoire, avec un d\u00e9but, un milieu, une fin, avec des personnages que jai rencontr\u00e9s, que jai c\u00f4toy\u00e9s et que jincarne. Je suis Arm\u00e9nien dans la vie, Antillais sur sc\u00e8ne. Ca d\u00e9voile bien la bipolarit\u00e9 du personnage. Sil y avait une morale \u00e0 retenir? Jai \u00e9t\u00e9 ballott\u00e9 entre les deux cultures. Arm\u00e9nien, \u00e7a ne se voit pas. Cest vrai quil y a un d\u00e9lit de faci\u00e8s, on ne voit que le c\u00f4t\u00e9 antillais. Javais envie de r\u00e9tablir la v\u00e9rit\u00e9. Alors, si vous voyez Pascal L\u00e9gitimus chanter, ne vous \u00e9tonnez pas! Danse de la r\u00e9gion Nowy Sacz dans le Sud de la Pologne, cest une danse dans laquelle les danseurs chantent toutes les bonnes choses de la vie : la danse, la boisson, et lamour. Les costumes de laines brod\u00e9es sont typiques de cette r\u00e9gion proche de Cracovie. Les hommes montrent leurs capacit\u00e9s sportives en ex\u00e9cutant le Krakowiak. La partie sup\u00e9rieure dune feuille de LAppel de Cthulhu. La Sant\u00e9 Mentale encadr\u00e9e en rouge y occupe une partie importante. B\u00e9n\u00e9ficiez dune exposition publicitaire mod\u00e9r\u00e9e La traducci\u00f3n del cante conlleva interrogaciones espec\u00edficas tanto sobre el sentido como sobre la forma de los textos. Ser\u00e1 necesario reflexionar sobre las elecciones y prioridades imprescindibles en cuanto a la traducci\u00f3n de niveles de lenguaje, gitanismos, andalucismos, especificidades m\u00e9tricas, criterios de cantabilidad, etc. Impression trompeuse. La m\u00e8re de Pascal L\u00e9gitimus, aujourdhui d\u00e9c\u00e9d\u00e9e, \u00e9tait arm\u00e9nienne et lui se d\u00e9finit maintenant comme Arm\u00e9nien \u00e0 la ville, Antillais sur sc\u00e8ne. Pourquoi alors avoir occult\u00e9 ce c\u00f4t\u00e9-l\u00e0 de sa personnalit\u00e9? Sans doute par pudeur mais aussi par besoin de maturation. Jai \u00e9crit pendant des dizaines dann\u00e9es et je my suis mis s\u00e9rieusement pendant un an. Javais accumul\u00e9 un nombre danecdotes assez importantes sur ce m\u00e9tissage rare. Et javais un point de vue. Jai donc d\u00e9cid\u00e9 de my mettre. La cinquantaine pass\u00e9e, lhumoriste a donc tenu \u00e0 mettre en relief ses diff\u00e9rentes appartenances dans son Alone Man Show, jou\u00e9 en ce moment \u00e0 Paris. Comme le montre la bande-annonce : Pour moi la cuisine cest donner de lamour \u00e0 ceux que jaime. Maman de 3 enfants je partage ici mes petites recettes en pas \u00e0 pas, je vous fais d\u00e9couvrir ma r\u00e9gion la Franche-Comt\u00e9 et la Nature \u00e0 travers la photo, une autre de mes passion. Bienvenue! Dino SALUZZI Anja LECHNER ARGENTINE ALLEMAGNE : Ojos negros Les yeux noirs Ce record de la plus grande danse folklorique au monde efface le pr\u00e9c\u00e9dent exploit r\u00e9alis\u00e9 au m\u00eame endroit en 2011, avec 457 participants. ULISES RUIZ AFP.<\/p>\n","protected":false},"excerpt":{"rendered":"<p>rencontre folklorique 2011<\/p>\n","protected":false},"author":1,"featured_media":0,"comment_status":"closed","ping_status":"closed","sticky":false,"template":"","format":"standard","meta":{"footnotes":""},"categories":[1],"tags":[],"_links":{"self":[{"href":"https:\/\/atombroker.hu\/journal\/wp-json\/wp\/v2\/posts\/3515"}],"collection":[{"href":"https:\/\/atombroker.hu\/journal\/wp-json\/wp\/v2\/posts"}],"about":[{"href":"https:\/\/atombroker.hu\/journal\/wp-json\/wp\/v2\/types\/post"}],"author":[{"embeddable":true,"href":"https:\/\/atombroker.hu\/journal\/wp-json\/wp\/v2\/users\/1"}],"replies":[{"embeddable":true,"href":"https:\/\/atombroker.hu\/journal\/wp-json\/wp\/v2\/comments?post=3515"}],"version-history":[{"count":1,"href":"https:\/\/atombroker.hu\/journal\/wp-json\/wp\/v2\/posts\/3515\/revisions"}],"predecessor-version":[{"id":3516,"href":"https:\/\/atombroker.hu\/journal\/wp-json\/wp\/v2\/posts\/3515\/revisions\/3516"}],"wp:attachment":[{"href":"https:\/\/atombroker.hu\/journal\/wp-json\/wp\/v2\/media?parent=3515"}],"wp:term":[{"taxonomy":"category","embeddable":true,"href":"https:\/\/atombroker.hu\/journal\/wp-json\/wp\/v2\/categories?post=3515"},{"taxonomy":"post_tag","embeddable":true,"href":"https:\/\/atombroker.hu\/journal\/wp-json\/wp\/v2\/tags?post=3515"}],"curies":[{"name":"wp","href":"https:\/\/api.w.org\/{rel}","templated":true}]}}