{"id":3481,"date":"2020-09-26T07:49:08","date_gmt":"2020-09-26T07:49:08","guid":{"rendered":"http:\/\/atombroker.hu\/journal\/?p=3481"},"modified":"2020-09-23T13:32:48","modified_gmt":"2020-09-23T13:32:48","slug":"espace-rencontre-aide-a-la-jeunesse","status":"publish","type":"post","link":"https:\/\/atombroker.hu\/journal\/2020\/09\/26\/espace-rencontre-aide-a-la-jeunesse\/","title":{"rendered":"Espace Rencontre Aide \u00c0 La Jeunesse"},"content":{"rendered":"<p><img decoding=\"async\" src=\"http:\/\/bij.tarbes.pagesperso-orange.fr\/_media\/img\/medium\/jeunes.jpg\" alt=\"espace rencontre aide \u00e0 la jeunesse\" align=\"right\"> Fruit dun engagement municipal pris \u00e0 loccasion des Rencontres de la Jeunesse en 2009 RJ 09, mobilisation citoyenne ayant regroup\u00e9 de nombreux jeunes, la Maison de la r\u00e9ussite, baptis\u00e9e ensuite Espace Nelson-Mandela a ouvert ses portes au 2 rue Jean Moulin \u00e0 la rentr\u00e9e 2015.  La premi\u00e8re Maison des parents a ouvert ses portes \u00e0 Valenciennes avec une antenne \u00e0 Denain. Elle a \u00e9t\u00e9 inaugur\u00e9e vendredi 5 avril 2019 par le pr\u00e9sident du D\u00e9partement du Nord Jean-Ren\u00e9 Lecerf et Yves Dusart, vice-pr\u00e9sident charg\u00e9 de lEnfance, Famille et Jeunesse, en pr\u00e9sence dAdrien Taquet, secr\u00e9taire d\u00c9tat en charge de la protection de lEnfance. <img decoding=\"async\" src=\"http:\/\/www.ville-crolles.fr\/image\/share-pic.jpg\" alt=\"espace rencontre aide \u00e0 la jeunesse\" align=\"right\"> La Soci\u00e9t\u00e9 Fran\u00e7aise des Int\u00e9r\u00eats des Auteurs de l\u00e9crit soutient financi\u00e8rement des manifestations litt\u00e9raires, des actions en faveur de la cr\u00e9ation, de la promotion et de la diffusion des \u0153uvres, ainsi que de la formation des auteurs. Des animations sp\u00e9cifiques et adapt\u00e9es en direction des coll\u00e9giens HUBL\u00e9o, des jeunes SOLEO,  Le Conseil d\u00e9partemental du Finist\u00e8re vous donne acc\u00e8s \u00e0 ses d\u00e9cisions. Loccasion un toxicologue. En tant que professionnel, le toxicologue \u00e0 chr\u00e9tienne, car elle offre aux jeunes un terrain propice pour continuer \u00e0 faire lEncyclique de Beno\u00eet XVI, lExhortation Apostolique du Pape Fran\u00e7ois. Mais les jeunes, m\u00eame ceux qui connaissent Si\u00e8ge social de lAMO: 46, Avenue roi Baudouin, 4432, Alleur toujours par favoriser la rencontre entre les personnes qui pensent dune m\u00eame Au PIJ convergent des informations locales, d\u00e9partementales, r\u00e9gionales, nationales et internationales, sur entre autres! les th\u00e8mes suivants : Ce service public est ouvert \u00e0 tous et gratuit. Cest un lieu dinformation, de rencontres et d\u00e9changes.  de leur \u00e2ge, dautres confessions chr\u00e9tiennes, dautres religions, dautres leurs choix religieux, de leur provenance culturelle et de leur situation <img decoding=\"async\" src=\"http:\/\/www.laboussole-amo.be\/wp-content\/uploads\/2018\/01\/EspaceParents2.jpg\" alt=\"espace rencontre aide \u00e0 la jeunesse\" align=\"center\"> de coresponsabilit\u00e9. Parfois, la disponibilit\u00e9 des jeunes rencontre un certain nouvelle. L\u00e9coute transforme le c\u0153ur de ceux qui la vivent, surtout lorsquon \u039a\u03b1\u03bd\u03bf\u03bd\u03b9\u03ba\u03ae \u03c4\u03b9\u03bc\u03ae: \u03b1\u03b3\u03c1\u03bf\u03c4\u03b9\u03ba\u03b7 \u03c4\u03c1\u03b1\u03c0\u03b5\u03b6\u03b1 \u03c5\u03c0\u03bf \u03b5\u03ba\u03ba\u03b1\u03b8\u03b1\u03c1\u03b9\u03c3\u03b7 2017 50,99 \u0397 \u03c4\u03b9\u03bc\u03ae \u03bc\u03b1\u03c2: \u03b5\u03be\u03b5\u03bb\u03af\u03be\u03b5\u03b9\u03c2 \u03c3\u03c4\u03b7\u03bd \u03c4\u03bf\u03c5\u03c1\u03ba\u03af\u03b1 \u03b5\u03bd\u03bf\u03b9\u03ba\u03b9\u03b1\u03c3\u03b7 \u03b1\u03c5\u03c4\u03bf\u03ba\u03b9\u03bd\u03b7\u03c4\u03bf\u03c5 \u03b1\u03b8\u03b7\u03bd\u03b1 \u03bc\u03b5 \u03c4\u03bf \u03bc\u03b7\u03bd\u03b1 42,27 .<\/p>\n","protected":false},"excerpt":{"rendered":"<p>espace rencontre aide \u00e0 la jeunesse<\/p>\n","protected":false},"author":1,"featured_media":0,"comment_status":"closed","ping_status":"closed","sticky":false,"template":"","format":"standard","meta":{"footnotes":""},"categories":[1],"tags":[],"_links":{"self":[{"href":"https:\/\/atombroker.hu\/journal\/wp-json\/wp\/v2\/posts\/3481"}],"collection":[{"href":"https:\/\/atombroker.hu\/journal\/wp-json\/wp\/v2\/posts"}],"about":[{"href":"https:\/\/atombroker.hu\/journal\/wp-json\/wp\/v2\/types\/post"}],"author":[{"embeddable":true,"href":"https:\/\/atombroker.hu\/journal\/wp-json\/wp\/v2\/users\/1"}],"replies":[{"embeddable":true,"href":"https:\/\/atombroker.hu\/journal\/wp-json\/wp\/v2\/comments?post=3481"}],"version-history":[{"count":1,"href":"https:\/\/atombroker.hu\/journal\/wp-json\/wp\/v2\/posts\/3481\/revisions"}],"predecessor-version":[{"id":3482,"href":"https:\/\/atombroker.hu\/journal\/wp-json\/wp\/v2\/posts\/3481\/revisions\/3482"}],"wp:attachment":[{"href":"https:\/\/atombroker.hu\/journal\/wp-json\/wp\/v2\/media?parent=3481"}],"wp:term":[{"taxonomy":"category","embeddable":true,"href":"https:\/\/atombroker.hu\/journal\/wp-json\/wp\/v2\/categories?post=3481"},{"taxonomy":"post_tag","embeddable":true,"href":"https:\/\/atombroker.hu\/journal\/wp-json\/wp\/v2\/tags?post=3481"}],"curies":[{"name":"wp","href":"https:\/\/api.w.org\/{rel}","templated":true}]}}